{"id":13232,"date":"2024-08-29T17:53:17","date_gmt":"2024-08-29T20:53:17","guid":{"rendered":"https:\/\/guialimeira.com.br\/2024\/08\/29\/oms-anuncia-acordo-com-israel-e-hamas-para-vacinacao-contra-a-polio\/"},"modified":"2024-08-29T17:53:17","modified_gmt":"2024-08-29T20:53:17","slug":"oms-anuncia-acordo-com-israel-e-hamas-para-vacinacao-contra-a-polio","status":"publish","type":"post","link":"https:\/\/guialimeira.com.br\/news\/oms-anuncia-acordo-com-israel-e-hamas-para-vacinacao-contra-a-polio\/","title":{"rendered":"OMS anuncia acordo com Israel e Hamas para vacina\u00e7\u00e3o contra a p\u00f3lio"},"content":{"rendered":"<p> <br \/>\n<\/p>\n<div>\n<p>O representante da Organiza\u00e7\u00e3o Mundial da Sa\u00fade (OMS) na Palestina, Rik Peeperkorn, anunciou nesta quinta-feira (29) um acordo com Israel e o grupo palestino Hamas para permitir a vacina\u00e7\u00e3o de crian\u00e7as contra a poliomielite na Faixa de Gaza. \u201cDiscutimos com autoridades israelenses e concordamos com pausas humanit\u00e1rias por tr\u00eas dias\u201d, disse.<img data-recalc-dims=\"1\" decoding=\"async\" src=\"https:\/\/i0.wp.com\/agenciabrasil.ebc.com.br\/ebc.png?w=696&#038;ssl=1\" style=\"width:1px; height:1px; display:inline;\"\/><img data-recalc-dims=\"1\" decoding=\"async\" src=\"https:\/\/i0.wp.com\/agenciabrasil.ebc.com.br\/ebc.gif?w=696&#038;ssl=1\" style=\"width:1px; height:1px; display:inline;\"\/><\/p>\n<p>\u201cN\u00e3o vou dizer que este \u00e9 o caminho ideal a ser seguido. Mas \u00e9 uma forma vi\u00e1vel de avan\u00e7ar. Precisamos interromper a transmiss\u00e3o de p\u00f3lio em Gaza e fora de Gaza\u201d, refor\u00e7ou Peeperkorn. \u201cClaro que todas as partes ter\u00e3o de se ater a isso. Precisamos garantir que, durante todos esses dias, possamos implementar a campanha em meio \u00e0 pausa humanit\u00e1ria\u201d, acrescentou.<\/p>\n<p>O representante da OMS na Palestina classificou a meta de alcan\u00e7ar pelo menos 90% de cobertura vacinal na regi\u00e3o como ambiciosa. \u201cAs equipes aqui est\u00e3o preparadas para isso. Estamos prontos para agir\u201d, disse Peeperkorn.\u00a0<\/p>\n<p>A campanha contra a p\u00f3lio em Gaza come\u00e7a neste domingo (1\u00ba) e ser\u00e1 conduzida em duas rodadas.<\/p>\n<h2>Caso confirmado<\/h2>\n<p>Na semana passada, a <a href=\"https:\/\/agenciabrasil.ebc.com.br\/saude\/noticia\/2024-08\/oms-confirma-polio-em-bebe-de-10-meses-na-faixa-de-gaza\" target=\"_blank\" rel=\"noopener\">OMS confirmou o primeiro caso de p\u00f3lio na Faixa de Gaza em 25 anos<\/a>. Trata-se de um beb\u00ea de 10 meses que vive na cidade palestina de Deir al-Balah, regi\u00e3o central do territ\u00f3rio, e que n\u00e3o havia recebido nenhuma das doses previstas no esquema vacinal contra a doen\u00e7a.<\/p>\n<p>Em seu perfil na rede social X, o diretor-geral da organiza\u00e7\u00e3o, Tedros Adhanom Ghebreyesus, disse estar \u201cseriamente preocupado\u201d com a confirma\u00e7\u00e3o do caso. \u201cA OMS e seus parceiros trabalharam arduamente para colher e transferir amostras da crian\u00e7a para testagem em um laborat\u00f3rio certificado na regi\u00e3o. O sequenciamento gen\u00f4mico confirmou que o v\u00edrus est\u00e1 ligado \u00e0 variante do poliov\u00edrus tipo 2, detectada em amostras ambientais recolhidas em junho em \u00e1guas residuais de Gaza. A crian\u00e7a, que desenvolveu paralisia na perna esquerda, est\u00e1 em situa\u00e7\u00e3o est\u00e1vel\u201d, disse o diretor-geral.<\/p>\n<h2>Tr\u00e9gua humanit\u00e1ria<\/h2>\n<p>Alguns dias antes, a OMS j\u00e1 havia feito um apelo por uma tr\u00e9gua humanit\u00e1ria em Gaza para que as duas rodadas de vacina\u00e7\u00e3o pudessem acontecer. Em nota, a entidade, junto ao Fundo das Na\u00e7\u00f5es Unidas para a Inf\u00e2ncia (Unicef), pediu que todas as partes envolvidas no conflito implementassem pausas humanit\u00e1rias durante um per\u00edodo de pelo menos sete dias.<\/p>\n<p>\u201cEssas pausas nos combates permitiriam que crian\u00e7as e fam\u00edlias chegassem em seguran\u00e7a \u00e0s unidades de sa\u00fade e que agentes comunit\u00e1rios alcan\u00e7assem crian\u00e7as que n\u00e3o t\u00eam acesso a essas unidades para serem imunizadas contra a poliomielite. Sem as pausas humanit\u00e1rias, a realiza\u00e7\u00e3o das campanhas n\u00e3o ser\u00e1 poss\u00edvel\u201d, apelou a OMS.<\/p>\n<p>A expectativa \u00e9 que, em cada uma das rodadas de vacina\u00e7\u00e3o, mais de 640 mil crian\u00e7as com menos de 10 anos de idade possam receber a vacina oral contra a p\u00f3lio, conhecida popularmente como gotinha.<\/p>\n<h2>Entenda<\/h2>\n<p>O poliov\u00edrus foi detectado em junho em amostras ambientais colhidas na Faixa de Gaza. Desde ent\u00e3o, segundo a OMS, pelo menos tr\u00eas crian\u00e7as apresentaram quadros suspeitos de paralisia fl\u00e1cida aguda, sintoma comum da p\u00f3lio.\u00a0<\/p>\n<p>Amostras de sangue foram colhidas e enviadas para an\u00e1lise laboratorial.<\/p>\n<p>\u201cMais de 1,6 milh\u00e3o de doses da vacina oral, utilizada para interromper a propaga\u00e7\u00e3o do v\u00edrus, ser\u00e3o entregues na Faixa de Gaza. As entregas das vacinas e dos equipamentos de refrigera\u00e7\u00e3o devem passar pelo Aeroporto Ben Gurion [em Israel] antes de serem direcionadas \u00e0 Gaza, no fim de agosto\u201d, informou a entidade.<\/p>\n<p>\u201c\u00c9 essencial que o transporte das doses e dos equipamentos de refrigera\u00e7\u00e3o seja facilitado em todas as etapas dessa jornada, para garantir o recebimento em tempo oportuno, a aprova\u00e7\u00e3o e a libera\u00e7\u00e3o dos insumos em tempo para que a campanha ocorra\u201d, ressaltou a OMS. Ao todo, 708 equipes com cerca de 2,7 mil profissionais de sa\u00fade foram acionadas.<\/p>\n<p>A organiza\u00e7\u00e3o alertou que \u00e9 preciso alcan\u00e7ar uma cobertura vacinal de pelo menos 90% durante cada rodada da campanha para interromper a propaga\u00e7\u00e3o da p\u00f3lio e reduzir o risco do ressurgimento da doen\u00e7a, levando em considera\u00e7\u00e3o \u201csistemas de sa\u00fade, \u00e1gua e saneamento gravemente prejudicados na regi\u00e3o\u201d.<\/p>\n<p>Dados da entidade mostram que a Faixa de Gaza esteve livre da p\u00f3lio pelos \u00faltimos 25 anos. \u201cO ressurgimento da doen\u00e7a, sobre o qual a comunidade humanit\u00e1ria j\u00e1 havia alertado ao longo dos \u00faltimos 10 meses, representa outra amea\u00e7a para as crian\u00e7as em Gaza e em pa\u00edses vizinhos. Um cessar-fogo \u00e9 a \u00fanica forma de garantir a seguran\u00e7a da sa\u00fade p\u00fablica na regi\u00e3o\u201d, alertou a OMS.<\/p>\n<h2>Risco<\/h2>\n<p>Ainda de acordo com a OMS, a Faixa de Gaza mantinha boa cobertura vacinal antes da escalada dos conflitos, em outubro do ano passado. De l\u00e1 para c\u00e1, a vacina\u00e7\u00e3o de rotina foi fortemente impactada \u2013 incluindo a segunda dose da vacina contra a p\u00f3lio, que caiu de 99% em 2022 para menos de 90% em 2023 e no primeiro trimestre de 2024.<\/p>\n<p>\u201cO risco de dissemina\u00e7\u00e3o do v\u00edrus, dentro da Faixa de Gaza e internacionalmente, permanece alto em raz\u00e3o de lacunas na imunidade das crian\u00e7as, provocadas por interrup\u00e7\u00f5es na vacina\u00e7\u00e3o de rotina, dizima\u00e7\u00e3o do sistema de sa\u00fade, deslocamento constante da popula\u00e7\u00e3o, desnutri\u00e7\u00e3o e sistemas de \u00e1gua e saneamento gravemente danificados\u201d, alerta a OMS.<\/p>\n<p>\u201cA situa\u00e7\u00e3o tamb\u00e9m aumentou o risco de propaga\u00e7\u00e3o de outras doen\u00e7as preven\u00edveis \u200b\u200bpor vacina\u00e7\u00e3o, como o sarampo, al\u00e9m de casos de diarreia, infec\u00e7\u00f5es respirat\u00f3rias agudas, hepatite A e doen\u00e7as de pele entre crian\u00e7as\u201d, disse a OMS.<\/p>\n<\/p><\/div>\n<p><br \/>\n<br \/><a href=\"https:\/\/agenciabrasil.ebc.com.br\/internacional\/noticia\/2024-08\/oms-anuncia-acordo-com-israel-e-hamas-para-vacinacao-contra-polio\" rel=\"noopener\">Ag\u00eancia Brasil <\/a><\/p>\n","protected":false},"excerpt":{"rendered":"<p>O representante da Organiza\u00e7\u00e3o Mundial da Sa\u00fade (OMS) na Palestina, Rik Peeperkorn, anunciou nesta quinta-feira (29) um acordo com Israel e o grupo palestino Hamas para permitir a vacina\u00e7\u00e3o de crian\u00e7as contra a poliomielite na Faixa de Gaza. \u201cDiscutimos com autoridades israelenses e concordamos com pausas humanit\u00e1rias por tr\u00eas dias\u201d, disse. \u201cN\u00e3o vou dizer que [&hellip;]<\/p>\n","protected":false},"author":1,"featured_media":13233,"comment_status":"open","ping_status":"open","sticky":false,"template":"","format":"standard","meta":{"_jetpack_newsletter_access":"","_jetpack_dont_email_post_to_subs":false,"_jetpack_newsletter_tier_id":0,"_jetpack_memberships_contains_paywalled_content":false,"_mbp_banners":[],"_jetpack_feature_clip_id":0,"_jetpack_memberships_contains_paid_content":false,"footnotes":"","jetpack_publicize_message":"","jetpack_publicize_feature_enabled":true,"jetpack_social_post_already_shared":true,"jetpack_social_options":{"image_generator_settings":{"template":"highway","default_image_id":0,"font":"","enabled":false},"version":2},"jetpack_post_was_ever_published":false},"categories":[25],"tags":[],"class_list":["post-13232","post","type-post","status-publish","format-standard","has-post-thumbnail","category-internacional"],"jetpack_publicize_connections":[],"jetpack-related-posts":[],"jetpack_shortlink":"https:\/\/wp.me\/p7Eq1F-3rq","jetpack_sharing_enabled":true,"jetpack_featured_media_url":"https:\/\/i0.wp.com\/guialimeira.com.br\/news\/wp-content\/uploads\/2024\/08\/gerra.jpg?fit=1600%2C800&ssl=1","_links":{"self":[{"href":"https:\/\/guialimeira.com.br\/news\/wp-json\/wp\/v2\/posts\/13232","targetHints":{"allow":["GET"]}}],"collection":[{"href":"https:\/\/guialimeira.com.br\/news\/wp-json\/wp\/v2\/posts"}],"about":[{"href":"https:\/\/guialimeira.com.br\/news\/wp-json\/wp\/v2\/types\/post"}],"author":[{"embeddable":true,"href":"https:\/\/guialimeira.com.br\/news\/wp-json\/wp\/v2\/users\/1"}],"replies":[{"embeddable":true,"href":"https:\/\/guialimeira.com.br\/news\/wp-json\/wp\/v2\/comments?post=13232"}],"version-history":[{"count":0,"href":"https:\/\/guialimeira.com.br\/news\/wp-json\/wp\/v2\/posts\/13232\/revisions"}],"wp:featuredmedia":[{"embeddable":true,"href":"https:\/\/guialimeira.com.br\/news\/wp-json\/wp\/v2\/media\/13233"}],"wp:attachment":[{"href":"https:\/\/guialimeira.com.br\/news\/wp-json\/wp\/v2\/media?parent=13232"}],"wp:term":[{"taxonomy":"category","embeddable":true,"href":"https:\/\/guialimeira.com.br\/news\/wp-json\/wp\/v2\/categories?post=13232"},{"taxonomy":"post_tag","embeddable":true,"href":"https:\/\/guialimeira.com.br\/news\/wp-json\/wp\/v2\/tags?post=13232"}],"curies":[{"name":"wp","href":"https:\/\/api.w.org\/{rel}","templated":true}]}}