{"id":13200,"date":"2024-08-29T12:43:04","date_gmt":"2024-08-29T15:43:04","guid":{"rendered":"https:\/\/guialimeira.com.br\/2024\/08\/29\/dengue-brasil-aplicou-2-milhoes-de-total-de-47-milhoes-de-doses\/"},"modified":"2024-08-29T12:43:04","modified_gmt":"2024-08-29T15:43:04","slug":"dengue-brasil-aplicou-2-milhoes-de-total-de-47-milhoes-de-doses","status":"publish","type":"post","link":"https:\/\/guialimeira.com.br\/news\/dengue-brasil-aplicou-2-milhoes-de-total-de-47-milhoes-de-doses\/","title":{"rendered":"Dengue: Brasil aplicou 2 milh\u00f5es de total de 4,7 milh\u00f5es de doses"},"content":{"rendered":"<p> <br \/>\n<\/p>\n<div>\n<p>Das 4.792.411 doses da vacina contra a dengue distribu\u00eddas no Brasil, 2.085.613 foram registradas no sistema e, portanto, aplicadas efetivamente em crian\u00e7as e adolescentes de 10 a 14 anos, p\u00fablico-alvo definido para a campanha. Os n\u00fameros foram apresentados pelo Minist\u00e9rio da Sa\u00fade nesta quinta-feira (29), durante reuni\u00e3o da Comiss\u00e3o Intergestores Tripartite, em Bras\u00edlia.<img data-recalc-dims=\"1\" decoding=\"async\" src=\"https:\/\/i0.wp.com\/agenciabrasil.ebc.com.br\/ebc.png?w=696&#038;ssl=1\" style=\"width:1px; height:1px; display:inline;\"\/><img data-recalc-dims=\"1\" decoding=\"async\" src=\"https:\/\/i0.wp.com\/agenciabrasil.ebc.com.br\/ebc.gif?w=696&#038;ssl=1\" style=\"width:1px; height:1px; display:inline;\"\/><\/p>\n<p>\u201cTemos um quantitativo de aproximadamente cinco milh\u00f5es de doses da vacina que foram distribu\u00eddas nesse per\u00edodo [at\u00e9 21\/8]. H\u00e1 um <em>delay<\/em> em rela\u00e7\u00e3o ao registro das doses aplicadas. Na realidade, esse quantitativo \u00e9 bem maior do que 2,1 milh\u00f5es aproximadamente. Esses n\u00fameros s\u00e3o atualizados semanalmente\u201d, destacou o secret\u00e1rio adjunto da Secretaria de Vigil\u00e2ncia em Sa\u00fade, Rivaldo Ven\u00e2ncio.<\/p>\n<p>Ao todo, 1.921 munic\u00edpios foram selecionados pelo minist\u00e9rio para receber doses da vacina Qdenga, produzida pela farmac\u00eautica japonesa Takeda. A sele\u00e7\u00e3o precisou ser feita em raz\u00e3o da quantidade limitada de imunizantes a serem fornecidos pelo laborat\u00f3rio fabricante. As cidades contempladas em 2024, segundo a pasta, comp\u00f5em regi\u00f5es de sa\u00fade classificadas como end\u00eamicas para a doen\u00e7a.<\/p>\n<p>Apesar de a bula da Qdenga indicar a dose para pessoas com idade entre 4 e 60 anos, o minist\u00e9rio definiu que, no Sistema \u00danico de Sa\u00fade (SUS), o p\u00fablico-alvo, num primeiro momento, incluiria apenas crian\u00e7as e adolescentes de 10 a 14 anos, grupo que concentra maior n\u00famero de hospitaliza\u00e7\u00f5es por dengue, atr\u00e1s apenas dos idosos. A decis\u00e3o foi motivada pelo baixo estoque de doses disponibilizadas.\u00a0<\/p>\n<\/p><\/div>\n<p><br \/>\n<br \/><a href=\"https:\/\/agenciabrasil.ebc.com.br\/saude\/noticia\/2024-08\/dengue-brasil-aplicou-2-milhoes-de-total-de-47-milhoes-de-doses\" rel=\"noopener\">Ag\u00eancia Brasil <\/a><\/p>\n","protected":false},"excerpt":{"rendered":"<p>Das 4.792.411 doses da vacina contra a dengue distribu\u00eddas no Brasil, 2.085.613 foram registradas no sistema e, portanto, aplicadas efetivamente em crian\u00e7as e adolescentes de 10 a 14 anos, p\u00fablico-alvo definido para a campanha. Os n\u00fameros foram apresentados pelo Minist\u00e9rio da Sa\u00fade nesta quinta-feira (29), durante reuni\u00e3o da Comiss\u00e3o Intergestores Tripartite, em Bras\u00edlia. \u201cTemos um [&hellip;]<\/p>\n","protected":false},"author":1,"featured_media":13201,"comment_status":"open","ping_status":"open","sticky":false,"template":"","format":"standard","meta":{"_jetpack_newsletter_access":"","_jetpack_dont_email_post_to_subs":false,"_jetpack_newsletter_tier_id":0,"_jetpack_memberships_contains_paywalled_content":false,"_mbp_banners":[],"_jetpack_feature_clip_id":0,"_jetpack_memberships_contains_paid_content":false,"footnotes":"","jetpack_publicize_message":"","jetpack_publicize_feature_enabled":true,"jetpack_social_post_already_shared":true,"jetpack_social_options":{"image_generator_settings":{"template":"highway","default_image_id":0,"font":"","enabled":false},"version":2},"jetpack_post_was_ever_published":false},"categories":[15],"tags":[],"class_list":["post-13200","post","type-post","status-publish","format-standard","has-post-thumbnail","category-saude"],"jetpack_publicize_connections":[],"jetpack-related-posts":[],"jetpack_shortlink":"https:\/\/wp.me\/p7Eq1F-3qU","jetpack_sharing_enabled":true,"jetpack_featured_media_url":"https:\/\/i0.wp.com\/guialimeira.com.br\/news\/wp-content\/uploads\/2024\/08\/53519259565_854ac7e2fe_o.jpg?fit=1600%2C800&ssl=1","_links":{"self":[{"href":"https:\/\/guialimeira.com.br\/news\/wp-json\/wp\/v2\/posts\/13200","targetHints":{"allow":["GET"]}}],"collection":[{"href":"https:\/\/guialimeira.com.br\/news\/wp-json\/wp\/v2\/posts"}],"about":[{"href":"https:\/\/guialimeira.com.br\/news\/wp-json\/wp\/v2\/types\/post"}],"author":[{"embeddable":true,"href":"https:\/\/guialimeira.com.br\/news\/wp-json\/wp\/v2\/users\/1"}],"replies":[{"embeddable":true,"href":"https:\/\/guialimeira.com.br\/news\/wp-json\/wp\/v2\/comments?post=13200"}],"version-history":[{"count":0,"href":"https:\/\/guialimeira.com.br\/news\/wp-json\/wp\/v2\/posts\/13200\/revisions"}],"wp:featuredmedia":[{"embeddable":true,"href":"https:\/\/guialimeira.com.br\/news\/wp-json\/wp\/v2\/media\/13201"}],"wp:attachment":[{"href":"https:\/\/guialimeira.com.br\/news\/wp-json\/wp\/v2\/media?parent=13200"}],"wp:term":[{"taxonomy":"category","embeddable":true,"href":"https:\/\/guialimeira.com.br\/news\/wp-json\/wp\/v2\/categories?post=13200"},{"taxonomy":"post_tag","embeddable":true,"href":"https:\/\/guialimeira.com.br\/news\/wp-json\/wp\/v2\/tags?post=13200"}],"curies":[{"name":"wp","href":"https:\/\/api.w.org\/{rel}","templated":true}]}}