{"id":1313,"date":"2024-04-09T19:56:59","date_gmt":"2024-04-09T22:56:59","guid":{"rendered":"https:\/\/guialimeira.com.br\/2024\/04\/09\/sabesp-anuncia-aumento-de-64-nas-tarifas-a-partir-de-maio\/"},"modified":"2024-04-09T19:56:59","modified_gmt":"2024-04-09T22:56:59","slug":"sabesp-anuncia-aumento-de-64-nas-tarifas-a-partir-de-maio","status":"publish","type":"post","link":"https:\/\/guialimeira.com.br\/news\/sabesp-anuncia-aumento-de-64-nas-tarifas-a-partir-de-maio\/","title":{"rendered":"Sabesp anuncia aumento de 6,4% nas tarifas a partir de maio"},"content":{"rendered":"<p> <br \/>\n<\/p>\n<div>\n<p>A Companhia de Saneamento B\u00e1sico do Estado de S\u00e3o Paulo (Sabesp) anunciou que foi autorizada pela Ag\u00eancia Reguladora de Servi\u00e7os P\u00fablicos do Estado de S\u00e3o Paulo (Arsesp) a aumentar em 6,44% as tarifas de \u00e1gua e esgoto vigentes. Os novos valores entrar\u00e3o em vigor a partir de 10 de maio. No munic\u00edpio de S\u00e3o Paulo, a tarifa b\u00e1sica passar\u00e1 dos atuais R$ 71,7 para R$ 76,68.<img data-recalc-dims=\"1\" decoding=\"async\" src=\"https:\/\/i0.wp.com\/agenciabrasil.ebc.com.br\/ebc.png?w=696&#038;ssl=1\" style=\"width:1px; height:1px; display:inline;\"\/><img data-recalc-dims=\"1\" decoding=\"async\" src=\"https:\/\/i0.wp.com\/agenciabrasil.ebc.com.br\/ebc.gif?w=696&#038;ssl=1\" style=\"width:1px; height:1px; display:inline;\"\/><\/p>\n<p>A eleva\u00e7\u00e3o da tarifa ocorre em meio ao processo de privatiza\u00e7\u00e3o da companhia. O Projeto de Lei que prop\u00f4s a privatiza\u00e7\u00e3o da empresa p\u00fablica foi aprovado pelos deputados da Assembleia Legislativa do Estado de S\u00e3o Paulo em dezembro de 2023 e sancionado pelo governador Tarc\u00edsio de Freitas no mesmo m\u00eas.<\/p>\n<p>No entanto, em S\u00e3o Paulo, na maior cidade atendida pela Sabesp, a C\u00e2mara dos Vereadores ainda n\u00e3o aprovou a continuidade dos contratos com a companhia, em caso de privatiza\u00e7\u00e3o. Ontem o Projeto de Lei 163\/2024, de autoria do executivo, que possibilita a ades\u00e3o da capital \u00e0 privatiza\u00e7\u00e3o, teve sua legalidade aprovada, por cinco votos a tr\u00eas, pela Comiss\u00e3o de Constitui\u00e7\u00e3o, Justi\u00e7a e Legisla\u00e7\u00e3o Participativa.\u00a0<\/p>\n<p>Por\u00e9m, o presidente da Casa, Milton Leite (Uni\u00e3o Brasil), disse n\u00e3o ter certeza se o projeto teria os votos necess\u00e1rios para ser aprovado em plen\u00e1rio.\u00a0<\/p>\n<p>Atualmente, metade das a\u00e7\u00f5es da empresa est\u00e1 sob controle privado, sendo que parte \u00e9 negociada na bolsa de valores B3 e parte na Bolsa de Valores de Nova York, nos Estados Unidos. O governo de S\u00e3o Paulo \u00e9 o acionista majorit\u00e1rio, com 50,3% do controle da empresa. O projeto, j\u00e1 aprovado na Alesp, prev\u00ea a venda da maior parte dessas a\u00e7\u00f5es, com o governo mantendo poder de veto em algumas decis\u00f5es.<\/p>\n<p>Em 2022, a empresa registrou lucro de R$ 3,1 bilh\u00f5es. Desse montante, 25% foram revertidos como dividendos aos acionistas, R$ 741,3 milh\u00f5es e R$ 5,4 bilh\u00f5es, destinados a investimentos. Atendendo, 375 munic\u00edpios com 28 milh\u00f5es de clientes, o valor de mercado da empresa chegou, em 2022, a R$ 39,1 bilh\u00f5es.<\/p>\n<\/p><\/div>\n<p><br \/>\n<br \/><a href=\"https:\/\/agenciabrasil.ebc.com.br\/geral\/noticia\/2024-04\/sabesp-anuncia-aumento-de-64-nas-tarifas-partir-de-maio\" rel=\"noopener\">Ag\u00eancia Brasil<\/a><\/p>\n","protected":false},"excerpt":{"rendered":"<p>A Companhia de Saneamento B\u00e1sico do Estado de S\u00e3o Paulo (Sabesp) anunciou que foi autorizada pela Ag\u00eancia Reguladora de Servi\u00e7os P\u00fablicos do Estado de S\u00e3o Paulo (Arsesp) a aumentar em 6,44% as tarifas de \u00e1gua e esgoto vigentes. Os novos valores entrar\u00e3o em vigor a partir de 10 de maio. No munic\u00edpio de S\u00e3o Paulo, [&hellip;]<\/p>\n","protected":false},"author":1,"featured_media":1314,"comment_status":"open","ping_status":"open","sticky":false,"template":"","format":"standard","meta":{"_jetpack_newsletter_access":"","_jetpack_dont_email_post_to_subs":false,"_jetpack_newsletter_tier_id":0,"_jetpack_memberships_contains_paywalled_content":false,"_mbp_banners":[],"_jetpack_feature_clip_id":0,"_jetpack_memberships_contains_paid_content":false,"footnotes":"","jetpack_publicize_message":"","jetpack_publicize_feature_enabled":true,"jetpack_social_post_already_shared":true,"jetpack_social_options":{"image_generator_settings":{"template":"highway","default_image_id":0,"font":"","enabled":false},"version":2},"jetpack_post_was_ever_published":false},"categories":[1],"tags":[],"class_list":["post-1313","post","type-post","status-publish","format-standard","has-post-thumbnail","category-geral"],"jetpack_publicize_connections":[],"jetpack-related-posts":[],"jetpack_shortlink":"https:\/\/wp.me\/p7Eq1F-lb","jetpack_sharing_enabled":true,"jetpack_featured_media_url":"https:\/\/i0.wp.com\/guialimeira.com.br\/news\/wp-content\/uploads\/2024\/04\/2022-06-15t222320z_1_lynxmpei5e114_rtroptp_4_usa-epa-pfas.jpg?fit=1600%2C800&ssl=1","_links":{"self":[{"href":"https:\/\/guialimeira.com.br\/news\/wp-json\/wp\/v2\/posts\/1313","targetHints":{"allow":["GET"]}}],"collection":[{"href":"https:\/\/guialimeira.com.br\/news\/wp-json\/wp\/v2\/posts"}],"about":[{"href":"https:\/\/guialimeira.com.br\/news\/wp-json\/wp\/v2\/types\/post"}],"author":[{"embeddable":true,"href":"https:\/\/guialimeira.com.br\/news\/wp-json\/wp\/v2\/users\/1"}],"replies":[{"embeddable":true,"href":"https:\/\/guialimeira.com.br\/news\/wp-json\/wp\/v2\/comments?post=1313"}],"version-history":[{"count":0,"href":"https:\/\/guialimeira.com.br\/news\/wp-json\/wp\/v2\/posts\/1313\/revisions"}],"wp:featuredmedia":[{"embeddable":true,"href":"https:\/\/guialimeira.com.br\/news\/wp-json\/wp\/v2\/media\/1314"}],"wp:attachment":[{"href":"https:\/\/guialimeira.com.br\/news\/wp-json\/wp\/v2\/media?parent=1313"}],"wp:term":[{"taxonomy":"category","embeddable":true,"href":"https:\/\/guialimeira.com.br\/news\/wp-json\/wp\/v2\/categories?post=1313"},{"taxonomy":"post_tag","embeddable":true,"href":"https:\/\/guialimeira.com.br\/news\/wp-json\/wp\/v2\/tags?post=1313"}],"curies":[{"name":"wp","href":"https:\/\/api.w.org\/{rel}","templated":true}]}}