{"id":13123,"date":"2024-08-28T13:19:56","date_gmt":"2024-08-28T16:19:56","guid":{"rendered":"https:\/\/guialimeira.com.br\/2024\/08\/28\/creches-e-escola-de-educacao-infantil-devem-promover-aleitamento\/"},"modified":"2024-08-28T13:19:56","modified_gmt":"2024-08-28T16:19:56","slug":"creches-e-escola-de-educacao-infantil-devem-promover-aleitamento","status":"publish","type":"post","link":"https:\/\/guialimeira.com.br\/news\/creches-e-escola-de-educacao-infantil-devem-promover-aleitamento\/","title":{"rendered":"Creches e escola de educa\u00e7\u00e3o infantil devem promover aleitamento"},"content":{"rendered":"<p> <br \/>\n<\/p>\n<div>\n<p>No Agosto Dourado, m\u00eas de conscientiza\u00e7\u00e3o sobre a import\u00e2ncia da amamenta\u00e7\u00e3o, a C\u00e2mara de Vereadores do Rio de Janeiro derrubou, nessa ter\u00e7a-feira (27), o <a href=\"https:\/\/aplicnt.camara.rj.gov.br\/APL\/Legislativos\/scpro2124.nsf\/ab87ae0e15e7dddd0325863200569395\/6f8784b4f0e96bb003258b48004547de?OpenDocument\" target=\"_blank\" rel=\"noopener\">veto total<\/a>\u00a0do Poder Executivo ao projeto\u00a0 de lei <a href=\"https:\/\/aplicnt.camara.rj.gov.br\/APL\/Legislativos\/scpro2124.nsf\/a6cd246684502db90325863200569384\/bfb0f57f344ce79603258a36006308c8?OpenDocument\" target=\"_blank\" rel=\"noopener\">PL 2458\/2023<\/a>, que estabelece diretrizes para a oferta de leite materno nos Espa\u00e7os de Desenvolvimento Infantil (EDIs) e nas creches p\u00fablicas e particulares da cidade. O projeto segue agora para promulga\u00e7\u00e3o pela presid\u00eancia da casa, quando passar\u00e1 a valer como lei.<img data-recalc-dims=\"1\" decoding=\"async\" src=\"https:\/\/i0.wp.com\/agenciabrasil.ebc.com.br\/ebc.png?w=696&#038;ssl=1\" style=\"width:1px; height:1px; display:inline;\"\/><img data-recalc-dims=\"1\" decoding=\"async\" src=\"https:\/\/i0.wp.com\/agenciabrasil.ebc.com.br\/ebc.gif?w=696&#038;ssl=1\" style=\"width:1px; height:1px; display:inline;\"\/><\/p>\n<p>O objetivo \u00e9 facilitar a continuidade do aleitamento materno de crian\u00e7as matriculadas nas institui\u00e7\u00f5es. Para isso, dever\u00e3o ser viabilizadas condi\u00e7\u00f5es adequadas para que o leite materno seja acondicionado de maneira segura antes de ser oferecido a uma crian\u00e7a. Pela n\u00e3o exist\u00eancia desta oferta, muitas m\u00e3es se veem obrigadas a retornar do trabalho para amamentar seus filhos.\u00a0<\/p>\n<p>De acordo com a proposta, os Espa\u00e7os de Desenvolvimento Infantil e as creches p\u00fablicas e privadas &#8211; com ou sem ber\u00e7\u00e1rio &#8211; ficam obrigadas a implantar ambiente adequado para manipula\u00e7\u00e3o, armazenamento e distribui\u00e7\u00e3o de leite ordenhado, incluindo\u00a0recep\u00e7\u00e3o, limpeza, esteriliza\u00e7\u00e3o e distribui\u00e7\u00e3o de utens\u00edlios.\u00a0<\/p>\n<p>O leite humano \u00e9 capaz de reduzir em at\u00e9 14% a mortalidade de crian\u00e7as menores de cinco anos por causas evit\u00e1veis. Al\u00e9m disso, a amamenta\u00e7\u00e3o proporciona diminui\u00e7\u00e3o na ocorr\u00eancia de diarreias, infec\u00e7\u00f5es respirat\u00f3rias e alergias na inf\u00e2ncia, al\u00e9m de prevenir hipertens\u00e3o, diabetes e obesidade em fases futuras da vida.<\/p>\n<h2>Preven\u00e7\u00e3o<\/h2>\n<p>Para as mulheres, a amamenta\u00e7\u00e3o contribui para a preven\u00e7\u00e3o ao c\u00e2ncer de mama e de ov\u00e1rio, al\u00e9m de configurar uma pr\u00e1tica fortalecedora do v\u00ednculo afetivo entre m\u00e3e e filho. A Organiza\u00e7\u00e3o Mundial de Sa\u00fade (OMS) escolheu a cor dourada para a campanha, que foi institu\u00edda no pa\u00eds pela <a href=\"https:\/\/www.planalto.gov.br\/ccivil_03\/_ato2015-2018\/2017\/lei\/l13435.htm\" target=\"_blank\" rel=\"noopener\">Lei Federal 13.345\/2017.\u00a0<\/a><\/p>\n<p>A\u00a0Agenda 2030 da Organiza\u00e7\u00e3o das Na\u00e7\u00f5es Unidas (ONU) recomenda\u00a0que o aleitamento materno seja praticado at\u00e9 os dois anos de vida ou mais da crian\u00e7a, devendo ser o alimento exclusivo dos beb\u00eas nos primeiros seis meses.<\/p>\n<p>Entretanto, a preval\u00eancia do Aleitamento Materno Exclusivo (AME) no Brasil ainda est\u00e1 abaixo das estimativas da OMS. Na regi\u00e3o Sudeste, segundo o Estudo Nacional de Alimenta\u00e7\u00e3o Infantil (Enani-2019), apenas 28,1% das crian\u00e7as entre quatro e cinco meses t\u00eam aleitamento materno de forma exclusiva.<\/p>\n<\/p><\/div>\n<p><br \/>\n<br \/><a href=\"https:\/\/agenciabrasil.ebc.com.br\/saude\/noticia\/2024-08\/creches-e-escola-de-educacao-infantil-devem-promover-aleitamento\" rel=\"noopener\">Ag\u00eancia Brasil <\/a><\/p>\n","protected":false},"excerpt":{"rendered":"<p>No Agosto Dourado, m\u00eas de conscientiza\u00e7\u00e3o sobre a import\u00e2ncia da amamenta\u00e7\u00e3o, a C\u00e2mara de Vereadores do Rio de Janeiro derrubou, nessa ter\u00e7a-feira (27), o veto total\u00a0do Poder Executivo ao projeto\u00a0 de lei PL 2458\/2023, que estabelece diretrizes para a oferta de leite materno nos Espa\u00e7os de Desenvolvimento Infantil (EDIs) e nas creches p\u00fablicas e particulares [&hellip;]<\/p>\n","protected":false},"author":1,"featured_media":11248,"comment_status":"open","ping_status":"open","sticky":false,"template":"","format":"standard","meta":{"_jetpack_newsletter_access":"","_jetpack_dont_email_post_to_subs":false,"_jetpack_newsletter_tier_id":0,"_jetpack_memberships_contains_paywalled_content":false,"_mbp_banners":[],"_jetpack_feature_clip_id":0,"_jetpack_memberships_contains_paid_content":false,"footnotes":"","jetpack_publicize_message":"","jetpack_publicize_feature_enabled":true,"jetpack_social_post_already_shared":true,"jetpack_social_options":{"image_generator_settings":{"template":"highway","default_image_id":0,"font":"","enabled":false},"version":2},"jetpack_post_was_ever_published":false},"categories":[15],"tags":[],"class_list":["post-13123","post","type-post","status-publish","format-standard","has-post-thumbnail","category-saude"],"jetpack_publicize_connections":[],"jetpack-related-posts":[],"jetpack_shortlink":"https:\/\/wp.me\/p7Eq1F-3pF","jetpack_sharing_enabled":true,"jetpack_featured_media_url":"https:\/\/i0.wp.com\/guialimeira.com.br\/news\/wp-content\/uploads\/2024\/07\/ffraz_abr20180811_1304.jpg?fit=1600%2C800&ssl=1","_links":{"self":[{"href":"https:\/\/guialimeira.com.br\/news\/wp-json\/wp\/v2\/posts\/13123","targetHints":{"allow":["GET"]}}],"collection":[{"href":"https:\/\/guialimeira.com.br\/news\/wp-json\/wp\/v2\/posts"}],"about":[{"href":"https:\/\/guialimeira.com.br\/news\/wp-json\/wp\/v2\/types\/post"}],"author":[{"embeddable":true,"href":"https:\/\/guialimeira.com.br\/news\/wp-json\/wp\/v2\/users\/1"}],"replies":[{"embeddable":true,"href":"https:\/\/guialimeira.com.br\/news\/wp-json\/wp\/v2\/comments?post=13123"}],"version-history":[{"count":0,"href":"https:\/\/guialimeira.com.br\/news\/wp-json\/wp\/v2\/posts\/13123\/revisions"}],"wp:featuredmedia":[{"embeddable":true,"href":"https:\/\/guialimeira.com.br\/news\/wp-json\/wp\/v2\/media\/11248"}],"wp:attachment":[{"href":"https:\/\/guialimeira.com.br\/news\/wp-json\/wp\/v2\/media?parent=13123"}],"wp:term":[{"taxonomy":"category","embeddable":true,"href":"https:\/\/guialimeira.com.br\/news\/wp-json\/wp\/v2\/categories?post=13123"},{"taxonomy":"post_tag","embeddable":true,"href":"https:\/\/guialimeira.com.br\/news\/wp-json\/wp\/v2\/tags?post=13123"}],"curies":[{"name":"wp","href":"https:\/\/api.w.org\/{rel}","templated":true}]}}