{"id":13121,"date":"2024-08-28T12:19:00","date_gmt":"2024-08-28T15:19:00","guid":{"rendered":"https:\/\/guialimeira.com.br\/2024\/08\/28\/centro-detecta-aumento-na-taxa-de-positividade-para-covid-no-rio\/"},"modified":"2024-08-28T12:19:00","modified_gmt":"2024-08-28T15:19:00","slug":"centro-detecta-aumento-na-taxa-de-positividade-para-covid-no-rio","status":"publish","type":"post","link":"https:\/\/guialimeira.com.br\/news\/centro-detecta-aumento-na-taxa-de-positividade-para-covid-no-rio\/","title":{"rendered":"Centro detecta aumento na taxa de positividade para covid no Rio"},"content":{"rendered":"<p> <br \/>\n<\/p>\n<div>\n<p>A Secretaria de Estado de Sa\u00fade do Rio de Janeiro (SES-RJ) retomou, nesta ter\u00e7a-feira (27), a divulga\u00e7\u00e3o do Panorama da Covid-19, em raz\u00e3o do aumento nos indicadores da covid-19 detectado pelo Centro de Intelig\u00eancia em Sa\u00fade do estado (CIS-RJ). Os dados registrados nas semanas epidemiol\u00f3gicas SE 29 a SE 33, que compreendem o per\u00edodo de 14 de julho a 17 de agosto, apontam alta sustentada a partir da SE 29 em indicadores como a taxa de positividade, al\u00e9m de crescimento dos atendimentos em unidades de Pronto Atendimento (UPA).<img data-recalc-dims=\"1\" decoding=\"async\" src=\"https:\/\/i0.wp.com\/agenciabrasil.ebc.com.br\/ebc.png?w=696&#038;ssl=1\" style=\"width:1px; height:1px; display:inline;\"\/><img data-recalc-dims=\"1\" decoding=\"async\" src=\"https:\/\/i0.wp.com\/agenciabrasil.ebc.com.br\/ebc.gif?w=696&#038;ssl=1\" style=\"width:1px; height:1px; display:inline;\"\/><\/p>\n<p>Os indicadores precoces, como positividade e procura nas UPAs, por exemplo,\u00a0 sinalizam o aumento de casos antes mesmo da eleva\u00e7\u00e3o registrada nos sistemas de informa\u00e7\u00e3o.\u00a0<\/p>\n<p>Em rela\u00e7\u00e3o \u00e0 taxa de positividade, foi registrado aumento de 3% na Semana Epidemiol\u00f3gica (SE) 29 para 8% na SE 33, com um pico de 11% na SE 32.\u00a0<\/p>\n<p>Sobre os atendimentos em adultos nas UPAs do estado, houve crescimento de 239 casos na SE 29 para 480 na SE 33. A eleva\u00e7\u00e3o tamb\u00e9m se mant\u00e9m quando se refere a crian\u00e7as atendidas. Na SE 29, foram 117 atendimentos, enquanto na SE 33, chegaram a 367.<\/p>\n<p>\u201c\u00c9 muito importante que a popula\u00e7\u00e3o esteja imunizada contra a covid. As vacinas est\u00e3o dispon\u00edveis nos postos de sa\u00fade. A higieniza\u00e7\u00e3o correta das m\u00e3os \u00e9 um gesto simples e fundamental nessa preven\u00e7\u00e3o. Em caso de sintomas de gripe, use m\u00e1scara e se houver falta de ar, febre, tosse seca, dor de garganta, procure uma unidade de sa\u00fade\u201d, orienta a secret\u00e1ria de Sa\u00fade, Claudia Mello.<\/p>\n<p>Para consultar o Panorama Covid e outras informa\u00e7\u00f5es, como n\u00famero de interna\u00e7\u00f5es, \u00f3bitos e taxa de cobertura vacinal, basta acessar o <a href=\"https:\/\/cisshiny.saude.rj.gov.br\/covid\/\" target=\"_blank\" rel=\"noopener\">Painel de Monitoramento da Covid-19<\/a>.<\/p>\n<\/p><\/div>\n<p><br \/>\n<br \/><a href=\"https:\/\/agenciabrasil.ebc.com.br\/saude\/noticia\/2024-08\/centro-detecta-aumento-na-taxa-de-positividade-para-covid-no-rio\" rel=\"noopener\">Ag\u00eancia Brasil <\/a><\/p>\n","protected":false},"excerpt":{"rendered":"<p>A Secretaria de Estado de Sa\u00fade do Rio de Janeiro (SES-RJ) retomou, nesta ter\u00e7a-feira (27), a divulga\u00e7\u00e3o do Panorama da Covid-19, em raz\u00e3o do aumento nos indicadores da covid-19 detectado pelo Centro de Intelig\u00eancia em Sa\u00fade do estado (CIS-RJ). Os dados registrados nas semanas epidemiol\u00f3gicas SE 29 a SE 33, que compreendem o per\u00edodo de [&hellip;]<\/p>\n","protected":false},"author":1,"featured_media":2917,"comment_status":"open","ping_status":"open","sticky":false,"template":"","format":"standard","meta":{"_jetpack_newsletter_access":"","_jetpack_dont_email_post_to_subs":false,"_jetpack_newsletter_tier_id":0,"_jetpack_memberships_contains_paywalled_content":false,"_mbp_banners":[],"_jetpack_feature_clip_id":0,"_jetpack_memberships_contains_paid_content":false,"footnotes":"","jetpack_publicize_message":"","jetpack_publicize_feature_enabled":true,"jetpack_social_post_already_shared":true,"jetpack_social_options":{"image_generator_settings":{"template":"highway","default_image_id":0,"font":"","enabled":false},"version":2},"jetpack_post_was_ever_published":false},"categories":[15],"tags":[],"class_list":["post-13121","post","type-post","status-publish","format-standard","has-post-thumbnail","category-saude"],"jetpack_publicize_connections":[],"jetpack-related-posts":[],"jetpack_shortlink":"https:\/\/wp.me\/p7Eq1F-3pD","jetpack_sharing_enabled":true,"jetpack_featured_media_url":"https:\/\/i0.wp.com\/guialimeira.com.br\/news\/wp-content\/uploads\/2024\/04\/dsc8066.jpg?fit=1600%2C800&ssl=1","_links":{"self":[{"href":"https:\/\/guialimeira.com.br\/news\/wp-json\/wp\/v2\/posts\/13121","targetHints":{"allow":["GET"]}}],"collection":[{"href":"https:\/\/guialimeira.com.br\/news\/wp-json\/wp\/v2\/posts"}],"about":[{"href":"https:\/\/guialimeira.com.br\/news\/wp-json\/wp\/v2\/types\/post"}],"author":[{"embeddable":true,"href":"https:\/\/guialimeira.com.br\/news\/wp-json\/wp\/v2\/users\/1"}],"replies":[{"embeddable":true,"href":"https:\/\/guialimeira.com.br\/news\/wp-json\/wp\/v2\/comments?post=13121"}],"version-history":[{"count":0,"href":"https:\/\/guialimeira.com.br\/news\/wp-json\/wp\/v2\/posts\/13121\/revisions"}],"wp:featuredmedia":[{"embeddable":true,"href":"https:\/\/guialimeira.com.br\/news\/wp-json\/wp\/v2\/media\/2917"}],"wp:attachment":[{"href":"https:\/\/guialimeira.com.br\/news\/wp-json\/wp\/v2\/media?parent=13121"}],"wp:term":[{"taxonomy":"category","embeddable":true,"href":"https:\/\/guialimeira.com.br\/news\/wp-json\/wp\/v2\/categories?post=13121"},{"taxonomy":"post_tag","embeddable":true,"href":"https:\/\/guialimeira.com.br\/news\/wp-json\/wp\/v2\/tags?post=13121"}],"curies":[{"name":"wp","href":"https:\/\/api.w.org\/{rel}","templated":true}]}}