{"id":1307,"date":"2024-04-09T19:19:42","date_gmt":"2024-04-09T22:19:42","guid":{"rendered":"https:\/\/guialimeira.com.br\/2024\/04\/09\/pgr-defende-que-representantes-da-x-no-brasil-sejam-ouvidos-sobre-musk\/"},"modified":"2024-04-09T19:19:42","modified_gmt":"2024-04-09T22:19:42","slug":"pgr-defende-que-representantes-da-x-no-brasil-sejam-ouvidos-sobre-musk","status":"publish","type":"post","link":"https:\/\/guialimeira.com.br\/news\/pgr-defende-que-representantes-da-x-no-brasil-sejam-ouvidos-sobre-musk\/","title":{"rendered":"PGR defende que representantes da X no Brasil sejam ouvidos sobre Musk"},"content":{"rendered":"<p> <br \/>\n<\/p>\n<div>\n<p>O procurador-geral da Rep\u00fablica, Paulo Gonet, defendeu nesta ter\u00e7a-feira (9) no Supremo Tribunal Federal (STF) que representantes da rede social X no Brasil sejam ouvidos no inqu\u00e9rito aberto contra o empres\u00e1rio norte-americano Elon Musk, propriet\u00e1rio da empresa.<img data-recalc-dims=\"1\" decoding=\"async\" src=\"https:\/\/i0.wp.com\/agenciabrasil.ebc.com.br\/ebc.png?w=696&#038;ssl=1\" style=\"width:1px; height:1px; display:inline;\"\/><img data-recalc-dims=\"1\" decoding=\"async\" src=\"https:\/\/i0.wp.com\/agenciabrasil.ebc.com.br\/ebc.gif?w=696&#038;ssl=1\" style=\"width:1px; height:1px; display:inline;\"\/><\/p>\n<p>Em parecer enviado ao ministro Alexandre de Moraes, Gonet disse que \u00e9 preciso esclarecer se Musk tem poderes para determinar a publica\u00e7\u00e3o de postagens.<\/p>\n<p>&#8220;O Minist\u00e9rio P\u00fablico Federal entende pertinente que os representantes legais da rede X no Brasil sejam ouvidos para esclarecer se Elon Musk det\u00e9m, nos temos dos estatutos da empresa, atribui\u00e7\u00e3o para determinar a publica\u00e7\u00e3o de postagens na rede referida e se o fez, efetivamente, com rela\u00e7\u00e3o a perfis vedados por determina\u00e7\u00e3o judicial brasileira em vigor&#8221;, afirmou Gonet.<\/p>\n<p>Mais cedo, Moraes negou pedido da rede X para isentar sua representa\u00e7\u00e3o brasileira de ser afetada por decis\u00f5es judiciais tomadas no Brasil. A empresa queria que somente a sede internacional respondesse em poss\u00edveis processos.<\/p>\n<p>No \u00faltimo final de semana, Moraes abriu um inqu\u00e9rito para investigar o empres\u00e1rio Elon Musk. Em postagens publicadas na plataforma, Musk criticou o ministro Alexandre de Moraes e a Corte, al\u00e9m de sugerir que iria desobedecer ordens judiciais contra a plataforma.<\/p>\n<\/p><\/div>\n<p><br \/>\n<br \/><a href=\"https:\/\/agenciabrasil.ebc.com.br\/justica\/noticia\/2024-04\/pgr-defende-que-representantes-da-x-no-brasil-sejam-ouvidos-sobre-musk\" rel=\"noopener\">Ag\u00eancia Brasil<\/a><\/p>\n","protected":false},"excerpt":{"rendered":"<p>O procurador-geral da Rep\u00fablica, Paulo Gonet, defendeu nesta ter\u00e7a-feira (9) no Supremo Tribunal Federal (STF) que representantes da rede social X no Brasil sejam ouvidos no inqu\u00e9rito aberto contra o empres\u00e1rio norte-americano Elon Musk, propriet\u00e1rio da empresa. Em parecer enviado ao ministro Alexandre de Moraes, Gonet disse que \u00e9 preciso esclarecer se Musk tem poderes [&hellip;]<\/p>\n","protected":false},"author":1,"featured_media":1308,"comment_status":"open","ping_status":"open","sticky":false,"template":"","format":"standard","meta":{"_jetpack_newsletter_access":"","_jetpack_dont_email_post_to_subs":false,"_jetpack_newsletter_tier_id":0,"_jetpack_memberships_contains_paywalled_content":false,"_mbp_banners":[],"_jetpack_feature_clip_id":0,"_jetpack_memberships_contains_paid_content":false,"footnotes":"","jetpack_publicize_message":"","jetpack_publicize_feature_enabled":true,"jetpack_social_post_already_shared":true,"jetpack_social_options":{"image_generator_settings":{"template":"highway","default_image_id":0,"font":"","enabled":false},"version":2},"jetpack_post_was_ever_published":false},"categories":[22],"tags":[],"class_list":["post-1307","post","type-post","status-publish","format-standard","has-post-thumbnail","category-nacional"],"jetpack_publicize_connections":[],"jetpack-related-posts":[],"jetpack_shortlink":"https:\/\/wp.me\/p7Eq1F-l5","jetpack_sharing_enabled":true,"jetpack_featured_media_url":"https:\/\/i0.wp.com\/guialimeira.com.br\/news\/wp-content\/uploads\/2024\/04\/lula1084-10.jpg?fit=1600%2C800&ssl=1","_links":{"self":[{"href":"https:\/\/guialimeira.com.br\/news\/wp-json\/wp\/v2\/posts\/1307","targetHints":{"allow":["GET"]}}],"collection":[{"href":"https:\/\/guialimeira.com.br\/news\/wp-json\/wp\/v2\/posts"}],"about":[{"href":"https:\/\/guialimeira.com.br\/news\/wp-json\/wp\/v2\/types\/post"}],"author":[{"embeddable":true,"href":"https:\/\/guialimeira.com.br\/news\/wp-json\/wp\/v2\/users\/1"}],"replies":[{"embeddable":true,"href":"https:\/\/guialimeira.com.br\/news\/wp-json\/wp\/v2\/comments?post=1307"}],"version-history":[{"count":0,"href":"https:\/\/guialimeira.com.br\/news\/wp-json\/wp\/v2\/posts\/1307\/revisions"}],"wp:featuredmedia":[{"embeddable":true,"href":"https:\/\/guialimeira.com.br\/news\/wp-json\/wp\/v2\/media\/1308"}],"wp:attachment":[{"href":"https:\/\/guialimeira.com.br\/news\/wp-json\/wp\/v2\/media?parent=1307"}],"wp:term":[{"taxonomy":"category","embeddable":true,"href":"https:\/\/guialimeira.com.br\/news\/wp-json\/wp\/v2\/categories?post=1307"},{"taxonomy":"post_tag","embeddable":true,"href":"https:\/\/guialimeira.com.br\/news\/wp-json\/wp\/v2\/tags?post=1307"}],"curies":[{"name":"wp","href":"https:\/\/api.w.org\/{rel}","templated":true}]}}