{"id":13064,"date":"2024-08-27T15:02:58","date_gmt":"2024-08-27T18:02:58","guid":{"rendered":"https:\/\/guialimeira.com.br\/2024\/08\/27\/reforma-do-judiciario-com-eleicao-direta-para-juizes-avanca-no-mexico\/"},"modified":"2024-08-27T15:02:58","modified_gmt":"2024-08-27T18:02:58","slug":"reforma-do-judiciario-com-eleicao-direta-para-juizes-avanca-no-mexico","status":"publish","type":"post","link":"https:\/\/guialimeira.com.br\/news\/reforma-do-judiciario-com-eleicao-direta-para-juizes-avanca-no-mexico\/","title":{"rendered":"Reforma do Judici\u00e1rio com elei\u00e7\u00e3o direta para ju\u00edzes avan\u00e7a no M\u00e9xico"},"content":{"rendered":"<p> <br \/>\n<\/p>\n<div>\n<p>A Comiss\u00e3o para Assuntos Constitucionais do M\u00e9xico aprovou, nesta segunda-feira (26), a pol\u00eamica reforma do Judici\u00e1rio promovida pelo governo de Manuel Andr\u00e9s Lopez Obrador, que prev\u00ea, entre outras mudan\u00e7as, a elei\u00e7\u00e3o direta para ju\u00edzes, magistrados do Judici\u00e1rio e para ministros da Suprema Corte do pa\u00eds.<img data-recalc-dims=\"1\" decoding=\"async\" src=\"https:\/\/i0.wp.com\/agenciabrasil.ebc.com.br\/ebc.png?w=696&#038;ssl=1\" style=\"width:1px; height:1px; display:inline;\"\/><img data-recalc-dims=\"1\" decoding=\"async\" src=\"https:\/\/i0.wp.com\/agenciabrasil.ebc.com.br\/ebc.gif?w=696&#038;ssl=1\" style=\"width:1px; height:1px; display:inline;\"\/><\/p>\n<p>A expectativa \u00e9 de que o novo Parlamento, que toma posse em setembro, com maioria governista, aprove a reforma defendida pelo governo do partido Morena, que tamb\u00e9m venceu \u00e0s elei\u00e7\u00f5es presidenciais em junho, com a vit\u00f3ria da <a href=\"https:\/\/agenciabrasil.ebc.com.br\/internacional\/noticia\/2024-06\/mexicanos-devem-eleger-1o-mulher-presidente-neste-domingo\" target=\"_blank\" rel=\"noopener\">primeira mulher presidente do pa\u00eds, Claudia Sheinbaum<\/a>.\u00a0<\/p>\n<p>A reforma defendida pelo governo reduz de 11 para nove o n\u00famero de integrantes do Supremo, reduz o prazo do mandato do cargo de 15 para 12 anos e elimina as duas salas da Corte, que s\u00f3 deliberar\u00e1 no plen\u00e1rio principal com sess\u00f5es p\u00fablicas.<\/p>\n<p>A reforma ainda prev\u00ea elei\u00e7\u00f5es diretas, j\u00e1 a partir de 2025, para todos os cargos do Judici\u00e1rio. Os candidatos para o Supremo ser\u00e3o definidos pelos Tr\u00eas Poderes do pa\u00eds com paridade entre homens e mulheres. O Poder Executivo prop\u00f5e dez candidaturas, o Poder Legislativo prop\u00f5e cinco candidaturas pela C\u00e2mara e cinco pelo Senado e o Poder Judici\u00e1rio apresentar\u00e1 dez candidaturas.<\/p>\n<p>O texto da reforma ainda prev\u00ea que os partidos n\u00e3o poder\u00e3o fazer proselitismo pol\u00edtico em torno dessas elei\u00e7\u00f5es; n\u00e3o haver\u00e1 financiamento p\u00fablico nem privado e que os candidatos ter\u00e3o tempo de r\u00e1dio e televis\u00e3o para difundir suas propostas.<\/p>\n<p>A reforma no Judici\u00e1rio tem recebido forte oposi\u00e7\u00e3o de setores internos e externos do pa\u00eds. Enquanto a oposi\u00e7\u00e3o acusa Obrador de querer minar a independ\u00eancia do Judici\u00e1rio e transformar o pa\u00eds em uma ditadura, os governistas do Morena defendem que a reforma vai desmantelar a \u201caristocracia judicial\u201d.<\/p>\n<p>\u201c[A Reforma] busca erradicar a corrup\u00e7\u00e3o, a impunidade, o nepotismo, o tr\u00e1fico de influ\u00eancia e os excessos que por anos t\u00eam obstru\u00eddo a imparcialidade da Justi\u00e7a no M\u00e9xico\u201d, afirma cartaz do partido Morena, legenda do presidente mexicano, que est\u00e1 com popularidade acima dos 70%, segundo pesquisa da El Universal desta semana.<\/p>\n<h2>EUA e ag\u00eancias<\/h2>\n<p>Ag\u00eancias de risco como a Fitch e a Morgan Stanley amea\u00e7am baixar a nota do M\u00e9xico para investidores caso a reforma avance. O tema tamb\u00e9m virou alvo de controv\u00e9rsias entre o presidente mexicano e o embaixador dos Estados Unidos no M\u00e9xico, Ken Salazar. Em comunicado emitido na \u00faltima semana, o representante da Casa Branca criticou o projeto.\u00a0<\/p>\n<p>\u201cO debate sobre a elei\u00e7\u00e3o direta de ju\u00edzes nestes tempos, bem como a pol\u00edtica acirrada caso as elei\u00e7\u00f5es de ju\u00edzes em 2025 e 2027 sejam aprovadas, amea\u00e7am a hist\u00f3rica rela\u00e7\u00e3o comercial que constru\u00edmos, que depende da confian\u00e7a dos investidores no marco legal do M\u00e9xico\u201d, destacou o diplomata.<\/p>\n<p>Obrador rebateu, afirmando n\u00e3o aceitar que \u201crepresentantes de governos estrangeiros intervenham em assuntos dos mexicanos\u201d.\u00a0<\/p>\n<p>\u201cEsperamos que isso n\u00e3o se repita. J\u00e1 n\u00e3o \u00e9 como antes, quando os estadunidenses decidiam sobre nossa agenda\u201d, afirmou Obrador em uma rede social.<\/p>\n<p>O presidente mexicano tamb\u00e9m minimizou os an\u00fancios das agencias de classifica\u00e7\u00e3o de risco que indicam rebaixar a nota do M\u00e9xico para investidores.<\/p>\n<p>\u201cEles s\u00e3o c\u00famplices dos saques que ocorreram no M\u00e9xico. Eles n\u00e3o se importaram com a pobreza do povo. Portanto, compreendemos que estejam incomodados com a pol\u00edtica que estamos levando a cabo, mas n\u00e3o conseguem sequer sustentar que se trata de uma pol\u00edtica ineficiente e falhada, porque os resultados est\u00e3o a\u00ed. Em que pa\u00eds houve melhores resultados econ\u00f4micos do que no M\u00e9xico nos \u00faltimos anos?\u201d, destacou em coletiva de imprensa nesta ter\u00e7a-feira (27).<\/p>\n<h2>Captura pol\u00edtica<\/h2>\n<p>Os cr\u00edticos \u00e0 reforma do Judici\u00e1rio alegam que existe o risco do poder pol\u00edtico capturar o Judici\u00e1rio, como argumentou a organiza\u00e7\u00e3o Wola, sediada em Washington, nos Estados Unidos, e que faz an\u00e1lises sobre a Am\u00e9rica Latina.<\/p>\n<p>\u201cSe um grupo pol\u00edtico dominar os poderes Executivo e Legislativo [como \u00e9 o caso atual do Morena], tal partido teria um papel predominante na integra\u00e7\u00e3o dos Comit\u00eas e\/ou na aprova\u00e7\u00e3o de novas candidaturas, o que poderia resultar em um Judici\u00e1rio mais alinhado com o partido no poder, perpetuando por sua vez o risco de influ\u00eancia pol\u00edtica em nomea\u00e7\u00f5es futuras\u201d, critica a organiza\u00e7\u00e3o.\u00a0<\/p>\n<\/p><\/div>\n<p><br \/>\n<br \/><a href=\"https:\/\/agenciabrasil.ebc.com.br\/internacional\/noticia\/2024-08\/reforma-do-judiciario-com-eleicao-direta-para-juizes-avanca-no-mexico\" rel=\"noopener\">Ag\u00eancia Brasil <\/a><\/p>\n","protected":false},"excerpt":{"rendered":"<p>A Comiss\u00e3o para Assuntos Constitucionais do M\u00e9xico aprovou, nesta segunda-feira (26), a pol\u00eamica reforma do Judici\u00e1rio promovida pelo governo de Manuel Andr\u00e9s Lopez Obrador, que prev\u00ea, entre outras mudan\u00e7as, a elei\u00e7\u00e3o direta para ju\u00edzes, magistrados do Judici\u00e1rio e para ministros da Suprema Corte do pa\u00eds. A expectativa \u00e9 de que o novo Parlamento, que toma [&hellip;]<\/p>\n","protected":false},"author":1,"featured_media":269,"comment_status":"open","ping_status":"open","sticky":false,"template":"","format":"standard","meta":{"_jetpack_newsletter_access":"","_jetpack_dont_email_post_to_subs":false,"_jetpack_newsletter_tier_id":0,"_jetpack_memberships_contains_paywalled_content":false,"_mbp_banners":[],"_jetpack_feature_clip_id":0,"_jetpack_memberships_contains_paid_content":false,"footnotes":"","jetpack_publicize_message":"","jetpack_publicize_feature_enabled":true,"jetpack_social_post_already_shared":true,"jetpack_social_options":{"image_generator_settings":{"template":"highway","default_image_id":0,"font":"","enabled":false},"version":2},"jetpack_post_was_ever_published":false},"categories":[25],"tags":[],"class_list":["post-13064","post","type-post","status-publish","format-standard","has-post-thumbnail","category-internacional"],"jetpack_publicize_connections":[],"jetpack-related-posts":[],"jetpack_shortlink":"https:\/\/wp.me\/p7Eq1F-3oI","jetpack_sharing_enabled":true,"jetpack_featured_media_url":"https:\/\/i0.wp.com\/guialimeira.com.br\/news\/wp-content\/uploads\/2024\/03\/thumb_1200x600_agbrasil.png?fit=1200%2C600&ssl=1","_links":{"self":[{"href":"https:\/\/guialimeira.com.br\/news\/wp-json\/wp\/v2\/posts\/13064","targetHints":{"allow":["GET"]}}],"collection":[{"href":"https:\/\/guialimeira.com.br\/news\/wp-json\/wp\/v2\/posts"}],"about":[{"href":"https:\/\/guialimeira.com.br\/news\/wp-json\/wp\/v2\/types\/post"}],"author":[{"embeddable":true,"href":"https:\/\/guialimeira.com.br\/news\/wp-json\/wp\/v2\/users\/1"}],"replies":[{"embeddable":true,"href":"https:\/\/guialimeira.com.br\/news\/wp-json\/wp\/v2\/comments?post=13064"}],"version-history":[{"count":0,"href":"https:\/\/guialimeira.com.br\/news\/wp-json\/wp\/v2\/posts\/13064\/revisions"}],"wp:featuredmedia":[{"embeddable":true,"href":"https:\/\/guialimeira.com.br\/news\/wp-json\/wp\/v2\/media\/269"}],"wp:attachment":[{"href":"https:\/\/guialimeira.com.br\/news\/wp-json\/wp\/v2\/media?parent=13064"}],"wp:term":[{"taxonomy":"category","embeddable":true,"href":"https:\/\/guialimeira.com.br\/news\/wp-json\/wp\/v2\/categories?post=13064"},{"taxonomy":"post_tag","embeddable":true,"href":"https:\/\/guialimeira.com.br\/news\/wp-json\/wp\/v2\/tags?post=13064"}],"curies":[{"name":"wp","href":"https:\/\/api.w.org\/{rel}","templated":true}]}}