{"id":13056,"date":"2024-08-27T13:56:56","date_gmt":"2024-08-27T16:56:56","guid":{"rendered":"https:\/\/guialimeira.com.br\/2024\/08\/27\/anvisa-renova-dispensa-de-registro-de-duas-vacinas-contra-mpox\/"},"modified":"2024-08-27T13:56:56","modified_gmt":"2024-08-27T16:56:56","slug":"anvisa-renova-dispensa-de-registro-de-duas-vacinas-contra-mpox","status":"publish","type":"post","link":"https:\/\/guialimeira.com.br\/news\/anvisa-renova-dispensa-de-registro-de-duas-vacinas-contra-mpox\/","title":{"rendered":"Anvisa renova dispensa de registro de duas vacinas contra mpox"},"content":{"rendered":"<p> <br \/>\n<\/p>\n<div>\n<p>A Ag\u00eancia Nacional de Vigil\u00e2ncia Sanit\u00e1ria (Anvisa) renovou a dispensa de registro sanit\u00e1rio da vacina Jynneos e da vacina Imvanex, ambas adquiridas pelo Minist\u00e9rio da Sa\u00fade para preven\u00e7\u00e3o da mpox. A medida foi publicada nesta ter\u00e7a-feira (27) no <a href=\"https:\/\/www.in.gov.br\/web\/dou\/-\/despacho-n-120-de-26-de-agosto-de-2024-580606739\" target=\"_blank\" rel=\"noopener\"><em>Di\u00e1rio oficial da Uni\u00e3o<\/em><\/a>.<img data-recalc-dims=\"1\" decoding=\"async\" src=\"https:\/\/i0.wp.com\/agenciabrasil.ebc.com.br\/ebc.png?w=696&#038;ssl=1\" style=\"width:1px; height:1px; display:inline;\"\/><img data-recalc-dims=\"1\" decoding=\"async\" src=\"https:\/\/i0.wp.com\/agenciabrasil.ebc.com.br\/ebc.gif?w=696&#038;ssl=1\" style=\"width:1px; height:1px; display:inline;\"\/><\/p>\n<p>De acordo com o texto, a diretoria colegiada da ag\u00eancia decidiu, por unanimidade, autorizar, em car\u00e1ter excepcional e tempor\u00e1rio, a renova\u00e7\u00e3o da dispensa de registro sanit\u00e1rio dos imunizantes por um prazo de 180 dias, a contar de 23 de agosto de 2024.<\/p>\n<p>A vacina Jynneos \u00e9 fabricada pela Bavarian Nordic, na Dinamarca, enquanto a Imvanex \u00e9 produzida pela IDT Biologika GmbH, na Alemanha. Segundo a Anvisa, ambas as doses se referem a um mesmo produto, com nomenclatura diferente nos Estados Unidos e na Europa.<\/p>\n<h2>Compra emergencial<\/h2>\n<p>No \u00faltimo dia 15, o Minist\u00e9rio da Sa\u00fade informou que negocia a <a href=\"http:\/\/\u00a0https:\/\/agenciabrasil.ebc.com.br\/saude\/noticia\/2024-08\/saude-negocia-compra-de-25-mil-doses-de-vacina-contra-mpox\" target=\"_blank\" rel=\"noopener\">aquisi\u00e7\u00e3o emergencial<\/a> de 25 mil doses de vacinas contra a mpox junto \u00e0 Organiza\u00e7\u00e3o Pan-Americana da Sa\u00fade (Opas). A doen\u00e7a foi declarada emerg\u00eancia em sa\u00fade p\u00fablica de import\u00e2ncia internacional.<\/p>\n<p>Durante a primeira emerg\u00eancia global por mpox, em 2023, a Anvisa j\u00e1 havia autorizado o uso emergencial da vacina Jynneos, j\u00e1 que o insumo n\u00e3o era licenciado no Brasil. A autoriza\u00e7\u00e3o foi renovada em fevereiro deste ano, mas venceria novamente este m\u00eas.<\/p>\n<p>Segundo a ag\u00eancia, o imunizante \u00e9 destinado a adultos com idade igual ou superior a 18 anos e tem prazo de validade de at\u00e9 60 meses quando conservado em temperatura que varia entre -60 graus Celsius (\u00b0C) e -40\u00b0C.<\/p>\n<h2>Vacina brasileira<\/h2>\n<p>Na semana passada, o Centro de Tecnologia de Vacinas (CTVacinas), da Universidade Federal de Minas Gerais (UFMG), informou estar pr\u00f3ximo de iniciar a \u00faltima etapa no desenvolvimento de uma <a href=\"https:\/\/agenciabrasil.ebc.com.br\/saude\/noticia\/2024-08\/vacina-brasileira-contra-mpox-esta-proxima-dos-testes-em-humanos\" target=\"_blank\" rel=\"noopener\">vacina nacional<\/a> contra a mpox \u2013 os testes em humanos.<\/p>\n<p>\u201cA equipe est\u00e1 produzindo o chamado Dossi\u00ea de Desenvolvimento Cl\u00ednico de Medicamento (DDCM) para enviar \u00e0 Ag\u00eancia Nacional de Vigil\u00e2ncia Sanit\u00e1ria (Anvisa) e, assim, receber o sinal verde para come\u00e7ar os testes em humanos\u201d, afirmou.<\/p>\n<p>O imunizante brasileiro ganhou maior proje\u00e7\u00e3o ap\u00f3s a declara\u00e7\u00e3o de emerg\u00eancia global em raz\u00e3o do risco de dissemina\u00e7\u00e3o e de uma potencial nova pandemia. A dose, entretanto, j\u00e1 vinha sendo desenvolvida h\u00e1 dois anos, desde a primeira emerg\u00eancia\u00a0<\/p>\n<\/p><\/div>\n<p><br \/>\n<br \/><a href=\"https:\/\/agenciabrasil.ebc.com.br\/saude\/noticia\/2024-08\/anvisa-renova-dispensa-de-registro-de-duas-vacinas-contra-mpox\" rel=\"noopener\">Ag\u00eancia Brasil <\/a><\/p>\n","protected":false},"excerpt":{"rendered":"<p>A Ag\u00eancia Nacional de Vigil\u00e2ncia Sanit\u00e1ria (Anvisa) renovou a dispensa de registro sanit\u00e1rio da vacina Jynneos e da vacina Imvanex, ambas adquiridas pelo Minist\u00e9rio da Sa\u00fade para preven\u00e7\u00e3o da mpox. A medida foi publicada nesta ter\u00e7a-feira (27) no Di\u00e1rio oficial da Uni\u00e3o. De acordo com o texto, a diretoria colegiada da ag\u00eancia decidiu, por unanimidade, [&hellip;]<\/p>\n","protected":false},"author":1,"featured_media":12756,"comment_status":"open","ping_status":"open","sticky":false,"template":"","format":"standard","meta":{"_jetpack_newsletter_access":"","_jetpack_dont_email_post_to_subs":false,"_jetpack_newsletter_tier_id":0,"_jetpack_memberships_contains_paywalled_content":false,"_mbp_banners":[],"_jetpack_feature_clip_id":0,"_jetpack_memberships_contains_paid_content":false,"footnotes":"","jetpack_publicize_message":"","jetpack_publicize_feature_enabled":true,"jetpack_social_post_already_shared":true,"jetpack_social_options":{"image_generator_settings":{"template":"highway","default_image_id":0,"font":"","enabled":false},"version":2},"jetpack_post_was_ever_published":false},"categories":[15],"tags":[],"class_list":["post-13056","post","type-post","status-publish","format-standard","has-post-thumbnail","category-saude"],"jetpack_publicize_connections":[],"jetpack-related-posts":[],"jetpack_shortlink":"https:\/\/wp.me\/p7Eq1F-3oA","jetpack_sharing_enabled":true,"jetpack_featured_media_url":"https:\/\/i0.wp.com\/guialimeira.com.br\/news\/wp-content\/uploads\/2024\/08\/2024-08-20t135719z_1736913444_rc2pj9addr69_rtrmadp_3_health-mpox.jpg?fit=1600%2C800&ssl=1","_links":{"self":[{"href":"https:\/\/guialimeira.com.br\/news\/wp-json\/wp\/v2\/posts\/13056","targetHints":{"allow":["GET"]}}],"collection":[{"href":"https:\/\/guialimeira.com.br\/news\/wp-json\/wp\/v2\/posts"}],"about":[{"href":"https:\/\/guialimeira.com.br\/news\/wp-json\/wp\/v2\/types\/post"}],"author":[{"embeddable":true,"href":"https:\/\/guialimeira.com.br\/news\/wp-json\/wp\/v2\/users\/1"}],"replies":[{"embeddable":true,"href":"https:\/\/guialimeira.com.br\/news\/wp-json\/wp\/v2\/comments?post=13056"}],"version-history":[{"count":0,"href":"https:\/\/guialimeira.com.br\/news\/wp-json\/wp\/v2\/posts\/13056\/revisions"}],"wp:featuredmedia":[{"embeddable":true,"href":"https:\/\/guialimeira.com.br\/news\/wp-json\/wp\/v2\/media\/12756"}],"wp:attachment":[{"href":"https:\/\/guialimeira.com.br\/news\/wp-json\/wp\/v2\/media?parent=13056"}],"wp:term":[{"taxonomy":"category","embeddable":true,"href":"https:\/\/guialimeira.com.br\/news\/wp-json\/wp\/v2\/categories?post=13056"},{"taxonomy":"post_tag","embeddable":true,"href":"https:\/\/guialimeira.com.br\/news\/wp-json\/wp\/v2\/tags?post=13056"}],"curies":[{"name":"wp","href":"https:\/\/api.w.org\/{rel}","templated":true}]}}