{"id":1303,"date":"2024-04-09T18:18:42","date_gmt":"2024-04-09T21:18:42","guid":{"rendered":"https:\/\/guialimeira.com.br\/2024\/04\/09\/desembargador-vota-pela-cassacao-de-moro\/"},"modified":"2024-04-09T18:18:42","modified_gmt":"2024-04-09T21:18:42","slug":"desembargador-vota-pela-cassacao-de-moro","status":"publish","type":"post","link":"https:\/\/guialimeira.com.br\/news\/desembargador-vota-pela-cassacao-de-moro\/","title":{"rendered":"Desembargador vota pela cassa\u00e7\u00e3o de Moro"},"content":{"rendered":"<p> <br \/>\n<\/p>\n<div>\n<p>O desembargador\u00a0Julio Jacob Junio, do Tribunal Regional Eleitoral (TRE) do Paran\u00e1, sediado em Curitiba, votou nesta ter\u00e7a-feira (9) a favor da cassa\u00e7\u00e3o do senador Sergio Moro (Uni\u00e3o-PR), ex-juiz da Opera\u00e7\u00e3o Lava Jato.<img data-recalc-dims=\"1\" decoding=\"async\" src=\"https:\/\/i0.wp.com\/agenciabrasil.ebc.com.br\/ebc.png?w=696&#038;ssl=1\" style=\"width:1px; height:1px; display:inline;\"\/><img data-recalc-dims=\"1\" decoding=\"async\" src=\"https:\/\/i0.wp.com\/agenciabrasil.ebc.com.br\/ebc.gif?w=696&#038;ssl=1\" style=\"width:1px; height:1px; display:inline;\"\/><\/p>\n<p>Com o voto do magistrado, o placar do julgamento est\u00e1 3 a 2 contra a cassa\u00e7\u00e3o de Moro. \u00c9 a quarta sess\u00e3o de julgamento. Nas sess\u00f5es anteriores, os desembargadores <a href=\"https:\/\/agenciabrasil.ebc.com.br\/justica\/noticia\/2024-04\/relator-no-tre-vota-contra-cassacao-de-sergio-moro\" target=\"_blank\" rel=\"noopener\">Luciano Carrasco Falavinha Souza (relator)<\/a>, <a href=\"https:\/\/agenciabrasil.ebc.com.br\/justica\/noticia\/2024-04\/desembargadora-vota-contra-cassacao-de-moro-2-1-contra-punicao\" target=\"_blank\" rel=\"noopener\">Claudia Cristina Cristofani<\/a> e Guilherme Frederico Hernandes Denz votaram contra a cassa\u00e7\u00e3o. O desembargador <a href=\"https:\/\/agenciabrasil.ebc.com.br\/justica\/noticia\/2024-04\/desembargador-do-tre-vota-pela-cassacao-de-moro-e-empata-julgamento\" target=\"_blank\" rel=\"noopener\">Jos\u00e9 Rodrigo Sade proferiu o primeiro voto pela cassa\u00e7\u00e3o<\/a>.<\/p>\n<p>Ao justificar voto pela cassa\u00e7\u00e3o, Jacob J\u00fanior citou que a pr\u00e9-campanha de Moro realizou gastos com voos de jatinho, equipe de seguran\u00e7a, impulsionamento em redes sociais e produ\u00e7\u00e3o de v\u00eddeos promocionais. Dessa forma, segundo o desembargador, Moro quebrou a igualdade com os demais pr\u00e9-candidatos.<\/p>\n<p>&#8220;Ao ex-juiz Sergio Moro era dado naquele momento a necessidade de resgatar todo o prest\u00edgio perdido que havia perdido ao se candidatar ao cargo de senador por outra unidade da federa\u00e7\u00e3o. Esse resgate, pelo comprovado nos autos, aconteceu com a utiliza\u00e7\u00e3o indistinta e desmedida de recursos p\u00fablicos&#8221;, afirmou.<\/p>\n<p>O julgamento prossegue para a tomada de mais dois votos.<\/p>\n<p>No final de 2021, Moro estava no Podemos e realizou atos de pr\u00e9-candidatura \u00e0 Presid\u00eancia da Rep\u00fablica. De acordo com a acusa\u00e7\u00e3o, houve &#8220;desvantagem il\u00edcita&#8221; em favor dos demais concorrentes ao cargo de senador diante dos &#8220;altos investimentos financeiros&#8221; realizados antes de Moro deixar a sigla e se candidatar ao Senado pelo Uni\u00e3o.<\/p>\n<p>Para o Minist\u00e9rio P\u00fablico, foram gastos aproximadamente R$ 2 milh\u00f5es, oriundos do Fundo Partid\u00e1rio, com o evento de filia\u00e7\u00e3o de Moro ao Podemos e com a contrata\u00e7\u00e3o de produ\u00e7\u00e3o de v\u00eddeos para promo\u00e7\u00e3o pessoal, al\u00e9m de consultorias eleitorais. O PL apontou supostos gastos irregulares de R$ 7 milh\u00f5es. Para o PT, foram R$ 21 milh\u00f5es.<\/p>\n<p>A defesa de Moro defendeu a manuten\u00e7\u00e3o do mandato e negou irregularidades na pr\u00e9-campanha. De acordo com o advogado Gustavo Guedes, Moro n\u00e3o se elegeu no Paran\u00e1 pela suposta pr\u00e9-campanha \u201cmais robusta\u201d, conforme acusam as legendas.<\/p>\n<\/p><\/div>\n<p><br \/>\n<br \/><a href=\"https:\/\/agenciabrasil.ebc.com.br\/justica\/noticia\/2024-04\/desembargador-vota-pela-cassacao-de-moro\" rel=\"noopener\">Ag\u00eancia Brasil<\/a><\/p>\n","protected":false},"excerpt":{"rendered":"<p>O desembargador\u00a0Julio Jacob Junio, do Tribunal Regional Eleitoral (TRE) do Paran\u00e1, sediado em Curitiba, votou nesta ter\u00e7a-feira (9) a favor da cassa\u00e7\u00e3o do senador Sergio Moro (Uni\u00e3o-PR), ex-juiz da Opera\u00e7\u00e3o Lava Jato. Com o voto do magistrado, o placar do julgamento est\u00e1 3 a 2 contra a cassa\u00e7\u00e3o de Moro. \u00c9 a quarta sess\u00e3o de [&hellip;]<\/p>\n","protected":false},"author":1,"featured_media":1304,"comment_status":"open","ping_status":"open","sticky":false,"template":"","format":"standard","meta":{"_jetpack_newsletter_access":"","_jetpack_dont_email_post_to_subs":false,"_jetpack_newsletter_tier_id":0,"_jetpack_memberships_contains_paywalled_content":false,"_mbp_banners":[],"_jetpack_feature_clip_id":0,"_jetpack_memberships_contains_paid_content":false,"footnotes":"","jetpack_publicize_message":"","jetpack_publicize_feature_enabled":true,"jetpack_social_post_already_shared":true,"jetpack_social_options":{"image_generator_settings":{"template":"highway","default_image_id":0,"font":"","enabled":false},"version":2},"jetpack_post_was_ever_published":false},"categories":[22],"tags":[],"class_list":["post-1303","post","type-post","status-publish","format-standard","has-post-thumbnail","category-nacional"],"jetpack_publicize_connections":[],"jetpack-related-posts":[],"jetpack_shortlink":"https:\/\/wp.me\/p7Eq1F-l1","jetpack_sharing_enabled":true,"jetpack_featured_media_url":"https:\/\/i0.wp.com\/guialimeira.com.br\/news\/wp-content\/uploads\/2024\/04\/discurso_senador_sergio_moro-10.jpg?fit=1600%2C800&ssl=1","_links":{"self":[{"href":"https:\/\/guialimeira.com.br\/news\/wp-json\/wp\/v2\/posts\/1303","targetHints":{"allow":["GET"]}}],"collection":[{"href":"https:\/\/guialimeira.com.br\/news\/wp-json\/wp\/v2\/posts"}],"about":[{"href":"https:\/\/guialimeira.com.br\/news\/wp-json\/wp\/v2\/types\/post"}],"author":[{"embeddable":true,"href":"https:\/\/guialimeira.com.br\/news\/wp-json\/wp\/v2\/users\/1"}],"replies":[{"embeddable":true,"href":"https:\/\/guialimeira.com.br\/news\/wp-json\/wp\/v2\/comments?post=1303"}],"version-history":[{"count":0,"href":"https:\/\/guialimeira.com.br\/news\/wp-json\/wp\/v2\/posts\/1303\/revisions"}],"wp:featuredmedia":[{"embeddable":true,"href":"https:\/\/guialimeira.com.br\/news\/wp-json\/wp\/v2\/media\/1304"}],"wp:attachment":[{"href":"https:\/\/guialimeira.com.br\/news\/wp-json\/wp\/v2\/media?parent=1303"}],"wp:term":[{"taxonomy":"category","embeddable":true,"href":"https:\/\/guialimeira.com.br\/news\/wp-json\/wp\/v2\/categories?post=1303"},{"taxonomy":"post_tag","embeddable":true,"href":"https:\/\/guialimeira.com.br\/news\/wp-json\/wp\/v2\/tags?post=1303"}],"curies":[{"name":"wp","href":"https:\/\/api.w.org\/{rel}","templated":true}]}}