{"id":12993,"date":"2024-08-26T16:35:55","date_gmt":"2024-08-26T19:35:55","guid":{"rendered":"https:\/\/guialimeira.com.br\/2024\/08\/26\/saude-monitora-passageiro-que-chegou-em-guarulhos-com-suspeita-de-mpox\/"},"modified":"2024-08-26T16:35:55","modified_gmt":"2024-08-26T19:35:55","slug":"saude-monitora-passageiro-que-chegou-em-guarulhos-com-suspeita-de-mpox","status":"publish","type":"post","link":"https:\/\/guialimeira.com.br\/news\/saude-monitora-passageiro-que-chegou-em-guarulhos-com-suspeita-de-mpox\/","title":{"rendered":"Sa\u00fade monitora passageiro que chegou em Guarulhos com suspeita de Mpox"},"content":{"rendered":"<p> <br \/>\n<\/p>\n<div>\n<p>O Minist\u00e9rio da Sa\u00fade foi notificado sobre um caso suspeito de\u00a0mpox\u00a0envolvendo um passageiro que desembarcou neste domingo (25) no Aeroporto Internacional de Guarulhos, em S\u00e3o Paulo. Em nota, a pasta informou que o Centro de Informa\u00e7\u00f5es Estrat\u00e9gicas e Resposta de Vigil\u00e2ncia em Sa\u00fade (Cievs) recebeu a informa\u00e7\u00e3o da Ag\u00eancia Nacional de Vigil\u00e2ncia Sanit\u00e1ria (Anvisa), \u00f3rg\u00e3o respons\u00e1vel pelo registro e processo migrat\u00f3rio para entrada no pa\u00eds.<img data-recalc-dims=\"1\" decoding=\"async\" src=\"https:\/\/i0.wp.com\/agenciabrasil.ebc.com.br\/ebc.png?w=696&#038;ssl=1\" style=\"width:1px; height:1px; display:inline;\"\/><img data-recalc-dims=\"1\" decoding=\"async\" src=\"https:\/\/i0.wp.com\/agenciabrasil.ebc.com.br\/ebc.gif?w=696&#038;ssl=1\" style=\"width:1px; height:1px; display:inline;\"\/><\/p>\n<p>De acordo com o comunicado, o passageiro foi atendido pelo posto m\u00e9dico do aeroporto durante a madrugada e encaminhado para uma unidade de pronto atendimento (UPA) do munic\u00edpio de Guarulhos para a realiza\u00e7\u00e3o de exames. \u201cO paciente est\u00e1 em bom estado e foi levado para isolamento em um hotel da regi\u00e3o, onde ficar\u00e1 at\u00e9 os resultados dos exames estarem dispon\u00edveis, nesta segunda-feira (26)\u201d.<\/p>\n<p>O minist\u00e9rio destacou que as autoridades de vigil\u00e2ncia no aeroporto tomaram \u201ctodas as medidas de desinfec\u00e7\u00e3o e monitoramento das outras pessoas que se encontram na \u00e1rea de estrangeiros inadmitidos\u201d. \u201cN\u00e3o h\u00e1 informa\u00e7\u00f5es sobre hist\u00f3rico de viagem do paciente por \u00e1reas afetadas pela cepa 1b, motivo do alerta internacional emitido na \u00faltima semana pela Organiza\u00e7\u00e3o Mundial da Sa\u00fade (OMS)\u201d.<\/p>\n<p>\u201cO Minist\u00e9rio da Sa\u00fade segue acompanhando atentamente o caso ao lado do Cievs de S\u00e3o Paulo, da Anvisa, do Minist\u00e9rio de Portos e Aeroportos, da Pol\u00edcia Federal e do Departamento de Migra\u00e7\u00f5es, ambos do Minist\u00e9rio da Justi\u00e7a e Seguran\u00e7a P\u00fablica\u201d, concluiu a nota.<\/p>\n<p>\u00a0<\/p>\n<\/p><\/div>\n<p><br \/>\n<br \/><a href=\"https:\/\/agenciabrasil.ebc.com.br\/saude\/noticia\/2024-08\/saude-monitora-passageiro-que-chegou-em-guarulhos-com-suspeita-de-mpox\" rel=\"noopener\">Ag\u00eancia Brasil <\/a><\/p>\n","protected":false},"excerpt":{"rendered":"<p>O Minist\u00e9rio da Sa\u00fade foi notificado sobre um caso suspeito de\u00a0mpox\u00a0envolvendo um passageiro que desembarcou neste domingo (25) no Aeroporto Internacional de Guarulhos, em S\u00e3o Paulo. Em nota, a pasta informou que o Centro de Informa\u00e7\u00f5es Estrat\u00e9gicas e Resposta de Vigil\u00e2ncia em Sa\u00fade (Cievs) recebeu a informa\u00e7\u00e3o da Ag\u00eancia Nacional de Vigil\u00e2ncia Sanit\u00e1ria (Anvisa), \u00f3rg\u00e3o [&hellip;]<\/p>\n","protected":false},"author":1,"featured_media":8323,"comment_status":"open","ping_status":"open","sticky":false,"template":"","format":"standard","meta":{"_jetpack_newsletter_access":"","_jetpack_dont_email_post_to_subs":false,"_jetpack_newsletter_tier_id":0,"_jetpack_memberships_contains_paywalled_content":false,"_mbp_banners":[],"_jetpack_feature_clip_id":0,"_jetpack_memberships_contains_paid_content":false,"footnotes":"","jetpack_publicize_message":"","jetpack_publicize_feature_enabled":true,"jetpack_social_post_already_shared":true,"jetpack_social_options":{"image_generator_settings":{"template":"highway","default_image_id":0,"font":"","enabled":false},"version":2},"jetpack_post_was_ever_published":false},"categories":[15],"tags":[],"class_list":["post-12993","post","type-post","status-publish","format-standard","has-post-thumbnail","category-saude"],"jetpack_publicize_connections":[],"jetpack-related-posts":[],"jetpack_shortlink":"https:\/\/wp.me\/p7Eq1F-3nz","jetpack_sharing_enabled":true,"jetpack_featured_media_url":"https:\/\/i0.wp.com\/guialimeira.com.br\/news\/wp-content\/uploads\/2024\/06\/fachada-ministerio_mcamgo_abr_100420231818-16.jpg?fit=1600%2C800&ssl=1","_links":{"self":[{"href":"https:\/\/guialimeira.com.br\/news\/wp-json\/wp\/v2\/posts\/12993","targetHints":{"allow":["GET"]}}],"collection":[{"href":"https:\/\/guialimeira.com.br\/news\/wp-json\/wp\/v2\/posts"}],"about":[{"href":"https:\/\/guialimeira.com.br\/news\/wp-json\/wp\/v2\/types\/post"}],"author":[{"embeddable":true,"href":"https:\/\/guialimeira.com.br\/news\/wp-json\/wp\/v2\/users\/1"}],"replies":[{"embeddable":true,"href":"https:\/\/guialimeira.com.br\/news\/wp-json\/wp\/v2\/comments?post=12993"}],"version-history":[{"count":0,"href":"https:\/\/guialimeira.com.br\/news\/wp-json\/wp\/v2\/posts\/12993\/revisions"}],"wp:featuredmedia":[{"embeddable":true,"href":"https:\/\/guialimeira.com.br\/news\/wp-json\/wp\/v2\/media\/8323"}],"wp:attachment":[{"href":"https:\/\/guialimeira.com.br\/news\/wp-json\/wp\/v2\/media?parent=12993"}],"wp:term":[{"taxonomy":"category","embeddable":true,"href":"https:\/\/guialimeira.com.br\/news\/wp-json\/wp\/v2\/categories?post=12993"},{"taxonomy":"post_tag","embeddable":true,"href":"https:\/\/guialimeira.com.br\/news\/wp-json\/wp\/v2\/tags?post=12993"}],"curies":[{"name":"wp","href":"https:\/\/api.w.org\/{rel}","templated":true}]}}