{"id":12976,"date":"2024-08-26T13:32:58","date_gmt":"2024-08-26T16:32:58","guid":{"rendered":"https:\/\/guialimeira.com.br\/2024\/08\/26\/atendimento-oftalmologico-de-criancas-no-sus-retoma-nivel-pre-pandemia\/"},"modified":"2024-08-26T13:32:58","modified_gmt":"2024-08-26T16:32:58","slug":"atendimento-oftalmologico-de-criancas-no-sus-retoma-nivel-pre-pandemia","status":"publish","type":"post","link":"https:\/\/guialimeira.com.br\/news\/atendimento-oftalmologico-de-criancas-no-sus-retoma-nivel-pre-pandemia\/","title":{"rendered":"Atendimento oftalmol\u00f3gico de crian\u00e7as no SUS retoma n\u00edvel pr\u00e9-pandemia"},"content":{"rendered":"<p> <br \/>\n<\/p>\n<div>\n<p>Ap\u00f3s cinco anos, o atendimento oftalmol\u00f3gico de crian\u00e7as e adolescentes na rede p\u00fablica retomou os n\u00edveis registrados antes pandemia de covid-19.<img data-recalc-dims=\"1\" decoding=\"async\" src=\"https:\/\/i0.wp.com\/agenciabrasil.ebc.com.br\/ebc.png?w=696&#038;ssl=1\" style=\"width:1px; height:1px; display:inline;\"\/><img data-recalc-dims=\"1\" decoding=\"async\" src=\"https:\/\/i0.wp.com\/agenciabrasil.ebc.com.br\/ebc.gif?w=696&#038;ssl=1\" style=\"width:1px; height:1px; display:inline;\"\/><\/p>\n<p>Dados analisados pelo Conselho Brasileiro de Oftalmologia (CBO) indicam que, de janeiro a junho de 2024, o n\u00famero de consultas oftalmol\u00f3gicas no Sistema \u00danico de Sa\u00fade (SUS) para esse p\u00fablico superou os patamares observados no mesmo per\u00edodo de 2019.<\/p>\n<p>Com base na s\u00e9rie de hist\u00f3rica, a entidade estima que, at\u00e9 dezembro deste ano, o volume de consultas oftalmol\u00f3gicas para crian\u00e7as e adolescentes supere\u00a02,1 milh\u00f5es de atendimentos, n\u00famero maior do que o recorde registrado em 2019. Para o CBO, o cen\u00e1rio sinaliza a retomada dos cuidados com a sa\u00fade ocular na faixa pedi\u00e1trica (de 0 a 19 anos), \u201cseveramente afetados pela emerg\u00eancia epidemiol\u00f3gica mundial\u201d.<\/p>\n<p>De acordo com o conselho, no primeiro semestre de 2019, o pa\u00eds registrou cerca de 1 milh\u00e3o de atendimentos para esse grupo na rede p\u00fablica. Por\u00e9m, nos anos seguintes, nesse intervalo, os dados foram sempre inferiores, oscilando entre 569 mil registros, em 2020, e 961 mil, em 2023. \u201cCom o desempenho no primeiro semestre de 2024, espera-se que o Brasil rompa o marco de cinco anos atr\u00e1s e avance na produ\u00e7\u00e3o desse servi\u00e7o\u201d.<\/p>\n<p>Os dados ser\u00e3o apresentados durante o 68\u00ba Congresso Brasileiro de Oftalmologia, que ocorre de 4 a 7 de setembro em Bras\u00edlia.<\/p>\n<h2>Perfil<\/h2>\n<p>Os n\u00fameros mostram que, do total de consultas oftalmol\u00f3gicas realizadas entre janeiro de 2014 e junho de 2024 para a popula\u00e7\u00e3o de at\u00e9 19 anos, 43% foram para crian\u00e7as menores de 1 ano. O percentual corresponde a 8.415.975 idas aos consult\u00f3rios de oftalmologia. J\u00e1 a faixa de 1 a 4 anos foi a que menos recebeu atendimento do tipo na s\u00e9rie hist\u00f3rica, somando 1.564.770, cerca de 8% do total.<\/p>\n<h2>Alerta<\/h2>\n<p>O CBO alerta que a sa\u00fade ocular de crian\u00e7as e adolescentes deve ser considerada prioridade entre as pr\u00f3prias fam\u00edlias e os \u00f3rg\u00e3os p\u00fablicos, uma vez que problemas de vis\u00e3o n\u00e3o diagnosticados e, consequentemente, n\u00e3o tratados podem comprometer o processo de aprendizagem e a socializa\u00e7\u00e3o.<\/p>\n<p>Com base em par\u00e2metros definidos pela Ag\u00eancia Internacional de Preven\u00e7\u00e3o \u00e0 Cegueira, a estimativa \u00e9 que o Brasil contabilize cerca de 27 mil crian\u00e7as cegas, grande parte delas por doen\u00e7as oculares que poderiam ter sido evitadas ou tratadas precocemente.<\/p>\n<p>De acordo com o CBO, erros de refra\u00e7\u00e3o n\u00e3o corrigidos configuram a principal causa de defici\u00eancia visual entre crian\u00e7as brasileiras. \u201cPela sua capacidade de influir no rendimento escolar e na sociabiliza\u00e7\u00e3o da crian\u00e7a, eles causam grande impacto econ\u00f4mico e social. Por isso, os especialistas entendem como fundamental a identifica\u00e7\u00e3o e o tratamento precoce de casos de ametropia, que \u00e9 a perda da nitidez da imagem na retina\u201d.<\/p>\n<h2>Entenda<\/h2>\n<p>As ametropias englobam problemas como miopia, hipermetropia, astigmatismo ou presbiopia, que podem ser corrigidos com o uso de \u00f3culos, adapta\u00e7\u00e3o de lentes de contato ou cirurgia refrativa. Tais a\u00e7\u00f5es, segundo o CO, tamb\u00e9m s\u00e3o fundamentais para reduzir a incid\u00eancia de ambliopia, popularmente conhecida como olho pregui\u00e7oso, entre crian\u00e7as.<\/p>\n<p>\u201cA triagem oftalmol\u00f3gica, por possibilitar a detec\u00e7\u00e3o de doen\u00e7as e consequentemente a preven\u00e7\u00e3o da cegueira infantil, e ainda por permitir avaliar o perfil de erros refrativos na popula\u00e7\u00e3o, det\u00e9m grande relev\u00e2ncia do ponto de vista de sa\u00fade p\u00fablica\u201d, destacou a entidade.<\/p>\n<p>A idade fixada como ideal para a triagem de problemas oftalmol\u00f3gicas \u00e9 at\u00e9 os 6 anos, quando se completa o desenvolvimento visual.<\/p>\n<\/p><\/div>\n<p><br \/>\n<br \/><a href=\"https:\/\/agenciabrasil.ebc.com.br\/saude\/noticia\/2024-08\/atendimento-oftalmologico-de-criancas-no-sus-retoma-nivel-pre-pandemia\" rel=\"noopener\">Ag\u00eancia Brasil <\/a><\/p>\n","protected":false},"excerpt":{"rendered":"<p>Ap\u00f3s cinco anos, o atendimento oftalmol\u00f3gico de crian\u00e7as e adolescentes na rede p\u00fablica retomou os n\u00edveis registrados antes pandemia de covid-19. Dados analisados pelo Conselho Brasileiro de Oftalmologia (CBO) indicam que, de janeiro a junho de 2024, o n\u00famero de consultas oftalmol\u00f3gicas no Sistema \u00danico de Sa\u00fade (SUS) para esse p\u00fablico superou os patamares observados [&hellip;]<\/p>\n","protected":false},"author":1,"featured_media":6393,"comment_status":"open","ping_status":"open","sticky":false,"template":"","format":"standard","meta":{"_jetpack_newsletter_access":"","_jetpack_dont_email_post_to_subs":false,"_jetpack_newsletter_tier_id":0,"_jetpack_memberships_contains_paywalled_content":false,"_mbp_banners":[],"_jetpack_feature_clip_id":0,"_jetpack_memberships_contains_paid_content":false,"footnotes":"","jetpack_publicize_message":"","jetpack_publicize_feature_enabled":true,"jetpack_social_post_already_shared":true,"jetpack_social_options":{"image_generator_settings":{"template":"highway","default_image_id":0,"font":"","enabled":false},"version":2},"jetpack_post_was_ever_published":false},"categories":[15],"tags":[],"class_list":["post-12976","post","type-post","status-publish","format-standard","has-post-thumbnail","category-saude"],"jetpack_publicize_connections":[],"jetpack-related-posts":[],"jetpack_shortlink":"https:\/\/wp.me\/p7Eq1F-3ni","jetpack_sharing_enabled":true,"jetpack_featured_media_url":"https:\/\/i0.wp.com\/guialimeira.com.br\/news\/wp-content\/uploads\/2024\/05\/olho.jpg?fit=1600%2C800&ssl=1","_links":{"self":[{"href":"https:\/\/guialimeira.com.br\/news\/wp-json\/wp\/v2\/posts\/12976","targetHints":{"allow":["GET"]}}],"collection":[{"href":"https:\/\/guialimeira.com.br\/news\/wp-json\/wp\/v2\/posts"}],"about":[{"href":"https:\/\/guialimeira.com.br\/news\/wp-json\/wp\/v2\/types\/post"}],"author":[{"embeddable":true,"href":"https:\/\/guialimeira.com.br\/news\/wp-json\/wp\/v2\/users\/1"}],"replies":[{"embeddable":true,"href":"https:\/\/guialimeira.com.br\/news\/wp-json\/wp\/v2\/comments?post=12976"}],"version-history":[{"count":0,"href":"https:\/\/guialimeira.com.br\/news\/wp-json\/wp\/v2\/posts\/12976\/revisions"}],"wp:featuredmedia":[{"embeddable":true,"href":"https:\/\/guialimeira.com.br\/news\/wp-json\/wp\/v2\/media\/6393"}],"wp:attachment":[{"href":"https:\/\/guialimeira.com.br\/news\/wp-json\/wp\/v2\/media?parent=12976"}],"wp:term":[{"taxonomy":"category","embeddable":true,"href":"https:\/\/guialimeira.com.br\/news\/wp-json\/wp\/v2\/categories?post=12976"},{"taxonomy":"post_tag","embeddable":true,"href":"https:\/\/guialimeira.com.br\/news\/wp-json\/wp\/v2\/tags?post=12976"}],"curies":[{"name":"wp","href":"https:\/\/api.w.org\/{rel}","templated":true}]}}