{"id":12948,"date":"2024-08-25T17:12:56","date_gmt":"2024-08-25T20:12:56","guid":{"rendered":"https:\/\/guialimeira.com.br\/2024\/08\/25\/confira-as-orientacoes-para-amenizar-efeitos-da-fumaca-na-saude\/"},"modified":"2024-08-25T17:12:56","modified_gmt":"2024-08-25T20:12:56","slug":"confira-as-orientacoes-para-amenizar-efeitos-da-fumaca-na-saude","status":"publish","type":"post","link":"https:\/\/guialimeira.com.br\/news\/confira-as-orientacoes-para-amenizar-efeitos-da-fumaca-na-saude\/","title":{"rendered":"Confira as orienta\u00e7\u00f5es para amenizar efeitos da fuma\u00e7a na sa\u00fade"},"content":{"rendered":"<p> <br \/>\n<\/p>\n<div>\n<p>Al\u00e9m das a\u00e7\u00f5es de combate aos inc\u00eandios que v\u00eam ocorrendo em diversas regi\u00f5es do pa\u00eds, \u00e9 preciso que a popula\u00e7\u00e3o esteja orientada sobre como se proteger e evitar, sempre que poss\u00edvel, a exposi\u00e7\u00e3o aos poluentes e \u00e0 fuma\u00e7a intensa e \u00e0 neblina, causadas pelo fogo.<img data-recalc-dims=\"1\" decoding=\"async\" src=\"https:\/\/i0.wp.com\/agenciabrasil.ebc.com.br\/ebc.png?w=696&#038;ssl=1\" style=\"width:1px; height:1px; display:inline;\"\/><img data-recalc-dims=\"1\" decoding=\"async\" src=\"https:\/\/i0.wp.com\/agenciabrasil.ebc.com.br\/ebc.gif?w=696&#038;ssl=1\" style=\"width:1px; height:1px; display:inline;\"\/><\/p>\n<p>Entre as recomenda\u00e7\u00f5es do Minist\u00e9rio da Sa\u00fade\u00a0est\u00e3o o aumento da ingest\u00e3o de \u00e1gua e de l\u00edquidos, como medida para manter as membranas respirat\u00f3rias \u00famidas e, dessa forma, ficarem mais protegidas. O tempo de exposi\u00e7\u00e3o deve ser reduzido ao m\u00e1ximo, devendo manter a perman\u00eancia em local ventilado dentro de casa, se poss\u00edvel com ar condicionado ou purificadores de ar. Para reduzir a entrada da polui\u00e7\u00e3o externa, durante os hor\u00e1rios com elevadas concentra\u00e7\u00f5es de part\u00edculas, as portas e as janelas devem ser mantidas fechadas. As atividades f\u00edsicas devem ser evitadas em hor\u00e1rios de elevadas concentra\u00e7\u00f5es de poluentes do ar, e entre o meio dia e as 16h, quando as concentra\u00e7\u00f5es de oz\u00f4nio s\u00e3o mais intensas.<\/p>\n<p>\u00c9 recomend\u00e1vel ainda a utiliza\u00e7\u00e3o de m\u00e1scaras do tipo cir\u00fargica, pano, len\u00e7os ou bandanas para diminuir a exposi\u00e7\u00e3o \u00e0s part\u00edculas grossas, especialmente para popula\u00e7\u00f5es que residem pr\u00f3ximas \u00e0s \u00e1reas de focos de queimadas. A medida reduz o desconforto das vias a\u00e9reas superiores. J\u00e1 m\u00e1scaras de modelos respiradores tipo N95, PFF2 ou P100 s\u00e3o adequadas para reduzir a inala\u00e7\u00e3o de part\u00edculas finas.<\/p>\n<p>As recomenda\u00e7\u00f5es devem ser seguidas por toda a popula\u00e7\u00e3o e a\u00a0aten\u00e7\u00e3o deve ser redobrada em crian\u00e7as menores de 5 anos, idosos maiores de 60 anos e gestantes.<\/p>\n<p>Ao sinal de sintomas respirat\u00f3rios ou outras ocorr\u00eancias de sa\u00fade a pasta indica a busca imediata de atendimento m\u00e9dico. \u201cPessoas com problemas card\u00edacos, respirat\u00f3rios, imunol\u00f3gicos, entre outros, devem\u202fbuscar atendimento m\u00e9dico para atualizar seu plano de tratamento, manter medicamentos e itens prescritos pelo profissional m\u00e9dico dispon\u00edveis para o caso de crises agudas, buscar atendimento m\u00e9dico na ocorr\u00eancia de sintomas de crises e avaliar a necessidade e seguran\u00e7a de sair temporariamente da \u00e1rea impactada pela sazonalidade das queimadas\u201d, completou.<\/p>\n<p>Sob a coordena\u00e7\u00e3o do Minist\u00e9rio da Sa\u00fade, o monitoramento de \u00e1reas que sofrem a influ\u00eancia da queima de biomassa \u00e9 um dos campos de atua\u00e7\u00e3o da Vigil\u00e2ncia em Sa\u00fade Ambiental e Qualidade do Ar (VIGIAR) e da Sala de Situa\u00e7\u00e3o Nacional de Emerg\u00eancias Clim\u00e1ticas em Sa\u00fade.<\/p>\n<p>Os dados desse monitoramento s\u00e3o enviados, semanalmente, pelo Minist\u00e9rio da Sa\u00fade aos estados e ao Distrito Federal no Informe Queimadas, com\u00a0orienta\u00e7\u00f5es para evitar a exposi\u00e7\u00e3o da popula\u00e7\u00e3o \u00e0s condi\u00e7\u00f5es adversas.<\/p>\n<\/p><\/div>\n<p><br \/>\n<br \/><a href=\"https:\/\/agenciabrasil.ebc.com.br\/saude\/noticia\/2024-08\/confira-as-orientacoes-para-amenizar-efeitos-da-fumaca-na-saude\" rel=\"noopener\">Ag\u00eancia Brasil <\/a><\/p>\n","protected":false},"excerpt":{"rendered":"<p>Al\u00e9m das a\u00e7\u00f5es de combate aos inc\u00eandios que v\u00eam ocorrendo em diversas regi\u00f5es do pa\u00eds, \u00e9 preciso que a popula\u00e7\u00e3o esteja orientada sobre como se proteger e evitar, sempre que poss\u00edvel, a exposi\u00e7\u00e3o aos poluentes e \u00e0 fuma\u00e7a intensa e \u00e0 neblina, causadas pelo fogo. Entre as recomenda\u00e7\u00f5es do Minist\u00e9rio da Sa\u00fade\u00a0est\u00e3o o aumento da [&hellip;]<\/p>\n","protected":false},"author":1,"featured_media":12949,"comment_status":"open","ping_status":"open","sticky":false,"template":"","format":"standard","meta":{"_jetpack_newsletter_access":"","_jetpack_dont_email_post_to_subs":false,"_jetpack_newsletter_tier_id":0,"_jetpack_memberships_contains_paywalled_content":false,"_mbp_banners":[],"_jetpack_feature_clip_id":0,"_jetpack_memberships_contains_paid_content":false,"footnotes":"","jetpack_publicize_message":"","jetpack_publicize_feature_enabled":true,"jetpack_social_post_already_shared":true,"jetpack_social_options":{"image_generator_settings":{"template":"highway","default_image_id":0,"font":"","enabled":false},"version":2},"jetpack_post_was_ever_published":false},"categories":[15],"tags":[],"class_list":["post-12948","post","type-post","status-publish","format-standard","has-post-thumbnail","category-saude"],"jetpack_publicize_connections":[],"jetpack-related-posts":[],"jetpack_shortlink":"https:\/\/wp.me\/p7Eq1F-3mQ","jetpack_sharing_enabled":true,"jetpack_featured_media_url":"https:\/\/i0.wp.com\/guialimeira.com.br\/news\/wp-content\/uploads\/2024\/08\/fumacal-bsb_mcamgo_abr_25082024-10.jpg?fit=1600%2C800&ssl=1","_links":{"self":[{"href":"https:\/\/guialimeira.com.br\/news\/wp-json\/wp\/v2\/posts\/12948","targetHints":{"allow":["GET"]}}],"collection":[{"href":"https:\/\/guialimeira.com.br\/news\/wp-json\/wp\/v2\/posts"}],"about":[{"href":"https:\/\/guialimeira.com.br\/news\/wp-json\/wp\/v2\/types\/post"}],"author":[{"embeddable":true,"href":"https:\/\/guialimeira.com.br\/news\/wp-json\/wp\/v2\/users\/1"}],"replies":[{"embeddable":true,"href":"https:\/\/guialimeira.com.br\/news\/wp-json\/wp\/v2\/comments?post=12948"}],"version-history":[{"count":0,"href":"https:\/\/guialimeira.com.br\/news\/wp-json\/wp\/v2\/posts\/12948\/revisions"}],"wp:featuredmedia":[{"embeddable":true,"href":"https:\/\/guialimeira.com.br\/news\/wp-json\/wp\/v2\/media\/12949"}],"wp:attachment":[{"href":"https:\/\/guialimeira.com.br\/news\/wp-json\/wp\/v2\/media?parent=12948"}],"wp:term":[{"taxonomy":"category","embeddable":true,"href":"https:\/\/guialimeira.com.br\/news\/wp-json\/wp\/v2\/categories?post=12948"},{"taxonomy":"post_tag","embeddable":true,"href":"https:\/\/guialimeira.com.br\/news\/wp-json\/wp\/v2\/tags?post=12948"}],"curies":[{"name":"wp","href":"https:\/\/api.w.org\/{rel}","templated":true}]}}