{"id":12934,"date":"2024-08-25T13:13:57","date_gmt":"2024-08-25T16:13:57","guid":{"rendered":"https:\/\/guialimeira.com.br\/2024\/08\/25\/brasil-e-colombia-cobram-mais-uma-vez-atas-de-eleicao-na-venezuela\/"},"modified":"2024-08-25T13:13:57","modified_gmt":"2024-08-25T16:13:57","slug":"brasil-e-colombia-cobram-mais-uma-vez-atas-de-eleicao-na-venezuela","status":"publish","type":"post","link":"https:\/\/guialimeira.com.br\/news\/brasil-e-colombia-cobram-mais-uma-vez-atas-de-eleicao-na-venezuela\/","title":{"rendered":"Brasil e Col\u00f4mbia cobram mais uma vez atas de elei\u00e7\u00e3o na Venezuela"},"content":{"rendered":"<p> <br \/>\n<\/p>\n<div>\n<p>O presidente Luiz In\u00e1cio Lula da Silva divulgou na noite de s\u00e1bado (24) uma declara\u00e7\u00e3o conjunta com o presidente da Col\u00f4mbia, Gustavo Petro, em que voltam a cobrar a divulga\u00e7\u00e3o das atas de vota\u00e7\u00e3o das elei\u00e7\u00f5es na Venezuela.<img data-recalc-dims=\"1\" decoding=\"async\" src=\"https:\/\/i0.wp.com\/agenciabrasil.ebc.com.br\/ebc.png?w=696&#038;ssl=1\" style=\"width:1px; height:1px; display:inline;\"\/><img data-recalc-dims=\"1\" decoding=\"async\" src=\"https:\/\/i0.wp.com\/agenciabrasil.ebc.com.br\/ebc.gif?w=696&#038;ssl=1\" style=\"width:1px; height:1px; display:inline;\"\/><\/p>\n<p>\u201cAmbos os presidentes permanecem convencidos de que a credibilidade do processo eleitoral somente poder\u00e1 ser restabelecida mediante a publica\u00e7\u00e3o transparente dos dados desagregados por se\u00e7\u00e3o eleitoral e verific\u00e1veis\u201d, diz a nota conjunta.<\/p>\n<p>O texto afirma que Brasil e Col\u00f4mbia \u201ctomaram nota\u201d da <a href=\"http:\/\/https\/\/agenciabrasil.ebc.com.br\/internacional\/noticia\/2024-08\/supremo-da-venezuela-ratifica-reeleicao-de-maduro-em-decisao-final\" target=\"_blank\" rel=\"noopener\">decis\u00e3o do Tribunal Supremo de Justi\u00e7a (TSJ) da Venezuela<\/a>, que na \u00faltima quinta-feira (22) emitiu uma decis\u00e3o que disse ser definitiva e ratificou a vit\u00f3ria do presidente Nicol\u00e1s Maduro nas elei\u00e7\u00f5es de 28 de julho. A nota, contudo, n\u00e3o reconhece esse resultado.<\/p>\n<p>O comunicado, que foi distribu\u00eddo pelo Minist\u00e9rio das Rela\u00e7\u00f5es Exteriores e tamb\u00e9m publicada neste domingo (25) no perfil oficial de Lula na rede social X, afirma que Brasil e Col\u00f4mbia \u201creiteram que continuam a aguardar a divulga\u00e7\u00e3o, pelo CNE [Conselho Nacional Eleitoral da Venezuela], das atas desagregadas por se\u00e7\u00e3o de vota\u00e7\u00e3o\u201d.<\/p>\n<p>At\u00e9 o momento, os \u00f3rg\u00e3os oficiais da Venezuela, como o CNE e o TSJ, ainda n\u00e3o apresentaram os dados por mesa de vota\u00e7\u00e3o. A oposi\u00e7\u00e3o garante que tem as atas que d\u00e3o a vit\u00f3ria ao opositor Edmundo Gonz\u00e1lez.<\/p>\n<p>A n\u00e3o publica\u00e7\u00e3o dos dados tem gerado questionamentos sobre o resultado anunciado dentro e fora da Venezuela por n\u00e3o permitir a confirma\u00e7\u00e3o dos votos por cada uma das mais de 30 mil urnas.\u00a0<\/p>\n<p>Dentro da Venezuela, o Minist\u00e9rio P\u00fablico abriu investiga\u00e7\u00e3o para apurar a conduta dos opositores ao governo de Maduro. O \u00f3rg\u00e3o alega a suspeita de que haja uma \u201cconspira\u00e7\u00e3o\u201d contra o resultado das urnas.<\/p>\n<p>A oposi\u00e7\u00e3o e organiza\u00e7\u00f5es sociais t\u00eam denunciado pris\u00f5es arbitr\u00e1rias\u00a0no pa\u00eds no contexto dos protestos p\u00f3s-eleitorais com mais de 1,3 mil presos e mais de 20 \u00f3bitos. J\u00e1 o governo afirma que luta contra grupos criminosos que atacam pr\u00e9dios p\u00fablicos, lideran\u00e7as chavistas e policiais, o que j\u00e1 teria causado a morte de 25 pessoas e ferido 97 membros das for\u00e7as de seguran\u00e7a.<\/p>\n<p>Na declara\u00e7\u00e3o deste s\u00e1bado, Lula e Petro \u201cconclamam todos os envolvidos a evitar recorrer a atos de viol\u00eancia e \u00e0 repress\u00e3o\u201d. Eles tamb\u00e9m criticaram a imposi\u00e7\u00e3o unilateral de san\u00e7\u00f5es \u00e0 Venezuela por parte de outros pa\u00edses.<\/p>\n<p>A manifesta\u00e7\u00e3o de Lula e Petro ocorre um dia depois de os <a href=\"https:\/\/agenciabrasil.ebc.com.br\/internacional\/noticia\/2024-08\/eua-e-10-paises-latinos-rejeitam-decisao-de-tribunal-venezuelano\" target=\"_blank\" rel=\"noopener\">Estados Unidos e outros 10 pa\u00edses da Am\u00e9rica Latina terem recha\u00e7ado<\/a> a decis\u00e3o do Supremo venezuelano. Al\u00e9m dos norte-americanos, a carta divulgada na sexta-feira (23) \u00e9 assinada por Argentina, Costa Rica, Chile, Equador, Guatemala, Panam\u00e1, Paraguai, Peru, Rep\u00fablica Dominicana e Uruguai.\u00a0\u00a0<\/p>\n<p><a href=\"https:\/\/www.gov.br\/mre\/pt-br\/canais_atendimento\/imprensa\/notas-a-imprensa\/declaracao-conjunta-de-brasil-e-colombia\" target=\"_blank\" rel=\"noopener\">Confira<\/a> a \u00edntegra da declara\u00e7\u00e3o conjunta dos presidentes de Brasil e Col\u00f4mbia sobre a situa\u00e7\u00e3o na Venezuela.<\/p>\n<p>O Presidente da Rep\u00fablica Federativa do Brasil, Luiz In\u00e1cio Lula da Silva, e o Presidente da Rep\u00fablica da Col\u00f4mbia, Gustavo Petro, mantiveram ontem e hoje (23 e 24\/8) conversas telef\u00f4nicas sobre a quest\u00e3o das elei\u00e7\u00f5es presidenciais na Venezuela. \u00a0<\/p>\n<p>Ambos os presidentes permanecem convencidos de que a credibilidade do processo eleitoral somente poder\u00e1 ser restabelecida mediante a publica\u00e7\u00e3o transparente dos dados desagregados por se\u00e7\u00e3o eleitoral e verific\u00e1veis. \u00a0<\/p>\n<p>A normaliza\u00e7\u00e3o pol\u00edtica da Venezuela requer o reconhecimento de que n\u00e3o existe uma alternativa duradoura ao di\u00e1logo pac\u00edfico e \u00e0 conviv\u00eancia democr\u00e1tica na diversidade. Os dois presidentes conclamam todos os envolvidos a evitar recorrer a atos de viol\u00eancia e \u00e0 repress\u00e3o. \u00a0<\/p>\n<p>Como pa\u00edses vizinhos diretamente interessados na estabilidade da Venezuela e da regi\u00e3o, e testemunhas dos Acordos de Barbados, Brasil e Col\u00f4mbia mant\u00eam abertos seus canais de comunica\u00e7\u00e3o com as partes e reiteram sua disposi\u00e7\u00e3o de facilitar o entendimento entre elas. \u00a0<\/p>\n<p>Brasil e Col\u00f4mbia tomam nota da decis\u00e3o do Tribunal Supremo de Justi\u00e7a (TSJ) da Venezuela sobre o processo eleitoral. Reiteram que continuam a aguardar a divulga\u00e7\u00e3o, pelo CNE, das atas desagregadas por se\u00e7\u00e3o de vota\u00e7\u00e3o e relembram os compromissos assumidos pelo governo e pela oposi\u00e7\u00e3o mediante a assinatura dos Acordos de Barbados, cujo esp\u00edrito de transpar\u00eancia deve ser respeitado. \u00a0Manifestam tamb\u00e9m sua total oposi\u00e7\u00e3o \u00e0 continuada aplica\u00e7\u00e3o de san\u00e7\u00f5es unilaterais como instrumento de press\u00e3o. Compartilham o entendimento de que san\u00e7\u00f5es unilaterais s\u00e3o contr\u00e1rias ao direito internacional e prejudicam a popula\u00e7\u00e3o dos pa\u00edses sancionados, em especial as camadas mais vulner\u00e1veis.<\/p>\n<\/p><\/div>\n<p><br \/>\n<br \/><a href=\"https:\/\/agenciabrasil.ebc.com.br\/internacional\/noticia\/2024-08\/brasil-e-colombia-cobram-atas-de-eleicao-na-venezuela\" rel=\"noopener\">Ag\u00eancia Brasil <\/a><\/p>\n","protected":false},"excerpt":{"rendered":"<p>O presidente Luiz In\u00e1cio Lula da Silva divulgou na noite de s\u00e1bado (24) uma declara\u00e7\u00e3o conjunta com o presidente da Col\u00f4mbia, Gustavo Petro, em que voltam a cobrar a divulga\u00e7\u00e3o das atas de vota\u00e7\u00e3o das elei\u00e7\u00f5es na Venezuela. \u201cAmbos os presidentes permanecem convencidos de que a credibilidade do processo eleitoral somente poder\u00e1 ser restabelecida mediante [&hellip;]<\/p>\n","protected":false},"author":1,"featured_media":269,"comment_status":"open","ping_status":"open","sticky":false,"template":"","format":"standard","meta":{"_jetpack_newsletter_access":"","_jetpack_dont_email_post_to_subs":false,"_jetpack_newsletter_tier_id":0,"_jetpack_memberships_contains_paywalled_content":false,"_mbp_banners":[],"_jetpack_feature_clip_id":0,"_jetpack_memberships_contains_paid_content":false,"footnotes":"","jetpack_publicize_message":"","jetpack_publicize_feature_enabled":true,"jetpack_social_post_already_shared":true,"jetpack_social_options":{"image_generator_settings":{"template":"highway","default_image_id":0,"font":"","enabled":false},"version":2},"jetpack_post_was_ever_published":false},"categories":[25],"tags":[],"class_list":["post-12934","post","type-post","status-publish","format-standard","has-post-thumbnail","category-internacional"],"jetpack_publicize_connections":[],"jetpack-related-posts":[],"jetpack_shortlink":"https:\/\/wp.me\/p7Eq1F-3mC","jetpack_sharing_enabled":true,"jetpack_featured_media_url":"https:\/\/i0.wp.com\/guialimeira.com.br\/news\/wp-content\/uploads\/2024\/03\/thumb_1200x600_agbrasil.png?fit=1200%2C600&ssl=1","_links":{"self":[{"href":"https:\/\/guialimeira.com.br\/news\/wp-json\/wp\/v2\/posts\/12934","targetHints":{"allow":["GET"]}}],"collection":[{"href":"https:\/\/guialimeira.com.br\/news\/wp-json\/wp\/v2\/posts"}],"about":[{"href":"https:\/\/guialimeira.com.br\/news\/wp-json\/wp\/v2\/types\/post"}],"author":[{"embeddable":true,"href":"https:\/\/guialimeira.com.br\/news\/wp-json\/wp\/v2\/users\/1"}],"replies":[{"embeddable":true,"href":"https:\/\/guialimeira.com.br\/news\/wp-json\/wp\/v2\/comments?post=12934"}],"version-history":[{"count":0,"href":"https:\/\/guialimeira.com.br\/news\/wp-json\/wp\/v2\/posts\/12934\/revisions"}],"wp:featuredmedia":[{"embeddable":true,"href":"https:\/\/guialimeira.com.br\/news\/wp-json\/wp\/v2\/media\/269"}],"wp:attachment":[{"href":"https:\/\/guialimeira.com.br\/news\/wp-json\/wp\/v2\/media?parent=12934"}],"wp:term":[{"taxonomy":"category","embeddable":true,"href":"https:\/\/guialimeira.com.br\/news\/wp-json\/wp\/v2\/categories?post=12934"},{"taxonomy":"post_tag","embeddable":true,"href":"https:\/\/guialimeira.com.br\/news\/wp-json\/wp\/v2\/tags?post=12934"}],"curies":[{"name":"wp","href":"https:\/\/api.w.org\/{rel}","templated":true}]}}