{"id":12847,"date":"2024-08-23T15:29:55","date_gmt":"2024-08-23T18:29:55","guid":{"rendered":"https:\/\/guialimeira.com.br\/2024\/08\/23\/venezuela-quer-proibir-candidatura-que-nao-acatar-reeleicao-de-maduro\/"},"modified":"2024-08-23T15:29:55","modified_gmt":"2024-08-23T18:29:55","slug":"venezuela-quer-proibir-candidatura-que-nao-acatar-reeleicao-de-maduro","status":"publish","type":"post","link":"https:\/\/guialimeira.com.br\/news\/venezuela-quer-proibir-candidatura-que-nao-acatar-reeleicao-de-maduro\/","title":{"rendered":"Venezuela quer proibir candidatura que n\u00e3o acatar reelei\u00e7\u00e3o de Maduro"},"content":{"rendered":"<p> <br \/>\n<\/p>\n<div>\n<p>O governo de Nicolas Maduro na Venezuela tem defendido aprovar na Assembleia Nacional do pa\u00eds uma reforma eleitoral que pro\u00edba a candidatura de pol\u00edticos que n\u00e3o acatem decis\u00f5es judiciais, em especial, a decis\u00e3o do Tribunal Supremo de Justi\u00e7a (TSJ) que <a href=\"http:\/\/\u00a0https:\/\/agenciabrasil.ebc.com.br\/internacional\/noticia\/2024-08\/supremo-da-venezuela-ratifica-reeleicao-de-maduro-em-decisao-final\" target=\"_blank\" rel=\"noopener\">reiterou a vit\u00f3ria de Maduro<\/a> na elei\u00e7\u00e3o de 28 de julho, ainda que n\u00e3o tenha apresentado as atas da vota\u00e7\u00e3o.<img data-recalc-dims=\"1\" decoding=\"async\" src=\"https:\/\/i0.wp.com\/agenciabrasil.ebc.com.br\/ebc.png?w=696&#038;ssl=1\" style=\"width:1px; height:1px; display:inline;\"\/><img data-recalc-dims=\"1\" decoding=\"async\" src=\"https:\/\/i0.wp.com\/agenciabrasil.ebc.com.br\/ebc.gif?w=696&#038;ssl=1\" style=\"width:1px; height:1px; display:inline;\"\/><\/p>\n<p>O presidente da Assembleia Nacional, o deputado governista Jorge Rodr\u00edguez, na sess\u00e3o do parlamento dessa quinta-feira (22), defendeu uma nova lei que pro\u00edba a candidatura de quem n\u00e3o acatar a decis\u00e3o do Supremo.<\/p>\n<p>\u201cSe querem entrar no jogo democr\u00e1tico, o primeiro que tem que fazer \u00e9 acatar essa senten\u00e7a [do TSJ]. \u00c9 obrigat\u00f3rio. Quem descumprir essa senten\u00e7a n\u00e3o deve vir depois se inscrever para deputado ou registrar candidaturas a governadores e prefeitos\u201d, afirmou o chefe do Legislativo.<\/p>\n<p>No mesmo dia, a proposta recebeu o apoio do presidente Nicol\u00e1s Maduro. \u201cEstou de acordo com a proposta que surgiu na Assembleia Nacional de fazer uma refor\u00e7a de todas as leis eleitorais e que n\u00e3o possam participar em processos eleitorais aqueles que desconhe\u00e7am as leis, os poderes p\u00fablicos e \u00e0 Constitui\u00e7\u00e3o\u201d, afirmou.<\/p>\n<p>A proposta surge ap\u00f3s parte da oposi\u00e7\u00e3o n\u00e3o reconhecer a senten\u00e7a judicial que reiterou a vit\u00f3ria de Maduro na elei\u00e7\u00e3o presidencial de 28 de julho. Em uma rede social, o candidato opositor Edmundo Gonz\u00e1lez, que sustenta\u00a0ser o verdadeiro vencedor da elei\u00e7\u00e3o, afirmou que \u201cnenhuma senten\u00e7a deter\u00e1 a verdade\u201d.<\/p>\n<p>\u201cTentar judicializar o resultado das elei\u00e7\u00f5es n\u00e3o muda a verdade. Ganhamos esmagadoramente e temos as atas que demonstram. Desde que o Nicol\u00e1s Maduro recorreu ao que deveria ser o Tribunal m\u00e1ximo da na\u00e7\u00e3o, sab\u00edamos que n\u00e3o buscava outra coisa que n\u00e3o negar a verdade. Ditaram uma senten\u00e7a que atende\u00a0ao regime\u201d, afirmou Gonz\u00e1lez, acrescentando que o TSJ \u00e9 um bra\u00e7o do governo Maduro.<\/p>\n<h2>Uni\u00e3o Europeia e M\u00e9xico<\/h2>\n<p>O representante da Uni\u00e3o Europeia para assuntos estrangeiros, Josep Borell, declarou nesta sexta-feira (23) que o bloco n\u00e3o vai reconhece o governo Maduro caso as atas n\u00e3o sejam verificadas.<\/p>\n<p>&#8220;Todos devem poder verificar qual \u00e9 o resultado de uma elei\u00e7\u00e3o. Entretanto, isso ainda n\u00e3o aconteceu [na Venezuela] e praticamente perdemos a esperan\u00e7a que aconte\u00e7a&#8221;, disse Borrell, segundo a ag\u00eancia de not\u00edcias ROT, de Portugal.<\/p>\n<p>A Uni\u00e3o Europeia j\u00e1 n\u00e3o reconhece o governo Maduro ao menos desde 2017, quando o pa\u00eds elegeu uma Assembleia Constituinte, dando in\u00edcio ao atual bloqueio econ\u00f4mico contra o pa\u00eds sul-americano.<\/p>\n<p>O presidente mexicano, Manuel L\u00f3pez Obrador, ao ser questionado se reconhecer\u00e1 o terceiro mandato do governo Maduro, disse que ainda \u00e9 preciso esperar as atas eleitorais.<\/p>\n<p>\u201c[O TSJ] recomenda que se venham a conhecer as atas. Tem uma data na resolu\u00e7\u00e3o [da Justi\u00e7a]. Vamos esperar que se conhe\u00e7a as atas. O parecer resolve o Tribunal e pede ao CNE que venha a apresentar as atas\u201d, disse Obrador.<\/p>\n<h2>Senten\u00e7a<\/h2>\n<p>Ap\u00f3s per\u00edcia realizada pelo Tribunal, a Corte confirmou a vit\u00f3ria de Maduro anunciada pelo Conselho Nacional Eleitoral (CNE). Sem apresentar as atas, a\u00a0Sala Eleitoral do TSJ determinou que o CNE [Conselho Nacional Eleitoral]\u00a0publique \u201cos resultados definitivos\u201d da elei\u00e7\u00e3o no\u00a0Di\u00e1rio Oficial\u00a0do pa\u00eds. Al\u00e9m disso, a Corte certificou que o Poder Eleitoral foi v\u00edtima de um ataque cibern\u00e9tico, que teria impedido o trabalho da institui\u00e7\u00e3o.\u00a0<\/p>\n<p>A decis\u00e3o citou o artigo 155 da Lei Org\u00e2nica dos Processos Eleitorais do pa\u00eds. O dispositivo define que o CNE deve publicar os dados no\u00a0Di\u00e1rio Oficial\u00a0em at\u00e9 30 dias ap\u00f3s a proclama\u00e7\u00e3o do candidato. Com isso, o CNE deve publicar os dados at\u00e9 o dia 30 de agosto. Em elei\u00e7\u00f5es anteriores, o Poder Eleitoral publicava os dados no site na internet poucas horas ou dias ap\u00f3s a proclama\u00e7\u00e3o do vencedor.\u00a0<\/p>\n<\/p><\/div>\n<p><br \/>\n<br \/><a href=\"https:\/\/agenciabrasil.ebc.com.br\/internacional\/noticia\/2024-08\/venezuela-quer-proibir-candidatura-que-nao-acatar-reeleicao-de-maduro\" rel=\"noopener\">Ag\u00eancia Brasil <\/a><\/p>\n","protected":false},"excerpt":{"rendered":"<p>O governo de Nicolas Maduro na Venezuela tem defendido aprovar na Assembleia Nacional do pa\u00eds uma reforma eleitoral que pro\u00edba a candidatura de pol\u00edticos que n\u00e3o acatem decis\u00f5es judiciais, em especial, a decis\u00e3o do Tribunal Supremo de Justi\u00e7a (TSJ) que reiterou a vit\u00f3ria de Maduro na elei\u00e7\u00e3o de 28 de julho, ainda que n\u00e3o tenha [&hellip;]<\/p>\n","protected":false},"author":1,"featured_media":12848,"comment_status":"open","ping_status":"open","sticky":false,"template":"","format":"standard","meta":{"_jetpack_newsletter_access":"","_jetpack_dont_email_post_to_subs":false,"_jetpack_newsletter_tier_id":0,"_jetpack_memberships_contains_paywalled_content":false,"_mbp_banners":[],"_jetpack_feature_clip_id":0,"_jetpack_memberships_contains_paid_content":false,"footnotes":"","jetpack_publicize_message":"","jetpack_publicize_feature_enabled":true,"jetpack_social_post_already_shared":true,"jetpack_social_options":{"image_generator_settings":{"template":"highway","default_image_id":0,"font":"","enabled":false},"version":2},"jetpack_post_was_ever_published":false},"categories":[25],"tags":[],"class_list":["post-12847","post","type-post","status-publish","format-standard","has-post-thumbnail","category-internacional"],"jetpack_publicize_connections":[],"jetpack-related-posts":[],"jetpack_shortlink":"https:\/\/wp.me\/p7Eq1F-3ld","jetpack_sharing_enabled":true,"jetpack_featured_media_url":"https:\/\/i0.wp.com\/guialimeira.com.br\/news\/wp-content\/uploads\/2024\/08\/2024-08-04t002040z_664949788_rc2j89akxly7_rtrmadp_3_venezuela-election-maduro-s-supporters_0.jpg?fit=1600%2C800&ssl=1","_links":{"self":[{"href":"https:\/\/guialimeira.com.br\/news\/wp-json\/wp\/v2\/posts\/12847","targetHints":{"allow":["GET"]}}],"collection":[{"href":"https:\/\/guialimeira.com.br\/news\/wp-json\/wp\/v2\/posts"}],"about":[{"href":"https:\/\/guialimeira.com.br\/news\/wp-json\/wp\/v2\/types\/post"}],"author":[{"embeddable":true,"href":"https:\/\/guialimeira.com.br\/news\/wp-json\/wp\/v2\/users\/1"}],"replies":[{"embeddable":true,"href":"https:\/\/guialimeira.com.br\/news\/wp-json\/wp\/v2\/comments?post=12847"}],"version-history":[{"count":0,"href":"https:\/\/guialimeira.com.br\/news\/wp-json\/wp\/v2\/posts\/12847\/revisions"}],"wp:featuredmedia":[{"embeddable":true,"href":"https:\/\/guialimeira.com.br\/news\/wp-json\/wp\/v2\/media\/12848"}],"wp:attachment":[{"href":"https:\/\/guialimeira.com.br\/news\/wp-json\/wp\/v2\/media?parent=12847"}],"wp:term":[{"taxonomy":"category","embeddable":true,"href":"https:\/\/guialimeira.com.br\/news\/wp-json\/wp\/v2\/categories?post=12847"},{"taxonomy":"post_tag","embeddable":true,"href":"https:\/\/guialimeira.com.br\/news\/wp-json\/wp\/v2\/tags?post=12847"}],"curies":[{"name":"wp","href":"https:\/\/api.w.org\/{rel}","templated":true}]}}