{"id":12836,"date":"2024-08-23T14:28:55","date_gmt":"2024-08-23T17:28:55","guid":{"rendered":"https:\/\/guialimeira.com.br\/2024\/08\/23\/onu-comite-pede-que-reino-unido-reduza-discurso-de-odio-apos-tumultos\/"},"modified":"2024-08-23T14:28:55","modified_gmt":"2024-08-23T17:28:55","slug":"onu-comite-pede-que-reino-unido-reduza-discurso-de-odio-apos-tumultos","status":"publish","type":"post","link":"https:\/\/guialimeira.com.br\/news\/onu-comite-pede-que-reino-unido-reduza-discurso-de-odio-apos-tumultos\/","title":{"rendered":"ONU: comit\u00ea pede que Reino Unido reduza discurso de \u00f3dio ap\u00f3s tumultos"},"content":{"rendered":"<p> <br \/>\n<\/p>\n<div>\n<p>Um comit\u00ea da Organiza\u00e7\u00e3o das Na\u00e7\u00f5es Unidas pediu nesta sexta-feira (23) que o Reino Unido aprove medidas para coibir discurso de \u00f3dio e ret\u00f3rica xenof\u00f3bica que, segundo o \u00f3rg\u00e3o, tiveram influ\u00eancia direta em alimentar os tumultos recentes no pa\u00eds.<img data-recalc-dims=\"1\" decoding=\"async\" src=\"https:\/\/i0.wp.com\/agenciabrasil.ebc.com.br\/ebc.png?w=696&#038;ssl=1\" style=\"width:1px; height:1px; display:inline;\"\/><img data-recalc-dims=\"1\" decoding=\"async\" src=\"https:\/\/i0.wp.com\/agenciabrasil.ebc.com.br\/ebc.gif?w=696&#038;ssl=1\" style=\"width:1px; height:1px; display:inline;\"\/><\/p>\n<p>Os dist\u00farbios racistas envolvendo grupos de extrema direita eclodiram em <a href=\"https:\/\/agenciabrasil.ebc.com.br\/internacional\/noticia\/2024-08\/mais-de-100-sao-detidos-na-inglaterra-em-protestos-anti-imigracao\" target=\"_blank\" rel=\"noopener\">protestos contra a imigra\u00e7\u00e3o<\/a> em todo o Reino Unido em agosto, ap\u00f3s <a href=\"https:\/\/agenciabrasil.ebc.com.br\/internacional\/noticia\/2024-07\/dezenas-de-policiais-britanicos-ficam-feridos-apos-morte-de-3-meninas\" target=\"_blank\" rel=\"noopener\">informa\u00e7\u00f5es falsas circularem na internet<\/a> dizendo que o suspeito de um ataque mortal contra meninas era um imigrante isl\u00e2mico.<\/p>\n<p>&#8220;[O Comit\u00ea] est\u00e1 preocupado com a persist\u00eancia e, em alguns casos, com o aumento acentuado de crimes de \u00f3dio, discurso de \u00f3dio e incidentes xenof\u00f3bicos&#8221;, disse o Comit\u00ea para a Elimina\u00e7\u00e3o da Discrimina\u00e7\u00e3o Racial em um comunicado \u00e0 imprensa ap\u00f3s uma an\u00e1lise do hist\u00f3rico do Reino Unido.<\/p>\n<p>Isso incluiu discursos racistas e xen\u00f3fobos por parte de pol\u00edticos e figuras p\u00fablicas na m\u00eddia impressa, de radiodifus\u00e3o e online, afirmou.<\/p>\n<p>O \u00f3rg\u00e3o da ONU n\u00e3o citou os nomes dos pol\u00edticos ou dos ve\u00edculos de m\u00eddia envolvidos, mas G\u00fcn Kut, membro do Comit\u00ea, disse aos jornalistas haver uma liga\u00e7\u00e3o direta entre discursos xenof\u00f3bicos e viol\u00eancia racial.<\/p>\n<p>&#8220;H\u00e1 uma preocupa\u00e7\u00e3o \u00f3bvia com o discurso de \u00f3dio por parte de figuras proeminentes do p\u00fablico&#8221;, disse, em uma coletiva de imprensa em Genebra.<\/p>\n<p>O comit\u00ea da ONU, que revisa os registros de todos os pa\u00edses a cada poucos anos, tamb\u00e9m mencionou preocupa\u00e7\u00f5es com o racismo institucional nos sistemas policial e de Justi\u00e7a brit\u00e2nicos e pediu que o pa\u00eds criasse um mecanismo para investigar as reclama\u00e7\u00f5es.<\/p>\n<p>N\u00e3o houve nenhum coment\u00e1rio do governo brit\u00e2nico em um primeiro momento.<\/p>\n<p>O antigo governo, liderado pelo Partido Conservador, afirmou em documentos enviados \u00e0 ONU estar comprometido com a constru\u00e7\u00e3o de &#8220;um Reino Unido mais justo&#8221; e com o enfrentamento de &#8220;disparidades negativas&#8221;. Ele disse que tomou medidas desde sua \u00faltima revis\u00e3o para tratar das disparidades, como o lan\u00e7amento da estrat\u00e9gia Reino Unido Inclusivo, em 2022.<\/p>\n<p><em>*Reportagem adicional de William James, em Londres<\/em><\/p>\n<p><em><strong>\u00c9 proibida a reprodu\u00e7\u00e3o deste conte\u00fado<\/strong><\/em><\/p>\n<\/p><\/div>\n<p><br \/>\n<br \/><a href=\"https:\/\/agenciabrasil.ebc.com.br\/internacional\/noticia\/2024-08\/onu-comite-pede-que-reino-unido-reduza-discurso-de-odio-apos-tumultos\" rel=\"noopener\">Ag\u00eancia Brasil <\/a><\/p>\n","protected":false},"excerpt":{"rendered":"<p>Um comit\u00ea da Organiza\u00e7\u00e3o das Na\u00e7\u00f5es Unidas pediu nesta sexta-feira (23) que o Reino Unido aprove medidas para coibir discurso de \u00f3dio e ret\u00f3rica xenof\u00f3bica que, segundo o \u00f3rg\u00e3o, tiveram influ\u00eancia direta em alimentar os tumultos recentes no pa\u00eds. Os dist\u00farbios racistas envolvendo grupos de extrema direita eclodiram em protestos contra a imigra\u00e7\u00e3o em todo [&hellip;]<\/p>\n","protected":false},"author":1,"featured_media":12837,"comment_status":"open","ping_status":"open","sticky":false,"template":"","format":"standard","meta":{"_jetpack_newsletter_access":"","_jetpack_dont_email_post_to_subs":false,"_jetpack_newsletter_tier_id":0,"_jetpack_memberships_contains_paywalled_content":false,"_mbp_banners":[],"_jetpack_feature_clip_id":0,"_jetpack_memberships_contains_paid_content":false,"footnotes":"","jetpack_publicize_message":"","jetpack_publicize_feature_enabled":true,"jetpack_social_post_already_shared":true,"jetpack_social_options":{"image_generator_settings":{"template":"highway","default_image_id":0,"font":"","enabled":false},"version":2},"jetpack_post_was_ever_published":false},"categories":[25],"tags":[],"class_list":["post-12836","post","type-post","status-publish","format-standard","has-post-thumbnail","category-internacional"],"jetpack_publicize_connections":[],"jetpack-related-posts":[],"jetpack_shortlink":"https:\/\/wp.me\/p7Eq1F-3l2","jetpack_sharing_enabled":true,"jetpack_featured_media_url":"https:\/\/i0.wp.com\/guialimeira.com.br\/news\/wp-content\/uploads\/2024\/08\/2024-08-23t154618z_1_lynxmpek7m0m6_rtroptp_4_pakistan-britain-riots.jpg?fit=1600%2C800&ssl=1","_links":{"self":[{"href":"https:\/\/guialimeira.com.br\/news\/wp-json\/wp\/v2\/posts\/12836","targetHints":{"allow":["GET"]}}],"collection":[{"href":"https:\/\/guialimeira.com.br\/news\/wp-json\/wp\/v2\/posts"}],"about":[{"href":"https:\/\/guialimeira.com.br\/news\/wp-json\/wp\/v2\/types\/post"}],"author":[{"embeddable":true,"href":"https:\/\/guialimeira.com.br\/news\/wp-json\/wp\/v2\/users\/1"}],"replies":[{"embeddable":true,"href":"https:\/\/guialimeira.com.br\/news\/wp-json\/wp\/v2\/comments?post=12836"}],"version-history":[{"count":0,"href":"https:\/\/guialimeira.com.br\/news\/wp-json\/wp\/v2\/posts\/12836\/revisions"}],"wp:featuredmedia":[{"embeddable":true,"href":"https:\/\/guialimeira.com.br\/news\/wp-json\/wp\/v2\/media\/12837"}],"wp:attachment":[{"href":"https:\/\/guialimeira.com.br\/news\/wp-json\/wp\/v2\/media?parent=12836"}],"wp:term":[{"taxonomy":"category","embeddable":true,"href":"https:\/\/guialimeira.com.br\/news\/wp-json\/wp\/v2\/categories?post=12836"},{"taxonomy":"post_tag","embeddable":true,"href":"https:\/\/guialimeira.com.br\/news\/wp-json\/wp\/v2\/tags?post=12836"}],"curies":[{"name":"wp","href":"https:\/\/api.w.org\/{rel}","templated":true}]}}