{"id":12749,"date":"2024-08-22T10:56:04","date_gmt":"2024-08-22T13:56:04","guid":{"rendered":"https:\/\/guialimeira.com.br\/2024\/08\/22\/tailandia-confirma-primeiro-caso-de-nova-variante-da-mpox\/"},"modified":"2024-08-22T10:56:04","modified_gmt":"2024-08-22T13:56:04","slug":"tailandia-confirma-primeiro-caso-de-nova-variante-da-mpox","status":"publish","type":"post","link":"https:\/\/guialimeira.com.br\/news\/tailandia-confirma-primeiro-caso-de-nova-variante-da-mpox\/","title":{"rendered":"Tail\u00e2ndia confirma primeiro caso de nova variante da mpox"},"content":{"rendered":"<p> <br \/>\n<\/p>\n<div>\n<p>O Minist\u00e9rio da Sa\u00fade P\u00fablica da Tail\u00e2ndia confirmou o primeiro caso da nova variante 1b da mpox no pa\u00eds. Em nota, a pasta informou que o paciente, um homem de 66 anos, viajou recentemente pelo continente africano, que enfrenta\u00a0epidemia dessa\u00a0variante. Ele retornou \u00e0 Tail\u00e2ndia no dia 14 de agosto e, no dia seguinte, apresentou febre e outros sintomas compat\u00edveis com a mpox, sendo internado para tratamento.<img data-recalc-dims=\"1\" decoding=\"async\" src=\"https:\/\/i0.wp.com\/agenciabrasil.ebc.com.br\/ebc.png?w=696&#038;ssl=1\" style=\"width:1px; height:1px; display:inline;\"\/><img data-recalc-dims=\"1\" decoding=\"async\" src=\"https:\/\/i0.wp.com\/agenciabrasil.ebc.com.br\/ebc.gif?w=696&#038;ssl=1\" style=\"width:1px; height:1px; display:inline;\"\/><\/p>\n<p>Um equipe de vigil\u00e2ncia sanit\u00e1ria contabilizou 43 pessoas que tiveram contato pr\u00f3ximo com o paciente, inclusive pessoas que tamb\u00e9m estiveram no continente africano, e\u00a0foram orientadas a observar, ao longo dos pr\u00f3ximos 21 dias, o aparecimento de sintomas como febre, erup\u00e7\u00e3o cut\u00e2nea e g\u00e2nglios linf\u00e1ticos aumentados. Caso algum sinal da doen\u00e7a se manifeste, a recomenda\u00e7\u00e3o do minist\u00e9rio tailand\u00eas \u00e9 procurar atendimento m\u00e9dico.<\/p>\n<p>No comunicado, a pasta ressalta que pelo menos seis <a href=\"https:\/\/agenciabrasil.ebc.com.br\/saude\/noticia\/2024-08\/surto-de-mpox-na-africa-preocupa-oms\" target=\"_blank\" rel=\"noopener\">pa\u00edses africanos <\/a>registram surto de mpox, incluindo a Rep\u00fablica Democr\u00e1tica do Congo, Uganda, Ruanda, o Burundi, Qu\u00eania e a Costa do Marfim. \u201cPassageiros que estiveram nesses pa\u00edses ter\u00e3o a temperatura corporal aferida e ser\u00e3o questionados sobre sintomas observados, sobretudo erup\u00e7\u00f5es cut\u00e2neas\u201d, destacou o governo tailand\u00eas.<\/p>\n<p>Viajantes com sintomas consistentes com mpox, de acordo com a nota, ser\u00e3o isolados e colocados em quarentena. Em seguida, autoridades sanit\u00e1rias far\u00e3o a coleta de amostras para confirma\u00e7\u00e3o ou descarte de casos, al\u00e9m de exames f\u00edsicos adicionais. Desde 2022, a Tail\u00e2ndia confirmou 827 casos de mpox, sendo 140 em 2024 \u2013 todos, at\u00e9 ent\u00e3o, da variante antiga.<\/p>\n<h2>Su\u00e9cia<\/h2>\n<p>Antes da Tail\u00e2ndia, um caso da nova variante 1b j\u00e1 havia sido confirmado na \u00faltima quinta-feira (15), um dia depois que a Organiza\u00e7\u00e3o Mundial da Sa\u00fade (OMS) declarou o cen\u00e1rio de mpox na \u00c1frica emerg\u00eancia em sa\u00fade p\u00fablica de interesse internacional \u2013 o mais alto n\u00edvel de alerta da entidade.<\/p>\n<p>A detec\u00e7\u00e3o da <a href=\"https:\/\/agenciabrasil.ebc.com.br\/internacional\/noticia\/2024-08\/suecia-registra-primeiro-caso-de-mpox-fora-da-africa\" target=\"_blank\" rel=\"noopener\">variante na Su\u00e9cia<\/a> foi a primeira fora do continente africano. Autoridades sanit\u00e1rias suecas informaram, \u00e0 \u00e9poca, que o paciente tamb\u00e9m foi infectado durante passagem pela \u00c1frica e seguia em tratamento.<\/p>\n<p>O diretor-geral da OMS, Tedros Adhanom Ghebreyesus, avaliou que a confirma\u00e7\u00e3o do caso da nova variante na Su\u00e9cia refor\u00e7ava a necessidade de todos os pa\u00edses afetados pela doen\u00e7a combaterem o v\u00edrus de forma conjunta.<\/p>\n<p>\u201cEncorajamos todos os pa\u00edses a ampliar a vigil\u00e2ncia, compartilhar dados e a trabalhar para compreender melhor a transmiss\u00e3o,\u00a0a compartilhar ferramentas como vacinas\u00a0e a aplicar as li\u00e7\u00f5es aprendidas em emerg\u00eancias de sa\u00fade p\u00fablica de interesse internacional anteriores\u201d, escreveu, em seu perfil na rede social X.<\/p>\n<\/p><\/div>\n<p><br \/>\n<br \/><a href=\"https:\/\/agenciabrasil.ebc.com.br\/saude\/noticia\/2024-08\/tailandia-confirma-primeiro-caso-de-nova-variante-da-mpox\" rel=\"noopener\">Ag\u00eancia Brasil <\/a><\/p>\n","protected":false},"excerpt":{"rendered":"<p>O Minist\u00e9rio da Sa\u00fade P\u00fablica da Tail\u00e2ndia confirmou o primeiro caso da nova variante 1b da mpox no pa\u00eds. Em nota, a pasta informou que o paciente, um homem de 66 anos, viajou recentemente pelo continente africano, que enfrenta\u00a0epidemia dessa\u00a0variante. Ele retornou \u00e0 Tail\u00e2ndia no dia 14 de agosto e, no dia seguinte, apresentou febre [&hellip;]<\/p>\n","protected":false},"author":1,"featured_media":12750,"comment_status":"open","ping_status":"open","sticky":false,"template":"","format":"standard","meta":{"_jetpack_newsletter_access":"","_jetpack_dont_email_post_to_subs":false,"_jetpack_newsletter_tier_id":0,"_jetpack_memberships_contains_paywalled_content":false,"_mbp_banners":[],"_jetpack_feature_clip_id":0,"_jetpack_memberships_contains_paid_content":false,"footnotes":"","jetpack_publicize_message":"","jetpack_publicize_feature_enabled":true,"jetpack_social_post_already_shared":true,"jetpack_social_options":{"image_generator_settings":{"template":"highway","default_image_id":0,"font":"","enabled":false},"version":2},"jetpack_post_was_ever_published":false},"categories":[15],"tags":[],"class_list":["post-12749","post","type-post","status-publish","format-standard","has-post-thumbnail","category-saude"],"jetpack_publicize_connections":[],"jetpack-related-posts":[],"jetpack_shortlink":"https:\/\/wp.me\/p7Eq1F-3jD","jetpack_sharing_enabled":true,"jetpack_featured_media_url":"https:\/\/i0.wp.com\/guialimeira.com.br\/news\/wp-content\/uploads\/2024\/08\/2024-08-20t140130z_1463373049_rc2pj9a34q6t_rtrmadp_3_health-mpox.jpg?fit=1600%2C800&ssl=1","_links":{"self":[{"href":"https:\/\/guialimeira.com.br\/news\/wp-json\/wp\/v2\/posts\/12749","targetHints":{"allow":["GET"]}}],"collection":[{"href":"https:\/\/guialimeira.com.br\/news\/wp-json\/wp\/v2\/posts"}],"about":[{"href":"https:\/\/guialimeira.com.br\/news\/wp-json\/wp\/v2\/types\/post"}],"author":[{"embeddable":true,"href":"https:\/\/guialimeira.com.br\/news\/wp-json\/wp\/v2\/users\/1"}],"replies":[{"embeddable":true,"href":"https:\/\/guialimeira.com.br\/news\/wp-json\/wp\/v2\/comments?post=12749"}],"version-history":[{"count":0,"href":"https:\/\/guialimeira.com.br\/news\/wp-json\/wp\/v2\/posts\/12749\/revisions"}],"wp:featuredmedia":[{"embeddable":true,"href":"https:\/\/guialimeira.com.br\/news\/wp-json\/wp\/v2\/media\/12750"}],"wp:attachment":[{"href":"https:\/\/guialimeira.com.br\/news\/wp-json\/wp\/v2\/media?parent=12749"}],"wp:term":[{"taxonomy":"category","embeddable":true,"href":"https:\/\/guialimeira.com.br\/news\/wp-json\/wp\/v2\/categories?post=12749"},{"taxonomy":"post_tag","embeddable":true,"href":"https:\/\/guialimeira.com.br\/news\/wp-json\/wp\/v2\/tags?post=12749"}],"curies":[{"name":"wp","href":"https:\/\/api.w.org\/{rel}","templated":true}]}}