{"id":1273,"date":"2024-04-09T12:12:44","date_gmt":"2024-04-09T15:12:44","guid":{"rendered":"https:\/\/guialimeira.com.br\/2024\/04\/09\/contraventor-piruinha-sera-julgado-nesta-terca-por-homicidio\/"},"modified":"2024-04-09T12:12:44","modified_gmt":"2024-04-09T15:12:44","slug":"contraventor-piruinha-sera-julgado-nesta-terca-por-homicidio","status":"publish","type":"post","link":"https:\/\/guialimeira.com.br\/news\/contraventor-piruinha-sera-julgado-nesta-terca-por-homicidio\/","title":{"rendered":"Contraventor Piruinha ser\u00e1 julgado nesta ter\u00e7a por homic\u00eddio"},"content":{"rendered":"<p> <br \/>\n<\/p>\n<div>\n<p>O 3\u00ba Tribunal do J\u00fari do Rio de Janeiro come\u00e7a a julgar, nesta ter\u00e7a-feira, \u00e0s 13h, o contraventor Jos\u00e9 Caruzzo Escafura, conhecido como Piruinha, por homic\u00eddio qualificado. Ele \u00e9 acusado de assassinar o empres\u00e1rio Natalino Jos\u00e9 do Nascimento Esp\u00edndola, em julho de 2021.<img data-recalc-dims=\"1\" decoding=\"async\" src=\"https:\/\/i0.wp.com\/agenciabrasil.ebc.com.br\/ebc.png?w=696&#038;ssl=1\" style=\"width:1px; height:1px; display:inline;\"\/><img data-recalc-dims=\"1\" decoding=\"async\" src=\"https:\/\/i0.wp.com\/agenciabrasil.ebc.com.br\/ebc.gif?w=696&#038;ssl=1\" style=\"width:1px; height:1px; display:inline;\"\/><\/p>\n<p>Tamb\u00e9m s\u00e3o acusados de participa\u00e7\u00e3o no crime a filha de Piruinha, Monalliza Neves Escafura, e o policial militar Jeckeson Lima Pereira.<\/p>\n<div class=\"dnd-widget-wrapper context-medio_4colunas type-image atom-align-right\">\n<div class=\"dnd-atom-rendered\"><!-- scald=379757:medio_4colunas {\"additionalClasses\":\"\"} --><\/p>\n<div class=\"shadow overflow-hidden rounded-lg d-block w-100\">\n            <img data-recalc-dims=\"1\" decoding=\"async\" src=\"https:\/\/i0.wp.com\/agenciabrasil.ebc.com.br\/sites\/default\/files\/thumbnails\/image\/loading_v2.gif?w=696&#038;ssl=1\" data-echo=\"https:\/\/imagens.ebc.com.br\/RPmSC1iJh2o9drnvbTy519z0Tt0=\/365x0\/smart\/https:\/\/agenciabrasil.ebc.com.br\/sites\/default\/files\/thumbnails\/image\/2024\/04\/09\/f-0acogxkaa4ahg.jpeg?itok=tJlWMYee\" alt=\"Contraventor Jose Caruzzzo Escafura, bicheiro de 94 anos, vai a j\u00fari popular por homic\u00eddio no Rio de Janeiro. Foto: X-Twitter\/Redes Sociais\" title=\"X-Twitter\/Redes Sociais\" class=\"flex-fill img-cover\"\/><br \/>\n        <img data-recalc-dims=\"1\" decoding=\"async\" src=\"https:\/\/i0.wp.com\/imagens.ebc.com.br\/RPmSC1iJh2o9drnvbTy519z0Tt0%3D\/365x0\/smart\/https%3A\/\/agenciabrasil.ebc.com.br\/sites\/default\/files\/thumbnails\/image\/2024\/04\/09\/f-0acogxkaa4ahg.jpeg?w=696&#038;ssl=1\" alt=\"Contraventor Jose Caruzzzo Escafura, bicheiro de 94 anos, vai a j\u00fari popular por homic\u00eddio no Rio de Janeiro. Foto: X-Twitter\/Redes Sociais\" title=\"X-Twitter\/Redes Sociais\" class=\"flex-fill img-cover\"\/>\n    <\/div>\n<p><!-- END scald=379757 --><\/div>\n<div class=\"dnd-caption-wrapper\">\n<p><!--copyright=379757-->Bicheiro de 94 anos\u00a0vai a j\u00fari popular por homic\u00eddio no Rio de Janeiro. Foto:\u00a0<strong>X-Twitter\/Redes Sociais<\/strong><!--END copyright=379757--><\/p>\n<\/div>\n<\/div>\n<p>Segundo investiga\u00e7\u00f5es policiais, Natalino Jos\u00e9 teria sido executado por Jeckeson, em uma emboscada, a mando de Piruinha e de sua filha, quando ia p\u00e9 para sua loja de venda de carros, em Vila Valqueire, na zona norte da cidade do Rio de Janeiro.<\/p>\n<p>Segundo o Tribunal de Justi\u00e7a, a\u00a0fam\u00edlia de Piruinha tem envolvimento h\u00e1 d\u00e9cadas com a explora\u00e7\u00e3o dos jogos de azar na zona norte da cidade.\u00a0As investiga\u00e7\u00f5es mostraram que a fam\u00edlia Escafura teve preju\u00edzos milion\u00e1rios com um empreendimento de Natalino Jos\u00e9 em uma construtora e buscou, sem sucesso, reaver o dinheiro perdido.<\/p>\n<p>Pelo crime, Piruinha foi preso preventivamente em maio de 2022. Desde dezembro daquele ano, no entanto, ele cumpre <a href=\"https:\/\/agenciabrasil.ebc.com.br\/geral\/noticia\/2022-12\/rio-justica-manda-soltar-jose-escafura-por-saude-debilitada\" target=\"_blank\" rel=\"noopener\">pris\u00e3o domiciliar<\/a>, depois de ser internado por uma fratura do f\u00eamur ao cair no banheiro da Casa do Albergado Crispim Valentino, em Benfica.\u00a0<\/p>\n<p>Com 94 anos de idade, Piruinha apresentou atestado m\u00e9dico e participar\u00e1 do julgamento atrav\u00e9s de videoconfer\u00eancia.<\/p>\n<\/p><\/div>\n<p><br \/>\n<br \/><a href=\"https:\/\/agenciabrasil.ebc.com.br\/geral\/noticia\/2024-04\/contraventor-piruinha-sera-julgado-nesta-terca-por-homicidio\" rel=\"noopener\">Ag\u00eancia Brasil<\/a><\/p>\n","protected":false},"excerpt":{"rendered":"<p>O 3\u00ba Tribunal do J\u00fari do Rio de Janeiro come\u00e7a a julgar, nesta ter\u00e7a-feira, \u00e0s 13h, o contraventor Jos\u00e9 Caruzzo Escafura, conhecido como Piruinha, por homic\u00eddio qualificado. Ele \u00e9 acusado de assassinar o empres\u00e1rio Natalino Jos\u00e9 do Nascimento Esp\u00edndola, em julho de 2021. Tamb\u00e9m s\u00e3o acusados de participa\u00e7\u00e3o no crime a filha de Piruinha, Monalliza [&hellip;]<\/p>\n","protected":false},"author":1,"featured_media":1274,"comment_status":"open","ping_status":"open","sticky":false,"template":"","format":"standard","meta":{"_jetpack_newsletter_access":"","_jetpack_dont_email_post_to_subs":false,"_jetpack_newsletter_tier_id":0,"_jetpack_memberships_contains_paywalled_content":false,"_mbp_banners":[],"_jetpack_feature_clip_id":0,"_jetpack_memberships_contains_paid_content":false,"footnotes":"","jetpack_publicize_message":"","jetpack_publicize_feature_enabled":true,"jetpack_social_post_already_shared":true,"jetpack_social_options":{"image_generator_settings":{"template":"highway","default_image_id":0,"font":"","enabled":false},"version":2},"jetpack_post_was_ever_published":false},"categories":[22],"tags":[],"class_list":["post-1273","post","type-post","status-publish","format-standard","has-post-thumbnail","category-nacional"],"jetpack_publicize_connections":[],"jetpack-related-posts":[],"jetpack_shortlink":"https:\/\/wp.me\/p7Eq1F-kx","jetpack_sharing_enabled":true,"jetpack_featured_media_url":"https:\/\/i0.wp.com\/guialimeira.com.br\/news\/wp-content\/uploads\/2024\/04\/f-0acogxkaa4ahg.jpeg?fit=1600%2C800&ssl=1","_links":{"self":[{"href":"https:\/\/guialimeira.com.br\/news\/wp-json\/wp\/v2\/posts\/1273","targetHints":{"allow":["GET"]}}],"collection":[{"href":"https:\/\/guialimeira.com.br\/news\/wp-json\/wp\/v2\/posts"}],"about":[{"href":"https:\/\/guialimeira.com.br\/news\/wp-json\/wp\/v2\/types\/post"}],"author":[{"embeddable":true,"href":"https:\/\/guialimeira.com.br\/news\/wp-json\/wp\/v2\/users\/1"}],"replies":[{"embeddable":true,"href":"https:\/\/guialimeira.com.br\/news\/wp-json\/wp\/v2\/comments?post=1273"}],"version-history":[{"count":0,"href":"https:\/\/guialimeira.com.br\/news\/wp-json\/wp\/v2\/posts\/1273\/revisions"}],"wp:featuredmedia":[{"embeddable":true,"href":"https:\/\/guialimeira.com.br\/news\/wp-json\/wp\/v2\/media\/1274"}],"wp:attachment":[{"href":"https:\/\/guialimeira.com.br\/news\/wp-json\/wp\/v2\/media?parent=1273"}],"wp:term":[{"taxonomy":"category","embeddable":true,"href":"https:\/\/guialimeira.com.br\/news\/wp-json\/wp\/v2\/categories?post=1273"},{"taxonomy":"post_tag","embeddable":true,"href":"https:\/\/guialimeira.com.br\/news\/wp-json\/wp\/v2\/tags?post=1273"}],"curies":[{"name":"wp","href":"https:\/\/api.w.org\/{rel}","templated":true}]}}