{"id":12676,"date":"2024-08-21T10:38:00","date_gmt":"2024-08-21T13:38:00","guid":{"rendered":"https:\/\/guialimeira.com.br\/2024\/08\/21\/dirigente-da-ala-militar-do-fatah-e-assassinado-em-ataque-no-libano\/"},"modified":"2024-08-21T10:38:00","modified_gmt":"2024-08-21T13:38:00","slug":"dirigente-da-ala-militar-do-fatah-e-assassinado-em-ataque-no-libano","status":"publish","type":"post","link":"https:\/\/guialimeira.com.br\/news\/dirigente-da-ala-militar-do-fatah-e-assassinado-em-ataque-no-libano\/","title":{"rendered":"Dirigente da ala militar do Fatah \u00e9 assassinado em ataque no L\u00edbano"},"content":{"rendered":"<p> <br \/>\n<\/p>\n<div>\n<p>Um dirigente da ala militar do Fatah, o mais importante partido palestino, foi morto em um ataque atribu\u00eddo a Israel nesta quarta-feira (21) em Saida, no sul do L\u00edbano, informaram um membro da for\u00e7a pol\u00edtica palestina e uma fonte da seguran\u00e7a libanesa. Trata-se de Khalil Magdah, um dirigente das Brigadas dos M\u00e1rtires de Al-Aqsa, uma das mil\u00edcias ligadas ao Fatah.<img data-recalc-dims=\"1\" decoding=\"async\" src=\"https:\/\/i0.wp.com\/agenciabrasil.ebc.com.br\/ebc.png?w=696&#038;ssl=1\" style=\"width:1px; height:1px; display:inline;\"\/><img data-recalc-dims=\"1\" decoding=\"async\" src=\"https:\/\/i0.wp.com\/agenciabrasil.ebc.com.br\/ebc.gif?w=696&#038;ssl=1\" style=\"width:1px; height:1px; display:inline;\"\/><\/p>\n<p>Esta \u00e9 a primeira vez em que se confirma a morte de um elemento relacionado ao partido do presidente da Autoridade Palestiniana, Mahmud Abbas, desde o in\u00edcio do fogo cruzado transfronteiri\u00e7o entre as for\u00e7as de Israel e do movimento xiita liban\u00eas Hezbollah, h\u00e1 pouco mais de dez meses.<\/p>\n<p>Khalil Maqdah &#8220;foi alvo do ataque israelense em Saida&#8221;, disse Fathi Abu Al-Aradat um membro de alto escal\u00e3o da for\u00e7a pol\u00edtica palestina, em declara\u00e7\u00f5es \u00e0 ag\u00eancia francesa AFP.<\/p>\n<p>Tamb\u00e9m em declara\u00e7\u00f5es \u00e0 AFP, uma fonte da seguran\u00e7a libanesa disse que o ataque israelense teve como alvo o carro do dirigente, quando este circulava perto dos campos palestinos junto a Saida, a principal cidade do Sul do L\u00edbano.<\/p>\n<p>Um correspondente da AFP reportou um carro em chamas do qual as equipes de emerg\u00eancia m\u00e9dica retiraram um corpo.<\/p>\n<p>Em uma declara\u00e7\u00e3o ao canal al-Mayadeen, com sede em Beirute, o l\u00edder das Brigadas dos M\u00e1rtires de Al-Aqsa, Mounir Maqdah, confirmou que o ataque tinha seu irm\u00e3o Khalil Maqdah como alvo, acrescentando que ele era um alto funcion\u00e1rio da ala militar do Fatah e membro das brigadas.<\/p>\n<p>J\u00e1 em Ramallah, sede da Autoridade Palestina na Cisjord\u00e2nia ocupada, um membro do comit\u00ea central do Fatah afirmou que o &#8220;assassinato&#8221; de Khalil Maqdah \u00e9 &#8220;mais uma prova de que Israel quer incendiar a regi\u00e3o e mergulh\u00e1-la em uma guerra total&#8221;.<\/p>\n<p>&#8220;As for\u00e7as de ocupa\u00e7\u00e3o utilizam o sangue palestino (&#8230;) para alimentar o fogo da guerra&#8221; na Faixa de Gaza, declarou Toufiq Tirawy, tamb\u00e9m citado pela AFP.<\/p>\n<p>Desde o in\u00edcio da guerra na Faixa de Gaza, em outubro passado, o movimento xiita liban\u00eas Hezbollah (pr\u00f3-iraniano) e os seus aliados, incluindo o grupo islamita palestino Hamas, t\u00eam reivindicado a autoria de ataques contra Israel a partir do Sul do L\u00edbano, mas o Fatah n\u00e3o tem se associado a esta onda de viol\u00eancia.<\/p>\n<p>O Ex\u00e9rcito de Israel tem retaliado com ataques dentro do territ\u00f3rio liban\u00eas mirando, em particular, dirigentes do Hezbollah.<\/p>\n<\/p><\/div>\n<p><br \/>\n<br \/><a href=\"https:\/\/agenciabrasil.ebc.com.br\/internacional\/noticia\/2024-08\/dirigente-da-ala-militar-do-fatah-e-assassinado-em-ataque-no-libano\" rel=\"noopener\">Ag\u00eancia Brasil <\/a><\/p>\n","protected":false},"excerpt":{"rendered":"<p>Um dirigente da ala militar do Fatah, o mais importante partido palestino, foi morto em um ataque atribu\u00eddo a Israel nesta quarta-feira (21) em Saida, no sul do L\u00edbano, informaram um membro da for\u00e7a pol\u00edtica palestina e uma fonte da seguran\u00e7a libanesa. Trata-se de Khalil Magdah, um dirigente das Brigadas dos M\u00e1rtires de Al-Aqsa, uma [&hellip;]<\/p>\n","protected":false},"author":1,"featured_media":269,"comment_status":"open","ping_status":"open","sticky":false,"template":"","format":"standard","meta":{"_jetpack_newsletter_access":"","_jetpack_dont_email_post_to_subs":false,"_jetpack_newsletter_tier_id":0,"_jetpack_memberships_contains_paywalled_content":false,"_mbp_banners":[],"_jetpack_feature_clip_id":0,"_jetpack_memberships_contains_paid_content":false,"footnotes":"","jetpack_publicize_message":"","jetpack_publicize_feature_enabled":true,"jetpack_social_post_already_shared":true,"jetpack_social_options":{"image_generator_settings":{"template":"highway","default_image_id":0,"font":"","enabled":false},"version":2},"jetpack_post_was_ever_published":false},"categories":[25],"tags":[],"class_list":["post-12676","post","type-post","status-publish","format-standard","has-post-thumbnail","category-internacional"],"jetpack_publicize_connections":[],"jetpack-related-posts":[],"jetpack_shortlink":"https:\/\/wp.me\/p7Eq1F-3is","jetpack_sharing_enabled":true,"jetpack_featured_media_url":"https:\/\/i0.wp.com\/guialimeira.com.br\/news\/wp-content\/uploads\/2024\/03\/thumb_1200x600_agbrasil.png?fit=1200%2C600&ssl=1","_links":{"self":[{"href":"https:\/\/guialimeira.com.br\/news\/wp-json\/wp\/v2\/posts\/12676","targetHints":{"allow":["GET"]}}],"collection":[{"href":"https:\/\/guialimeira.com.br\/news\/wp-json\/wp\/v2\/posts"}],"about":[{"href":"https:\/\/guialimeira.com.br\/news\/wp-json\/wp\/v2\/types\/post"}],"author":[{"embeddable":true,"href":"https:\/\/guialimeira.com.br\/news\/wp-json\/wp\/v2\/users\/1"}],"replies":[{"embeddable":true,"href":"https:\/\/guialimeira.com.br\/news\/wp-json\/wp\/v2\/comments?post=12676"}],"version-history":[{"count":0,"href":"https:\/\/guialimeira.com.br\/news\/wp-json\/wp\/v2\/posts\/12676\/revisions"}],"wp:featuredmedia":[{"embeddable":true,"href":"https:\/\/guialimeira.com.br\/news\/wp-json\/wp\/v2\/media\/269"}],"wp:attachment":[{"href":"https:\/\/guialimeira.com.br\/news\/wp-json\/wp\/v2\/media?parent=12676"}],"wp:term":[{"taxonomy":"category","embeddable":true,"href":"https:\/\/guialimeira.com.br\/news\/wp-json\/wp\/v2\/categories?post=12676"},{"taxonomy":"post_tag","embeddable":true,"href":"https:\/\/guialimeira.com.br\/news\/wp-json\/wp\/v2\/tags?post=12676"}],"curies":[{"name":"wp","href":"https:\/\/api.w.org\/{rel}","templated":true}]}}