{"id":1264,"date":"2024-04-09T11:11:42","date_gmt":"2024-04-09T14:11:42","guid":{"rendered":"https:\/\/guialimeira.com.br\/2024\/04\/09\/lei-cria-sistema-nacional-de-bibliotecas-escolares\/"},"modified":"2024-04-09T11:11:42","modified_gmt":"2024-04-09T14:11:42","slug":"lei-cria-sistema-nacional-de-bibliotecas-escolares","status":"publish","type":"post","link":"https:\/\/guialimeira.com.br\/news\/lei-cria-sistema-nacional-de-bibliotecas-escolares\/","title":{"rendered":"Lei cria Sistema Nacional de Bibliotecas Escolares"},"content":{"rendered":"<p> <br \/>\n<\/p>\n<div>\n<p>A lei 12.244\/2010, que trata da universaliza\u00e7\u00e3o das bibliotecas nas institui\u00e7\u00f5es brasileiras de ensino, foi ampliada pelo Congresso Nacional, que criou o Sistema Nacional de Bibliotecas Escolares, al\u00e9m de somar aos espa\u00e7os de democratiza\u00e7\u00e3o da informa\u00e7\u00e3o outras finalidades, como encontro de lazer e suporte \u00e0s comunidades.<img data-recalc-dims=\"1\" decoding=\"async\" src=\"https:\/\/i0.wp.com\/agenciabrasil.ebc.com.br\/ebc.png?w=696&#038;ssl=1\" style=\"width:1px; height:1px; display:inline;\"\/><img data-recalc-dims=\"1\" decoding=\"async\" src=\"https:\/\/i0.wp.com\/agenciabrasil.ebc.com.br\/ebc.gif?w=696&#038;ssl=1\" style=\"width:1px; height:1px; display:inline;\"\/><\/p>\n<p>A vers\u00e3o atualizada foi sancionada pelo presidente Luiz In\u00e1cio Lula da Silva e publicada nesta ter\u00e7a-feira (9), no <a href=\"https:\/\/in.gov.br\/web\/dou\/-\/lei-n-14.837-de-8-de-abril-de-2024-552783113\" target=\"_blank\" rel=\"noopener\"><em>Di\u00e1rio Oficial da Uni\u00e3o<\/em><\/a>.<\/p>\n<h2>Centros de cultura<\/h2>\n<p>Segundo a lei, a atual rede de bibliotecas escolares dever\u00e1 ser melhorada para tamb\u00e9m funcionar como centros de a\u00e7\u00e3o cultural e educacional permanentes. A ideia \u00e9 definir um acervo m\u00ednimo de livros e materiais de ensino para os espa\u00e7os, al\u00e9m de uma pol\u00edtica de organiza\u00e7\u00e3o, funcionamento e preserva\u00e7\u00e3o desses bens.<\/p>\n<p>Outro objetivo \u00e9 integrar e articular a rede nacional por meio da internet e da cria\u00e7\u00e3o de um cadastro das bibliotecas no sistema de ensino. Nesse contexto, tamb\u00e9m foi determinado que haja um esfor\u00e7o para a universaliza\u00e7\u00e3o das bibliotecas em ambientes escolares do pa\u00eds.<\/p>\n<p>Para tanto, as iniciativas poder\u00e3o ser financiadas e receber assist\u00eancia t\u00e9cnica da Uni\u00e3o na forma do regime de colabora\u00e7\u00e3o com estados e munic\u00edpios, o mesmo estabelecido para o or\u00e7amento destinado \u00e0 Educa\u00e7\u00e3o.<\/p>\n<p>A nova lei, que j\u00e1 est\u00e1 vigorando, prev\u00ea ainda a possibilidade de acordos com entidades culturais para amplia\u00e7\u00e3o e atualiza\u00e7\u00e3o dos acervos, al\u00e9m de possibilitar a atua\u00e7\u00e3o dos profissionais vinculados \u00e0s bibliotecas escolares como agentes culturais na promo\u00e7\u00e3o do livro e da pol\u00edtica de leitura nas escolas.<\/p>\n<\/p><\/div>\n<p><br \/>\n<br \/><a href=\"https:\/\/agenciabrasil.ebc.com.br\/educacao\/noticia\/2024-04\/lei-cria-sistema-nacional-de-bibliotecas-escolares\" rel=\"noopener\">Ag\u00eancia Brasil<\/a><\/p>\n","protected":false},"excerpt":{"rendered":"<p>A lei 12.244\/2010, que trata da universaliza\u00e7\u00e3o das bibliotecas nas institui\u00e7\u00f5es brasileiras de ensino, foi ampliada pelo Congresso Nacional, que criou o Sistema Nacional de Bibliotecas Escolares, al\u00e9m de somar aos espa\u00e7os de democratiza\u00e7\u00e3o da informa\u00e7\u00e3o outras finalidades, como encontro de lazer e suporte \u00e0s comunidades. A vers\u00e3o atualizada foi sancionada pelo presidente Luiz In\u00e1cio [&hellip;]<\/p>\n","protected":false},"author":1,"featured_media":871,"comment_status":"open","ping_status":"open","sticky":false,"template":"","format":"standard","meta":{"_jetpack_newsletter_access":"","_jetpack_dont_email_post_to_subs":false,"_jetpack_newsletter_tier_id":0,"_jetpack_memberships_contains_paywalled_content":false,"_mbp_banners":[],"_jetpack_feature_clip_id":0,"_jetpack_memberships_contains_paid_content":false,"footnotes":"","jetpack_publicize_message":"","jetpack_publicize_feature_enabled":true,"jetpack_social_post_already_shared":true,"jetpack_social_options":{"image_generator_settings":{"template":"highway","default_image_id":0,"font":"","enabled":false},"version":2},"jetpack_post_was_ever_published":false},"categories":[22],"tags":[],"class_list":["post-1264","post","type-post","status-publish","format-standard","has-post-thumbnail","category-nacional"],"jetpack_publicize_connections":[],"jetpack-related-posts":[],"jetpack_shortlink":"https:\/\/wp.me\/p7Eq1F-ko","jetpack_sharing_enabled":true,"jetpack_featured_media_url":"https:\/\/i0.wp.com\/guialimeira.com.br\/news\/wp-content\/uploads\/2024\/04\/library-1147815.jpg?fit=1600%2C800&ssl=1","_links":{"self":[{"href":"https:\/\/guialimeira.com.br\/news\/wp-json\/wp\/v2\/posts\/1264","targetHints":{"allow":["GET"]}}],"collection":[{"href":"https:\/\/guialimeira.com.br\/news\/wp-json\/wp\/v2\/posts"}],"about":[{"href":"https:\/\/guialimeira.com.br\/news\/wp-json\/wp\/v2\/types\/post"}],"author":[{"embeddable":true,"href":"https:\/\/guialimeira.com.br\/news\/wp-json\/wp\/v2\/users\/1"}],"replies":[{"embeddable":true,"href":"https:\/\/guialimeira.com.br\/news\/wp-json\/wp\/v2\/comments?post=1264"}],"version-history":[{"count":0,"href":"https:\/\/guialimeira.com.br\/news\/wp-json\/wp\/v2\/posts\/1264\/revisions"}],"wp:featuredmedia":[{"embeddable":true,"href":"https:\/\/guialimeira.com.br\/news\/wp-json\/wp\/v2\/media\/871"}],"wp:attachment":[{"href":"https:\/\/guialimeira.com.br\/news\/wp-json\/wp\/v2\/media?parent=1264"}],"wp:term":[{"taxonomy":"category","embeddable":true,"href":"https:\/\/guialimeira.com.br\/news\/wp-json\/wp\/v2\/categories?post=1264"},{"taxonomy":"post_tag","embeddable":true,"href":"https:\/\/guialimeira.com.br\/news\/wp-json\/wp\/v2\/tags?post=1264"}],"curies":[{"name":"wp","href":"https:\/\/api.w.org\/{rel}","templated":true}]}}