{"id":1262,"date":"2024-04-09T10:47:44","date_gmt":"2024-04-09T13:47:44","guid":{"rendered":"https:\/\/guialimeira.com.br\/2024\/04\/09\/dirigentes-de-empresas-de-onibus-sao-presos-em-sao-paulo\/"},"modified":"2024-04-09T10:47:44","modified_gmt":"2024-04-09T13:47:44","slug":"dirigentes-de-empresas-de-onibus-sao-presos-em-sao-paulo","status":"publish","type":"post","link":"https:\/\/guialimeira.com.br\/news\/dirigentes-de-empresas-de-onibus-sao-presos-em-sao-paulo\/","title":{"rendered":"Dirigentes de empresas de \u00f4nibus s\u00e3o presos em S\u00e3o Paulo"},"content":{"rendered":"<p> <br \/>\n<\/p>\n<div>\n<p>Diretores de duas empresas de \u00f4nibus que operam na cidade de S\u00e3o Paulo \u2013 Transwolff e Upbus \u2013 foram presos nesta manh\u00e3 na capital em uma opera\u00e7\u00e3o do Minist\u00e9rio P\u00fablico de S\u00e3o Paulo. H\u00e1 suspeita de liga\u00e7\u00e3o dessas pessoas com a fac\u00e7\u00e3o criminosa Primeiro Comando da Capital (PCC).<img data-recalc-dims=\"1\" decoding=\"async\" src=\"https:\/\/i0.wp.com\/agenciabrasil.ebc.com.br\/ebc.png?w=696&#038;ssl=1\" style=\"width:1px; height:1px; display:inline;\"\/><img data-recalc-dims=\"1\" decoding=\"async\" src=\"https:\/\/i0.wp.com\/agenciabrasil.ebc.com.br\/ebc.gif?w=696&#038;ssl=1\" style=\"width:1px; height:1px; display:inline;\"\/><\/p>\n<p>Neste momento, est\u00e3o sendo cumpridos em cidades da Regi\u00e3o Metropolitana paulistana e em cidades do interior 52 mandados de busca e apreens\u00e3o. S\u00e3o alvo as garagens dessas transportadoras, resid\u00eancias e escrit\u00f3rios dos envolvidos. Em um im\u00f3vel j\u00e1 foram encontrados fuzis, rev\u00f3lveres, dinheiro em esp\u00e9cie e joias.<\/p>\n<p>A opera\u00e7\u00e3o tem a participa\u00e7\u00e3o da Receita Federal, do Conselho Administrativo de Defesa Econ\u00f4mica (Cade) e da Pol\u00edcia Militar.<\/p>\n<p>O Tribunal de Justi\u00e7a de S\u00e3o Paulo determinou que a SPtrans, empresa municipal que administra o transporte coletivo na cidade assuma imediatamente a opera\u00e7\u00e3o das linhas, que transportam mensalmente cerca de 15 milh\u00f5es de pessoas. A Transwolff opera na zona sul e a Upbus na zona leste da capital.<\/p>\n<\/p><\/div>\n<p><br \/>\n<br \/><a href=\"https:\/\/agenciabrasil.ebc.com.br\/geral\/noticia\/2024-04\/dirigentes-de-empresas-de-onibus-sao-presos-em-sao-paulo\" rel=\"noopener\">Ag\u00eancia Brasil<\/a><\/p>\n","protected":false},"excerpt":{"rendered":"<p>Diretores de duas empresas de \u00f4nibus que operam na cidade de S\u00e3o Paulo \u2013 Transwolff e Upbus \u2013 foram presos nesta manh\u00e3 na capital em uma opera\u00e7\u00e3o do Minist\u00e9rio P\u00fablico de S\u00e3o Paulo. H\u00e1 suspeita de liga\u00e7\u00e3o dessas pessoas com a fac\u00e7\u00e3o criminosa Primeiro Comando da Capital (PCC). Neste momento, est\u00e3o sendo cumpridos em cidades [&hellip;]<\/p>\n","protected":false},"author":1,"featured_media":1263,"comment_status":"open","ping_status":"open","sticky":false,"template":"","format":"standard","meta":{"_jetpack_newsletter_access":"","_jetpack_dont_email_post_to_subs":false,"_jetpack_newsletter_tier_id":0,"_jetpack_memberships_contains_paywalled_content":false,"_mbp_banners":[],"_jetpack_feature_clip_id":0,"_jetpack_memberships_contains_paid_content":false,"footnotes":"","jetpack_publicize_message":"","jetpack_publicize_feature_enabled":true,"jetpack_social_post_already_shared":true,"jetpack_social_options":{"image_generator_settings":{"template":"highway","default_image_id":0,"font":"","enabled":false},"version":2},"jetpack_post_was_ever_published":false},"categories":[1],"tags":[],"class_list":["post-1262","post","type-post","status-publish","format-standard","has-post-thumbnail","category-geral"],"jetpack_publicize_connections":[],"jetpack-related-posts":[],"jetpack_shortlink":"https:\/\/wp.me\/p7Eq1F-km","jetpack_sharing_enabled":true,"jetpack_featured_media_url":"https:\/\/i0.wp.com\/guialimeira.com.br\/news\/wp-content\/uploads\/2024\/04\/277589181_378128897656263_2293707564046955568_n.jpg?fit=1600%2C800&ssl=1","_links":{"self":[{"href":"https:\/\/guialimeira.com.br\/news\/wp-json\/wp\/v2\/posts\/1262","targetHints":{"allow":["GET"]}}],"collection":[{"href":"https:\/\/guialimeira.com.br\/news\/wp-json\/wp\/v2\/posts"}],"about":[{"href":"https:\/\/guialimeira.com.br\/news\/wp-json\/wp\/v2\/types\/post"}],"author":[{"embeddable":true,"href":"https:\/\/guialimeira.com.br\/news\/wp-json\/wp\/v2\/users\/1"}],"replies":[{"embeddable":true,"href":"https:\/\/guialimeira.com.br\/news\/wp-json\/wp\/v2\/comments?post=1262"}],"version-history":[{"count":0,"href":"https:\/\/guialimeira.com.br\/news\/wp-json\/wp\/v2\/posts\/1262\/revisions"}],"wp:featuredmedia":[{"embeddable":true,"href":"https:\/\/guialimeira.com.br\/news\/wp-json\/wp\/v2\/media\/1263"}],"wp:attachment":[{"href":"https:\/\/guialimeira.com.br\/news\/wp-json\/wp\/v2\/media?parent=1262"}],"wp:term":[{"taxonomy":"category","embeddable":true,"href":"https:\/\/guialimeira.com.br\/news\/wp-json\/wp\/v2\/categories?post=1262"},{"taxonomy":"post_tag","embeddable":true,"href":"https:\/\/guialimeira.com.br\/news\/wp-json\/wp\/v2\/tags?post=1262"}],"curies":[{"name":"wp","href":"https:\/\/api.w.org\/{rel}","templated":true}]}}