{"id":12615,"date":"2024-08-20T13:10:59","date_gmt":"2024-08-20T16:10:59","guid":{"rendered":"https:\/\/guialimeira.com.br\/2024\/08\/20\/vacina-nacional-contra-mpox-e-prioridade-da-rede-virus\/"},"modified":"2024-08-20T13:10:59","modified_gmt":"2024-08-20T16:10:59","slug":"vacina-nacional-contra-mpox-e-prioridade-da-rede-virus","status":"publish","type":"post","link":"https:\/\/guialimeira.com.br\/news\/vacina-nacional-contra-mpox-e-prioridade-da-rede-virus\/","title":{"rendered":"Vacina nacional contra mpox \u00e9 prioridade da Rede V\u00edrus"},"content":{"rendered":"<p> <br \/>\n<\/p>\n<div>\n<p>Desde a primeira emerg\u00eancia global por mpox, h\u00e1 2 anos, o Centro de Tecnologia de Vacinas da Universidade Federal de Minas Gerais (UFMG) desenvolve um imunizante brasileiro capaz de prevenir a infec\u00e7\u00e3o. Em nota, o Minist\u00e9rio da Ci\u00eancia, Tecnologia e Inova\u00e7\u00e3o (MCTI) informou que a iniciativa \u00e9 uma das prioridades da Rede V\u00edrus, comit\u00ea de especialistas em virologia criado para o desenvolvimento de diagn\u00f3sticos, tratamentos, vacinas e produ\u00e7\u00e3o de conte\u00fado sobre v\u00edrus emergentes no Brasil.<img data-recalc-dims=\"1\" decoding=\"async\" src=\"https:\/\/i0.wp.com\/agenciabrasil.ebc.com.br\/ebc.png?w=696&#038;ssl=1\" style=\"width:1px; height:1px; display:inline;\"\/><img data-recalc-dims=\"1\" decoding=\"async\" src=\"https:\/\/i0.wp.com\/agenciabrasil.ebc.com.br\/ebc.gif?w=696&#038;ssl=1\" style=\"width:1px; height:1px; display:inline;\"\/><\/p>\n<p>No dia 14, o diretor-geral da Organiza\u00e7\u00e3o Mundial da Sa\u00fade (OMS), Tedros Adhanom, <a href=\"https:\/\/agenciabrasil.ebc.com.br\/saude\/noticia\/2024-08\/mpox-oms-volta-declarar-emergencia-em-saude-publica-global\" target=\"_blank\" rel=\"noopener\">declarou emerg\u00eancia em sa\u00fade p\u00fablica de import\u00e2ncia internacional<\/a> em raz\u00e3o do aumento de casos e do surgimento de uma nova variante no continente africano. Dados do Minist\u00e9rio da Sa\u00fade indicam que, este ano, 709 casos da doen\u00e7a foram identificados no Brasil, sendo que nenhum, at\u00e9 o momento, provocado pela nova variante.<\/p>\n<p>De acordo com o MCTI, em 2022 o Instituto Nacional de Sa\u00fade dos Estados Unidos doou para a UFMG material conhecido como semente do v\u00edrus da mpox, uma esp\u00e9cie de ponto de partida para o desenvolvimento do insumo farmac\u00eautico ativo (IFA), mat\u00e9ria-prima utilizada na produ\u00e7\u00e3o do imunizante.\u00a0<\/p>\n<p>\u201cNo momento, a pesquisa est\u00e1 na fase de estudo para o aumento da produ\u00e7\u00e3o, verificando a obten\u00e7\u00e3o de mat\u00e9ria-prima para atender a demanda em grande escala\u201d, informou o minist\u00e9rio.<\/p>\n<p>A dose brasileira, segundo a pasta, \u00e9 composta por um v\u00edrus semelhante ao da mpox, atenuado atrav\u00e9s de passagens em um hospedeiro diferente, at\u00e9 que perdesse completamente a capacidade de se multiplicar em hospedeiros mam\u00edferos, como o ser humano.<\/p>\n<h2>Outras vacinas<\/h2>\n<p>De acordo com a OMS, existem, atualmente, duas vacinas dispon\u00edveis contra a mpox. Uma delas, a Jynneos, produzida pela farmac\u00eautica dinarmaquesa Bavarian Nordic, tamb\u00e9m \u00e9 composta pelo v\u00edrus atenuado e \u00e9 recomendada para adultos, incluindo gestantes, lactantes e pessoas com HIV.<\/p>\n<p>O segundo imunizante \u00e9 o ACAM 2000, fabricado pela farmac\u00eautica norte-americana Emergent BioSolutions, mas com diversas contra indica\u00e7\u00f5es, al\u00e9m de mais efeitos colaterais, j\u00e1 que \u00e9 composta pelo v\u00edrus ativo, \u201cse tornando assim, menos segura\u201d, conforme avalia\u00e7\u00e3o do pr\u00f3prio MCTI.<\/p>\n<p>Com a declara\u00e7\u00e3o de emerg\u00eancia global anunciada pela OMS, o Minist\u00e9rio da Sa\u00fade anunciou que negocia a compra de 25 mil doses da Jynneos junto \u00e0 Organiza\u00e7\u00e3o Pan-Americana da Sa\u00fade (Opas). Desde 2023, quando a Ag\u00eancia Nacional de Vigil\u00e2ncia Sanit\u00e1ria (Anvisa) aprovou o uso provis\u00f3rio do imunizante, o Brasil j\u00e1 recebeu cerca de 47 mil doses do imunizante e aplicou 29 mil.<\/p>\n<\/p><\/div>\n<p><br \/>\n<br \/><a href=\"https:\/\/agenciabrasil.ebc.com.br\/saude\/noticia\/2024-08\/vacina-nacional-contra-mpox-e-prioridade-da-rede-virus\" rel=\"noopener\">Ag\u00eancia Brasil <\/a><\/p>\n","protected":false},"excerpt":{"rendered":"<p>Desde a primeira emerg\u00eancia global por mpox, h\u00e1 2 anos, o Centro de Tecnologia de Vacinas da Universidade Federal de Minas Gerais (UFMG) desenvolve um imunizante brasileiro capaz de prevenir a infec\u00e7\u00e3o. Em nota, o Minist\u00e9rio da Ci\u00eancia, Tecnologia e Inova\u00e7\u00e3o (MCTI) informou que a iniciativa \u00e9 uma das prioridades da Rede V\u00edrus, comit\u00ea de [&hellip;]<\/p>\n","protected":false},"author":1,"featured_media":4694,"comment_status":"open","ping_status":"open","sticky":false,"template":"","format":"standard","meta":{"_jetpack_newsletter_access":"","_jetpack_dont_email_post_to_subs":false,"_jetpack_newsletter_tier_id":0,"_jetpack_memberships_contains_paywalled_content":false,"_mbp_banners":[],"_jetpack_feature_clip_id":0,"_jetpack_memberships_contains_paid_content":false,"footnotes":"","jetpack_publicize_message":"","jetpack_publicize_feature_enabled":true,"jetpack_social_post_already_shared":true,"jetpack_social_options":{"image_generator_settings":{"template":"highway","default_image_id":0,"font":"","enabled":false},"version":2},"jetpack_post_was_ever_published":false},"categories":[15],"tags":[],"class_list":["post-12615","post","type-post","status-publish","format-standard","has-post-thumbnail","category-saude"],"jetpack_publicize_connections":[],"jetpack-related-posts":[],"jetpack_shortlink":"https:\/\/wp.me\/p7Eq1F-3ht","jetpack_sharing_enabled":true,"jetpack_featured_media_url":"https:\/\/i0.wp.com\/guialimeira.com.br\/news\/wp-content\/uploads\/2024\/05\/vacina_dengue_11.jpg?fit=1600%2C800&ssl=1","_links":{"self":[{"href":"https:\/\/guialimeira.com.br\/news\/wp-json\/wp\/v2\/posts\/12615","targetHints":{"allow":["GET"]}}],"collection":[{"href":"https:\/\/guialimeira.com.br\/news\/wp-json\/wp\/v2\/posts"}],"about":[{"href":"https:\/\/guialimeira.com.br\/news\/wp-json\/wp\/v2\/types\/post"}],"author":[{"embeddable":true,"href":"https:\/\/guialimeira.com.br\/news\/wp-json\/wp\/v2\/users\/1"}],"replies":[{"embeddable":true,"href":"https:\/\/guialimeira.com.br\/news\/wp-json\/wp\/v2\/comments?post=12615"}],"version-history":[{"count":0,"href":"https:\/\/guialimeira.com.br\/news\/wp-json\/wp\/v2\/posts\/12615\/revisions"}],"wp:featuredmedia":[{"embeddable":true,"href":"https:\/\/guialimeira.com.br\/news\/wp-json\/wp\/v2\/media\/4694"}],"wp:attachment":[{"href":"https:\/\/guialimeira.com.br\/news\/wp-json\/wp\/v2\/media?parent=12615"}],"wp:term":[{"taxonomy":"category","embeddable":true,"href":"https:\/\/guialimeira.com.br\/news\/wp-json\/wp\/v2\/categories?post=12615"},{"taxonomy":"post_tag","embeddable":true,"href":"https:\/\/guialimeira.com.br\/news\/wp-json\/wp\/v2\/tags?post=12615"}],"curies":[{"name":"wp","href":"https:\/\/api.w.org\/{rel}","templated":true}]}}