{"id":12611,"date":"2024-08-20T12:10:02","date_gmt":"2024-08-20T15:10:02","guid":{"rendered":"https:\/\/guialimeira.com.br\/2024\/08\/20\/mosquito-e-o-animal-que-mais-mata-no-mundo-veja-os-cuidados\/"},"modified":"2024-08-20T12:10:02","modified_gmt":"2024-08-20T15:10:02","slug":"mosquito-e-o-animal-que-mais-mata-no-mundo-veja-os-cuidados","status":"publish","type":"post","link":"https:\/\/guialimeira.com.br\/news\/mosquito-e-o-animal-que-mais-mata-no-mundo-veja-os-cuidados\/","title":{"rendered":"Mosquito \u00e9 o animal que mais mata no mundo; veja os cuidados"},"content":{"rendered":"<p> <br \/>\n<\/p>\n<div>\n<p>Em 20 de agosto de 1897, o m\u00e9dico brit\u00e2nico Ronald Ross comprovou que f\u00eameas do mosquito <em>Anopheles <\/em>eram respons\u00e1veis por casos de mal\u00e1ria registrados em humanos. A descoberta lhe rendeu o Pr\u00eamio Nobel de Medicina mais de um s\u00e9culo depois, em 1902, e, atualmente, marca o Dia Mundial do Mosquito, lembrado nesta ter\u00e7a-feira (20).<img data-recalc-dims=\"1\" decoding=\"async\" src=\"https:\/\/i0.wp.com\/agenciabrasil.ebc.com.br\/ebc.png?w=696&#038;ssl=1\" style=\"width:1px; height:1px; display:inline;\"\/><img data-recalc-dims=\"1\" decoding=\"async\" src=\"https:\/\/i0.wp.com\/agenciabrasil.ebc.com.br\/ebc.gif?w=696&#038;ssl=1\" style=\"width:1px; height:1px; display:inline;\"\/><\/p>\n<p>A proposta da data \u00e9, anualmente, relembrar a contribui\u00e7\u00e3o do m\u00e9dico para o combate \u00e0 mal\u00e1ria e ampliar a consciencializa\u00e7\u00e3o sobre outras doen\u00e7as igualmente transmitidas por mosquitos. A lista, de acordo com a Organiza\u00e7\u00e3o Mundial da Sa\u00fade (OMS), inclui ainda dengue, febre do Oropouche, <em>chikungunya<\/em>, <em>zika<\/em> e febre amarela.<\/p>\n<p>\u201cEnfermidades transmitidas por mosquitos colocam a vida de bilh\u00f5es de pessoas em risco. Mas essas doen\u00e7as podem ser prevenidas\u201d, destacou a OMS. Como n\u00e3o h\u00e1 vacina para grande parte das infec\u00e7\u00f5es provocadas por mosquitos, a recomenda\u00e7\u00e3o de autoridades sanit\u00e1rias em todo o mundo \u00e9 prevenir a picada para se proteger de potenciais riscos.<\/p>\n<p>O Centro de Controle e Preven\u00e7\u00e3o dos Estados Unidos (CDC, na sigla em ingl\u00eas), alerta que o mosquito \u00e9 respons\u00e1vel por mais doen\u00e7as e mortes que qualquer outro animal no planeta. Dentre as estrat\u00e9gias de preven\u00e7\u00e3o listadas est\u00e3o o uso de repelentes e de cal\u00e7as e camisas de manga comprida, al\u00e9m do controle do mosquito em ambientes internos e externos.<\/p>\n<h2>Repelentes<\/h2>\n<p>Quando utilizados de forma correta e conforme previsto no r\u00f3tulo, os repelentes, segundo o CDC, s\u00e3o indicados, inclusive, para crian\u00e7as e gestantes. No caso de beb\u00eas e crian\u00e7as pequenas, a orienta\u00e7\u00e3o \u00e9 consultar o pediatra para avaliar o uso do produto, al\u00e9m de vestir a crian\u00e7a com roupas que cubram bra\u00e7os e pernas e utilizar mosquiteiros sobre ber\u00e7os e carrinhos.<\/p>\n<p>Outra orienta\u00e7\u00e3o importante \u00e9 reaplicar o repelente conforme recomendado no r\u00f3tulo do produto \u2013 geralmente, ap\u00f3s longos per\u00edodos desde a \u00faltima aplica\u00e7\u00e3o e ap\u00f3s contato com \u00e1gua ou suor. Quando o uso do repelente for feito de forma concomitante com o protetor solar, o repelente deve ser aplicado somente ap\u00f3s o protetor.<\/p>\n<h2>Controle da circula\u00e7\u00e3o<\/h2>\n<p>Para o controle da circula\u00e7\u00e3o de mosquitos em ambientes internos, o CDC recomenda o uso de telas em janelas e portas para manter o vetor do lado de fora e o uso de aparelhos de ar condicionado, sempre que poss\u00edvel (o equipamento reduz a umidade do ar e torna o ambiente mais frio e, consequentemente, mais hostil ao mosquito).<\/p>\n<p>Outra orienta\u00e7\u00e3o bastante conhecida por muitos brasileiros \u00e9 eliminar potenciais focos do mosquito &#8211; \u00a0vasos de planta e outros reservat\u00f3rios de \u00e1gua parada, al\u00e9m de, pelo menos uma vez por semana, enxaguar e esfregar bem objetos que comumente acumulam \u00e1gua, como pneus, baldes, brinquedos, piscinas infl\u00e1veis e lixeiras.<\/p>\n<h2>Sinais de alerta<\/h2>\n<p>Dentre os sintomas classificados pelo Minist\u00e9rio da Sa\u00fade como sinais de alerta para arboviroses como dengue, <em>zika<\/em>, <em>chikugunya<\/em>, mal\u00e1ria e febre do Oropouche est\u00e3o:<\/p>\n<p>&#8211; febre alta e\/ou persistente;<\/p>\n<p>&#8211; dores musculares e nas articula\u00e7\u00f5es;<\/p>\n<p>&#8211; manchas vermelhas (exantema);<\/p>\n<p>&#8211; dor de cabe\u00e7a ou atr\u00e1s dos olhos;<\/p>\n<p>&#8211; diarreia e\/ou dor forte na barriga;<\/p>\n<p>&#8211; press\u00e3o baixa;<\/p>\n<p>&#8211; n\u00e1usea e v\u00f4mitos frequentes;<\/p>\n<p>&#8211; agita\u00e7\u00e3o ou sonol\u00eancia;<\/p>\n<p>&#8211; sangramento espont\u00e2neo;<\/p>\n<p>&#8211; diminui\u00e7\u00e3o da urina;<\/p>\n<p>&#8211; extremidades frias.<\/p>\n<p>Em caso de sintomas, a orienta\u00e7\u00e3o \u00e9 procurar uma unidade de sa\u00fade e n\u00e3o tomar medica\u00e7\u00f5es por conta pr\u00f3pria. Pessoas com doen\u00e7as cr\u00f4nicas, gestantes, crian\u00e7as menores de dois anos e idosos acima de 65 anos s\u00e3o mais suscet\u00edveis a complica\u00e7\u00f5es provocadas por doen\u00e7as transmitidas por mosquitos. Nesses casos, os cuidados devem ser redobrados.<\/p>\n<div class=\"dnd-widget-wrapper context-cheio_8colunas type-image\">\n<div class=\"dnd-atom-rendered\"><!-- scald=368384:cheio_8colunas --><\/p>\n<div class=\"shadow overflow-hidden rounded-lg d-block w-100\">\n            <img data-recalc-dims=\"1\" decoding=\"async\" src=\"https:\/\/i0.wp.com\/agenciabrasil.ebc.com.br\/sites\/default\/files\/thumbnails\/image\/loading_v2.gif?w=696&#038;ssl=1\" data-echo=\"https:\/\/imagens.ebc.com.br\/I9Nf66sjc5NPjHiYI_mkaUbRXQE=\/754x0\/smart\/https:\/\/agenciabrasil.ebc.com.br\/sites\/default\/files\/thumbnails\/image\/dengue_1.png?itok=yQKmDQis\" alt=\"arte dengue \" title=\"Arte\/Ag\u00eancia Brasil\" class=\"flex-fill img-cover\"\/><br \/>\n        <img data-recalc-dims=\"1\" decoding=\"async\" src=\"https:\/\/i0.wp.com\/imagens.ebc.com.br\/I9Nf66sjc5NPjHiYI_mkaUbRXQE%3D\/754x0\/smart\/https%3A\/\/agenciabrasil.ebc.com.br\/sites\/default\/files\/thumbnails\/image\/dengue_1.png?w=696&#038;ssl=1\" alt=\"arte dengue \" title=\"Arte\/Ag\u00eancia Brasil\" class=\"flex-fill img-cover\"\/>\n    <\/div>\n<p><!-- END scald=368384 --><\/div>\n<div class=\"dnd-caption-wrapper\">\n<p><!--copyright=368384-->arte dengue &#8211; <strong>Arte\/Ag\u00eancia Brasil<\/strong><!--END copyright=368384--><\/p>\n<\/div>\n<\/div><\/div>\n<p><br \/>\n<br \/><a href=\"https:\/\/agenciabrasil.ebc.com.br\/saude\/noticia\/2024-08\/-Mosquito-%C3%A9-o-animal-que-mais-mata-no-mundo-%3B%20veja-os-%20cuidados-\" rel=\"noopener\">Ag\u00eancia Brasil <\/a><\/p>\n","protected":false},"excerpt":{"rendered":"<p>Em 20 de agosto de 1897, o m\u00e9dico brit\u00e2nico Ronald Ross comprovou que f\u00eameas do mosquito Anopheles eram respons\u00e1veis por casos de mal\u00e1ria registrados em humanos. A descoberta lhe rendeu o Pr\u00eamio Nobel de Medicina mais de um s\u00e9culo depois, em 1902, e, atualmente, marca o Dia Mundial do Mosquito, lembrado nesta ter\u00e7a-feira (20). A [&hellip;]<\/p>\n","protected":false},"author":1,"featured_media":3095,"comment_status":"open","ping_status":"open","sticky":false,"template":"","format":"standard","meta":{"_jetpack_newsletter_access":"","_jetpack_dont_email_post_to_subs":false,"_jetpack_newsletter_tier_id":0,"_jetpack_memberships_contains_paywalled_content":false,"_mbp_banners":[],"_jetpack_feature_clip_id":0,"_jetpack_memberships_contains_paid_content":false,"footnotes":"","jetpack_publicize_message":"","jetpack_publicize_feature_enabled":true,"jetpack_social_post_already_shared":true,"jetpack_social_options":{"image_generator_settings":{"template":"highway","default_image_id":0,"font":"","enabled":false},"version":2},"jetpack_post_was_ever_published":false},"categories":[15],"tags":[],"class_list":["post-12611","post","type-post","status-publish","format-standard","has-post-thumbnail","category-saude"],"jetpack_publicize_connections":[],"jetpack-related-posts":[],"jetpack_shortlink":"https:\/\/wp.me\/p7Eq1F-3hp","jetpack_sharing_enabled":true,"jetpack_featured_media_url":"https:\/\/i0.wp.com\/guialimeira.com.br\/news\/wp-content\/uploads\/2024\/04\/mosquito-1548947.jpg?fit=1600%2C800&ssl=1","_links":{"self":[{"href":"https:\/\/guialimeira.com.br\/news\/wp-json\/wp\/v2\/posts\/12611","targetHints":{"allow":["GET"]}}],"collection":[{"href":"https:\/\/guialimeira.com.br\/news\/wp-json\/wp\/v2\/posts"}],"about":[{"href":"https:\/\/guialimeira.com.br\/news\/wp-json\/wp\/v2\/types\/post"}],"author":[{"embeddable":true,"href":"https:\/\/guialimeira.com.br\/news\/wp-json\/wp\/v2\/users\/1"}],"replies":[{"embeddable":true,"href":"https:\/\/guialimeira.com.br\/news\/wp-json\/wp\/v2\/comments?post=12611"}],"version-history":[{"count":0,"href":"https:\/\/guialimeira.com.br\/news\/wp-json\/wp\/v2\/posts\/12611\/revisions"}],"wp:featuredmedia":[{"embeddable":true,"href":"https:\/\/guialimeira.com.br\/news\/wp-json\/wp\/v2\/media\/3095"}],"wp:attachment":[{"href":"https:\/\/guialimeira.com.br\/news\/wp-json\/wp\/v2\/media?parent=12611"}],"wp:term":[{"taxonomy":"category","embeddable":true,"href":"https:\/\/guialimeira.com.br\/news\/wp-json\/wp\/v2\/categories?post=12611"},{"taxonomy":"post_tag","embeddable":true,"href":"https:\/\/guialimeira.com.br\/news\/wp-json\/wp\/v2\/tags?post=12611"}],"curies":[{"name":"wp","href":"https:\/\/api.w.org\/{rel}","templated":true}]}}