{"id":12606,"date":"2024-08-20T10:07:54","date_gmt":"2024-08-20T13:07:54","guid":{"rendered":"https:\/\/guialimeira.com.br\/2024\/08\/20\/mpox-nao-e-nova-covid-diz-diretor-da-oms-na-europa\/"},"modified":"2024-08-20T10:07:54","modified_gmt":"2024-08-20T13:07:54","slug":"mpox-nao-e-nova-covid-diz-diretor-da-oms-na-europa","status":"publish","type":"post","link":"https:\/\/guialimeira.com.br\/news\/mpox-nao-e-nova-covid-diz-diretor-da-oms-na-europa\/","title":{"rendered":"Mpox n\u00e3o \u00e9 nova covid, diz diretor da OMS na Europa"},"content":{"rendered":"<p> <br \/>\n<\/p>\n<div>\n<p>O diretor regional da Organiza\u00e7\u00e3o Mundial da Sa\u00fade (OMS) para a Europa, Hans Kluge, disse nesta ter\u00e7a-feira (20), em Genebra, que a mpox &#8211; independentemente de se tratar da nova variante 1, por tr\u00e1s do surto atual na \u00c1frica, ou da variante 2, respons\u00e1vel pela emerg\u00eancia global em 2022 &#8211; n\u00e3o configura \u201cuma nova covid\u201d.<img data-recalc-dims=\"1\" decoding=\"async\" src=\"https:\/\/i0.wp.com\/agenciabrasil.ebc.com.br\/ebc.png?w=696&#038;ssl=1\" style=\"width:1px; height:1px; display:inline;\"\/><img data-recalc-dims=\"1\" decoding=\"async\" src=\"https:\/\/i0.wp.com\/agenciabrasil.ebc.com.br\/ebc.gif?w=696&#038;ssl=1\" style=\"width:1px; height:1px; display:inline;\"\/><\/p>\n<p>\u201cSabemos muito sobre a variante 2. Ainda precisamos aprender mais sobre a variante 1. Com base no que sabemos, a mpox \u00e9 transmitida sobretudo atrav\u00e9s do contato da pele com as les\u00f5es, inclusive durante o sexo\u201d, disse. \u201cSabemos como controlar a mpox e \u2013 no continente europeu \u2013 os passos necess\u00e1rios para eliminar completamente a transmiss\u00e3o,\u201d disse.<\/p>\n<p>O diretor regional da OMS lembrou que, h\u00e1 dois anos, foi poss\u00edvel controlar a doen\u00e7a na Europa gra\u00e7as ao envolvimento direto com grupos mais afetados, incluindo homens que fazem sexo com homens (HSH). \u201cImplementamos uma vigil\u00e2ncia robusta, investigamos exaustivamente novos contatos de pacientes e fornecemos conselhos s\u00f3lidos de sa\u00fade p\u00fablica\u201d, detalhou.<\/p>\n<p>\u201cMudan\u00e7a de comportamento, a\u00e7\u00f5es n\u00e3o discriminat\u00f3rias de sa\u00fade p\u00fablica e vacina\u00e7\u00e3o contra a mpox contribu\u00edram para controlar o surto [em 2022]\u201d, disse. \u201cMas, devido \u00e0 falta de compromisso e de recursos, falhamos na reta final\u201d, alertou, ao citar que a Europa registra, atualmente, cerca de 100 novos casos da variante 2 todos os meses.<\/p>\n<h2>Emerg\u00eancia global<\/h2>\n<p>Para Kluge, a nova emerg\u00eancia global por mpox &#8211; provocada pela nova variante 1 &#8211; permite que o continente volte a se concentrar tamb\u00e9m na variante 2. Dentre as a\u00e7\u00f5es destacadas por ele est\u00e3o fortalecer a vigil\u00e2ncia e o diagn\u00f3stico de casos e emitir recomenda\u00e7\u00f5es de sa\u00fade p\u00fablica, inclusive para viajantes, \u201cbaseados na ci\u00eancia, n\u00e3o no medo, sem estigma e sem discrimina\u00e7\u00e3o\u201d.<\/p>\n<p>O diretor OMS Europa destacou ainda a necessidade de aquisi\u00e7\u00e3o de vacinas e medicamentos antivirais para os que mais precisam, conforme estrat\u00e9gias de risco. \u201cEm suma, mesmo que reforcemos a vigil\u00e2ncia contra a nova variante 1, podemos \u2013 e devemos \u2013 nos esfor\u00e7ar para eliminar a variante 2 do continente de uma vez por todas\u201d, preconizou.<\/p>\n<p>\u201cA necessidade de uma resposta coordenada, neste momento, \u00e9 maior na regi\u00e3o africana. O Centro de Controle e Preven\u00e7\u00e3o de Doen\u00e7as na \u00c1frica declarou a mpox uma emerg\u00eancia continental pouco antes da declara\u00e7\u00e3o global feita pela OMS. A Europa deve optar por agir em solidariedade\u201d, concluiu, ao citar a\u00e7\u00f5es imediatas para o que classificou como \u201cmomento cr\u00edtico\u201d, como tamb\u00e9m a\u00e7\u00f5es de longo prazo.<\/p>\n<\/p><\/div>\n<p><br \/>\n<br \/><a href=\"https:\/\/agenciabrasil.ebc.com.br\/saude\/noticia\/2024-08\/mpox-nao-e-nova-covid-diz-diretor-da-oms-na-europa\" rel=\"noopener\">Ag\u00eancia Brasil <\/a><\/p>\n","protected":false},"excerpt":{"rendered":"<p>O diretor regional da Organiza\u00e7\u00e3o Mundial da Sa\u00fade (OMS) para a Europa, Hans Kluge, disse nesta ter\u00e7a-feira (20), em Genebra, que a mpox &#8211; independentemente de se tratar da nova variante 1, por tr\u00e1s do surto atual na \u00c1frica, ou da variante 2, respons\u00e1vel pela emerg\u00eancia global em 2022 &#8211; n\u00e3o configura \u201cuma nova covid\u201d. [&hellip;]<\/p>\n","protected":false},"author":1,"featured_media":1270,"comment_status":"open","ping_status":"open","sticky":false,"template":"","format":"standard","meta":{"_jetpack_newsletter_access":"","_jetpack_dont_email_post_to_subs":false,"_jetpack_newsletter_tier_id":0,"_jetpack_memberships_contains_paywalled_content":false,"_mbp_banners":[],"_jetpack_feature_clip_id":0,"_jetpack_memberships_contains_paid_content":false,"footnotes":"","jetpack_publicize_message":"","jetpack_publicize_feature_enabled":true,"jetpack_social_post_already_shared":true,"jetpack_social_options":{"image_generator_settings":{"template":"highway","default_image_id":0,"font":"","enabled":false},"version":2},"jetpack_post_was_ever_published":false},"categories":[15],"tags":[],"class_list":["post-12606","post","type-post","status-publish","format-standard","has-post-thumbnail","category-saude"],"jetpack_publicize_connections":[],"jetpack-related-posts":[],"jetpack_shortlink":"https:\/\/wp.me\/p7Eq1F-3hk","jetpack_sharing_enabled":true,"jetpack_featured_media_url":"https:\/\/i0.wp.com\/guialimeira.com.br\/news\/wp-content\/uploads\/2024\/04\/2024-02-16t105128z_1_lynxnpek1f0au_rtroptp_4_health-obesity-who.jpg?fit=1600%2C800&ssl=1","_links":{"self":[{"href":"https:\/\/guialimeira.com.br\/news\/wp-json\/wp\/v2\/posts\/12606","targetHints":{"allow":["GET"]}}],"collection":[{"href":"https:\/\/guialimeira.com.br\/news\/wp-json\/wp\/v2\/posts"}],"about":[{"href":"https:\/\/guialimeira.com.br\/news\/wp-json\/wp\/v2\/types\/post"}],"author":[{"embeddable":true,"href":"https:\/\/guialimeira.com.br\/news\/wp-json\/wp\/v2\/users\/1"}],"replies":[{"embeddable":true,"href":"https:\/\/guialimeira.com.br\/news\/wp-json\/wp\/v2\/comments?post=12606"}],"version-history":[{"count":0,"href":"https:\/\/guialimeira.com.br\/news\/wp-json\/wp\/v2\/posts\/12606\/revisions"}],"wp:featuredmedia":[{"embeddable":true,"href":"https:\/\/guialimeira.com.br\/news\/wp-json\/wp\/v2\/media\/1270"}],"wp:attachment":[{"href":"https:\/\/guialimeira.com.br\/news\/wp-json\/wp\/v2\/media?parent=12606"}],"wp:term":[{"taxonomy":"category","embeddable":true,"href":"https:\/\/guialimeira.com.br\/news\/wp-json\/wp\/v2\/categories?post=12606"},{"taxonomy":"post_tag","embeddable":true,"href":"https:\/\/guialimeira.com.br\/news\/wp-json\/wp\/v2\/tags?post=12606"}],"curies":[{"name":"wp","href":"https:\/\/api.w.org\/{rel}","templated":true}]}}