{"id":1260,"date":"2024-04-09T09:46:51","date_gmt":"2024-04-09T12:46:51","guid":{"rendered":"https:\/\/guialimeira.com.br\/2024\/04\/09\/regulamentado-direito-das-criancas-e-adolescentes-em-ambiente-digital\/"},"modified":"2024-04-09T09:46:51","modified_gmt":"2024-04-09T12:46:51","slug":"regulamentado-direito-das-criancas-e-adolescentes-em-ambiente-digital","status":"publish","type":"post","link":"https:\/\/guialimeira.com.br\/news\/regulamentado-direito-das-criancas-e-adolescentes-em-ambiente-digital\/","title":{"rendered":"Regulamentado direito das crian\u00e7as e adolescentes em ambiente digital"},"content":{"rendered":"<p> <br \/>\n<\/p>\n<div>\n<p>Uma resolu\u00e7\u00e3o do Minist\u00e9rio dos Direitos Humanos e da Cidadania atribuiu ao poder p\u00fablico, fam\u00edlias, sociedade e \u00e0s empresas a responsabilidade pela garantia e efetiva\u00e7\u00e3o dos direitos de crian\u00e7as e adolescentes em ambiente digital.<img data-recalc-dims=\"1\" decoding=\"async\" src=\"https:\/\/i0.wp.com\/agenciabrasil.ebc.com.br\/ebc.png?w=696&#038;ssl=1\" style=\"width:1px; height:1px; display:inline;\"\/><img data-recalc-dims=\"1\" decoding=\"async\" src=\"https:\/\/i0.wp.com\/agenciabrasil.ebc.com.br\/ebc.gif?w=696&#038;ssl=1\" style=\"width:1px; height:1px; display:inline;\"\/><\/p>\n<p>A medida, que tem como refer\u00eancia a legisla\u00e7\u00e3o brasileira de prote\u00e7\u00e3o integral dessa popula\u00e7\u00e3o, foi publicada, nesta ter\u00e7a-feira (9), no <a href=\"http:\/\/in.gov.br\/web\/dou\/-\/resolucao-n-245-de-5-de-abril-de-2024-552695799\" target=\"_blank\" rel=\"noopener\"><em>Di\u00e1rio Oficial da Uni\u00e3o<\/em><\/a>.<\/p>\n<p>O texto define o ambiente digital como \u201cas tecnologias da informa\u00e7\u00e3o e comunica\u00e7\u00e3o (TICs), como redes, conte\u00fados, servi\u00e7os e aplicativos digitais dispon\u00edveis no ambiente virtual (internet); dispositivos e ambientes conectados; realidade virtual e aumentada; intelig\u00eancia artificial (IA); rob\u00f3tica; sistemas automatizados, biometria, sistemas algor\u00edtmicos e an\u00e1lise de dados\u201d. O acesso a todos esses conte\u00fados e servi\u00e7os deve ser garantido a todos os menores de 18 anos.<\/p>\n<p>Nesses locais, crian\u00e7as e adolescentes t\u00eam seus direitos, como de desenvolvimento, liberdade de express\u00e3o e exerc\u00edcio da cidadania, priorizados e com a garantia da prote\u00e7\u00e3o de seus dados. A norma tamb\u00e9m destaca a prote\u00e7\u00e3o contra toda forma de neglig\u00eancia, discrimina\u00e7\u00e3o, viol\u00eancia, crueldade, opress\u00e3o e explora\u00e7\u00e3o, inclusive contra a explora\u00e7\u00e3o comercial.<\/p>\n<p>A resolu\u00e7\u00e3o esclarece, ainda, que empresas provedoras dos servi\u00e7os digitais dever\u00e3o adotar medidas para combater a exclus\u00e3o digital, inferioriza\u00e7\u00e3o e discrimina\u00e7\u00e3o ilegal ou abusiva, direta ou indireta. E que o poder p\u00fablico e a sociedade t\u00eam o dever de zelar sobretudo pela liberdade de express\u00e3o e direitos de buscar, receber e difundir informa\u00e7\u00e3o \u201csegura, confi\u00e1vel e \u00edntegra\u201d.<\/p>\n<h2>Viola\u00e7\u00f5es<\/h2>\n<p>S\u00e3o consideradas viola\u00e7\u00f5es dos direitos das crian\u00e7as e dos adolescentes, a exposi\u00e7\u00e3o a conte\u00fado ou contratos que representem risco a essa popula\u00e7\u00e3o, como conte\u00fados violentos e sexuais, cyber agress\u00e3o ou cyberbullying, discurso de \u00f3dio, ass\u00e9dio, produtos que causem depend\u00eancia, jogos de azar, explora\u00e7\u00e3o e abuso sexual e comercial, incita\u00e7\u00e3o ao suic\u00eddio, \u00e0 automutila\u00e7\u00e3o, publicidade ilegal ou a atividades que estimulem e exponham a risco da vida ou da integridade f\u00edsica.<\/p>\n<p>A norma inclui, ainda, a participa\u00e7\u00e3o de menores de 18 anos no desenvolvimento das pol\u00edticas p\u00fablicas sobre o ambiente digital, atribu\u00edda \u00e0 Secretaria Nacional dos Direitos da Crian\u00e7a e do Adolescente do Minist\u00e9rio dos Direitos Humanos e da Cidadania e pelo Conselho Nacional dos Direitos da Crian\u00e7a e do Adolescente (Conanda).<\/p>\n<p>As empresas que atuam no ambiente digital tamb\u00e9m passam a ter a responsabilidade de encaminhar den\u00fancias de viola\u00e7\u00e3o dos direitos, nesse contexto, \u00e0 Ouvidoria Nacional dos Direitos Humanos, por meio do Disque 100 e tamb\u00e9m \u00e0s autoridades do Sistema de Garantia de Direitos, como conselhos tutelares e autoridades policiais. O n\u00e3o encaminhamento das den\u00fancias responsabilizar\u00e1 os envolvidos de acordo com as penalidades previstas no Estatuto da Crian\u00e7a e do Adolescente, independente da omiss\u00e3o ser culposa ou dolosa, ou seja, quando houver ou n\u00e3o inten\u00e7\u00e3o de dificultar a den\u00fancia.<\/p>\n<\/p><\/div>\n<p><br \/>\n<br \/><a href=\"https:\/\/agenciabrasil.ebc.com.br\/geral\/noticia\/2024-04\/regulamentado-direito-das-criancas-e-adolescentes-em-ambiente-digital\" rel=\"noopener\">Ag\u00eancia Brasil<\/a><\/p>\n","protected":false},"excerpt":{"rendered":"<p>Uma resolu\u00e7\u00e3o do Minist\u00e9rio dos Direitos Humanos e da Cidadania atribuiu ao poder p\u00fablico, fam\u00edlias, sociedade e \u00e0s empresas a responsabilidade pela garantia e efetiva\u00e7\u00e3o dos direitos de crian\u00e7as e adolescentes em ambiente digital. A medida, que tem como refer\u00eancia a legisla\u00e7\u00e3o brasileira de prote\u00e7\u00e3o integral dessa popula\u00e7\u00e3o, foi publicada, nesta ter\u00e7a-feira (9), no Di\u00e1rio [&hellip;]<\/p>\n","protected":false},"author":1,"featured_media":1261,"comment_status":"open","ping_status":"open","sticky":false,"template":"","format":"standard","meta":{"_jetpack_newsletter_access":"","_jetpack_dont_email_post_to_subs":false,"_jetpack_newsletter_tier_id":0,"_jetpack_memberships_contains_paywalled_content":false,"_mbp_banners":[],"_jetpack_feature_clip_id":0,"_jetpack_memberships_contains_paid_content":false,"footnotes":"","jetpack_publicize_message":"","jetpack_publicize_feature_enabled":true,"jetpack_social_post_already_shared":true,"jetpack_social_options":{"image_generator_settings":{"template":"highway","default_image_id":0,"font":"","enabled":false},"version":2},"jetpack_post_was_ever_published":false},"categories":[1],"tags":[],"class_list":["post-1260","post","type-post","status-publish","format-standard","has-post-thumbnail","category-geral"],"jetpack_publicize_connections":[],"jetpack-related-posts":[],"jetpack_shortlink":"https:\/\/wp.me\/p7Eq1F-kk","jetpack_sharing_enabled":true,"jetpack_featured_media_url":"https:\/\/i0.wp.com\/guialimeira.com.br\/news\/wp-content\/uploads\/2024\/04\/180515_-_jovem_celular_0829.jpg?fit=1600%2C800&ssl=1","_links":{"self":[{"href":"https:\/\/guialimeira.com.br\/news\/wp-json\/wp\/v2\/posts\/1260","targetHints":{"allow":["GET"]}}],"collection":[{"href":"https:\/\/guialimeira.com.br\/news\/wp-json\/wp\/v2\/posts"}],"about":[{"href":"https:\/\/guialimeira.com.br\/news\/wp-json\/wp\/v2\/types\/post"}],"author":[{"embeddable":true,"href":"https:\/\/guialimeira.com.br\/news\/wp-json\/wp\/v2\/users\/1"}],"replies":[{"embeddable":true,"href":"https:\/\/guialimeira.com.br\/news\/wp-json\/wp\/v2\/comments?post=1260"}],"version-history":[{"count":0,"href":"https:\/\/guialimeira.com.br\/news\/wp-json\/wp\/v2\/posts\/1260\/revisions"}],"wp:featuredmedia":[{"embeddable":true,"href":"https:\/\/guialimeira.com.br\/news\/wp-json\/wp\/v2\/media\/1261"}],"wp:attachment":[{"href":"https:\/\/guialimeira.com.br\/news\/wp-json\/wp\/v2\/media?parent=1260"}],"wp:term":[{"taxonomy":"category","embeddable":true,"href":"https:\/\/guialimeira.com.br\/news\/wp-json\/wp\/v2\/categories?post=1260"},{"taxonomy":"post_tag","embeddable":true,"href":"https:\/\/guialimeira.com.br\/news\/wp-json\/wp\/v2\/tags?post=1260"}],"curies":[{"name":"wp","href":"https:\/\/api.w.org\/{rel}","templated":true}]}}