{"id":1257,"date":"2024-04-09T08:45:46","date_gmt":"2024-04-09T11:45:46","guid":{"rendered":"https:\/\/guialimeira.com.br\/2024\/04\/09\/programa-dr-com-demori-recebe-diretor-geral-da-policia-federal\/"},"modified":"2024-04-09T08:45:46","modified_gmt":"2024-04-09T11:45:46","slug":"programa-dr-com-demori-recebe-diretor-geral-da-policia-federal","status":"publish","type":"post","link":"https:\/\/guialimeira.com.br\/news\/programa-dr-com-demori-recebe-diretor-geral-da-policia-federal\/","title":{"rendered":"Programa DR com Demori recebe diretor-geral da Pol\u00edcia Federal"},"content":{"rendered":"<p> <br \/>\n<\/p>\n<div>\n<p>A <strong>TV Brasil<\/strong> exibe nesta ter\u00e7a-feira (9), \u00e0s 21h30, entrevista exclusiva com o diretor-geral da Pol\u00edcia Federal (PF), Andrei Rodrigues. Durante o programa <em>DR com Demori<\/em>, comandado pelo jornalista Leandro Demori, ele comentou sobre as investiga\u00e7\u00f5es do caso Marielle e avaliou a imagem da institui\u00e7\u00e3o ap\u00f3s grandes casos como a Opera\u00e7\u00e3o Lava Jato.<img data-recalc-dims=\"1\" decoding=\"async\" src=\"https:\/\/i0.wp.com\/agenciabrasil.ebc.com.br\/ebc.png?w=696&#038;ssl=1\" style=\"width:1px; height:1px; display:inline;\"\/><img data-recalc-dims=\"1\" decoding=\"async\" src=\"https:\/\/i0.wp.com\/agenciabrasil.ebc.com.br\/ebc.gif?w=696&#038;ssl=1\" style=\"width:1px; height:1px; display:inline;\"\/><\/p>\n<p>Sobre a cria\u00e7\u00e3o de figuras que ganharam destaque em a\u00e7\u00f5es, como o &#8220;Japon\u00eas da Federal&#8221;, Rodrigues afirmou que a PF \u00e9 uma institui\u00e7\u00e3o do Estado e ela \u00e9 quem deve ganhar destaque, ser reconhecida e valorizada.\u00a0<\/p>\n<p>&#8220;Foi nefasto para a institui\u00e7\u00e3o ter personalidades destacadas como o &#8216;Pai da Lava Jato&#8217; ou a &#8216;M\u00e3e da Lava Jato&#8217;. Isso \u00e9 danoso a qualquer institui\u00e7\u00e3o do Estado\u201d, afirma.\u00a0<\/p>\n<p>No bate-papo, o diretor-geral da PF contou\u00a0que prop\u00f4s emenda constitucional proibindo que servidores da institui\u00e7\u00e3o\u00a0sejam filiados a partidos pol\u00edticos e se candidatem a cargos eletivos. \u201cQuem quiser fazer pol\u00edtica que pe\u00e7a exonera\u00e7\u00e3o, saia da Pol\u00edcia Federal e siga sua vida fazendo pol\u00edtica\u201d, afirmou. O <em>DR com Demori<\/em> tamb\u00e9m vai ao ar no canal da <strong>TV Brasil\u00a0<\/strong>no Youtube.<\/p>\n<h2>Sobre o programa\u00a0<\/h2>\n<p>O programa <em>Dando a Real<\/em> com Leandro Demori, ou simplesmente <em>DR com Demori<\/em>, traz personalidades para um papo mais \u00edntimo e direto, na tela da <strong>TV Brasil<\/strong>. J\u00e1 passaram pela mesa nomes como o ministro do Supremo Tribunal Federal\u00a0Gilmar Mendes,\u00a0a deputada federal Erika Hilton,\u00a0o psic\u00f3logo Alexandre Coimbra\u00a0e o fundador da banda Pink Floyd, Roger Waters.\u00a0<\/p>\n<h2>Ao vivo e <em>on demand<\/em> \u00a0\u00a0<\/h2>\n<p>Acompanhe a programa\u00e7\u00e3o da <strong>TV Brasil<\/strong> pelo canal aberto, TV por assinatura e parab\u00f3lica. <a href=\"http:\/\/https:\/\/tvbrasil.ebc.com.br\/comosintonizar\" target=\"_blank\" rel=\"noopener\">Sintonize<\/a>. \u00a0\u00a0<\/p>\n<p>Seus programas favoritos est\u00e3o no <a href=\"http:\/\/tvbrasilplay.com.br\" target=\"_blank\" rel=\"noopener\">TV Brasil Play<\/a>\u00a0ou por aplicativo no smartphone. O app pode ser baixado gratuitamente e est\u00e1 dispon\u00edvel para Android e iOS. Assista tamb\u00e9m pela <a href=\"https:\/\/tvbrasil.ebc.com.br\/webtv\" target=\"_blank\" rel=\"noopener\">WebTV<\/a>\u00a0.<\/p>\n<\/p><\/div>\n<p><br \/>\n<br \/><a href=\"https:\/\/agenciabrasil.ebc.com.br\/geral\/noticia\/2024-04\/programa-dr-com-demori-recebe-diretor-geral-da-policia-federal\" rel=\"noopener\">Ag\u00eancia Brasil<\/a><\/p>\n","protected":false},"excerpt":{"rendered":"<p>A TV Brasil exibe nesta ter\u00e7a-feira (9), \u00e0s 21h30, entrevista exclusiva com o diretor-geral da Pol\u00edcia Federal (PF), Andrei Rodrigues. Durante o programa DR com Demori, comandado pelo jornalista Leandro Demori, ele comentou sobre as investiga\u00e7\u00f5es do caso Marielle e avaliou a imagem da institui\u00e7\u00e3o ap\u00f3s grandes casos como a Opera\u00e7\u00e3o Lava Jato. Sobre a [&hellip;]<\/p>\n","protected":false},"author":1,"featured_media":1258,"comment_status":"open","ping_status":"open","sticky":false,"template":"","format":"standard","meta":{"_jetpack_newsletter_access":"","_jetpack_dont_email_post_to_subs":false,"_jetpack_newsletter_tier_id":0,"_jetpack_memberships_contains_paywalled_content":false,"_mbp_banners":[],"_jetpack_feature_clip_id":0,"_jetpack_memberships_contains_paid_content":false,"footnotes":"","jetpack_publicize_message":"","jetpack_publicize_feature_enabled":true,"jetpack_social_post_already_shared":true,"jetpack_social_options":{"image_generator_settings":{"template":"highway","default_image_id":0,"font":"","enabled":false},"version":2},"jetpack_post_was_ever_published":false},"categories":[1],"tags":[],"class_list":["post-1257","post","type-post","status-publish","format-standard","has-post-thumbnail","category-geral"],"jetpack_publicize_connections":[],"jetpack-related-posts":[],"jetpack_shortlink":"https:\/\/wp.me\/p7Eq1F-kh","jetpack_sharing_enabled":true,"jetpack_featured_media_url":"https:\/\/i0.wp.com\/guialimeira.com.br\/news\/wp-content\/uploads\/2024\/04\/img_7990.jpg?fit=1600%2C800&ssl=1","_links":{"self":[{"href":"https:\/\/guialimeira.com.br\/news\/wp-json\/wp\/v2\/posts\/1257","targetHints":{"allow":["GET"]}}],"collection":[{"href":"https:\/\/guialimeira.com.br\/news\/wp-json\/wp\/v2\/posts"}],"about":[{"href":"https:\/\/guialimeira.com.br\/news\/wp-json\/wp\/v2\/types\/post"}],"author":[{"embeddable":true,"href":"https:\/\/guialimeira.com.br\/news\/wp-json\/wp\/v2\/users\/1"}],"replies":[{"embeddable":true,"href":"https:\/\/guialimeira.com.br\/news\/wp-json\/wp\/v2\/comments?post=1257"}],"version-history":[{"count":0,"href":"https:\/\/guialimeira.com.br\/news\/wp-json\/wp\/v2\/posts\/1257\/revisions"}],"wp:featuredmedia":[{"embeddable":true,"href":"https:\/\/guialimeira.com.br\/news\/wp-json\/wp\/v2\/media\/1258"}],"wp:attachment":[{"href":"https:\/\/guialimeira.com.br\/news\/wp-json\/wp\/v2\/media?parent=1257"}],"wp:term":[{"taxonomy":"category","embeddable":true,"href":"https:\/\/guialimeira.com.br\/news\/wp-json\/wp\/v2\/categories?post=1257"},{"taxonomy":"post_tag","embeddable":true,"href":"https:\/\/guialimeira.com.br\/news\/wp-json\/wp\/v2\/tags?post=1257"}],"curies":[{"name":"wp","href":"https:\/\/api.w.org\/{rel}","templated":true}]}}