{"id":12504,"date":"2024-08-17T19:11:54","date_gmt":"2024-08-17T22:11:54","guid":{"rendered":"https:\/\/guialimeira.com.br\/2024\/08\/17\/atos-contra-e-a-favor-governo-maduro-tomam-as-ruas-na-venezuela\/"},"modified":"2024-08-17T19:11:54","modified_gmt":"2024-08-17T22:11:54","slug":"atos-contra-e-a-favor-governo-maduro-tomam-as-ruas-na-venezuela","status":"publish","type":"post","link":"https:\/\/guialimeira.com.br\/news\/atos-contra-e-a-favor-governo-maduro-tomam-as-ruas-na-venezuela\/","title":{"rendered":"Atos contra e a favor governo Maduro tomam as ruas na Venezuela"},"content":{"rendered":"<p> <br \/>\n<\/p>\n<div>\n<p>Este s\u00e1bado (17) foi mais um dia de atos contra e a favor do resultado eleitoral anunciado pelo Conselho Nacional Eleitoral (CNE) da Venezuela, que deu a reelei\u00e7\u00e3o ao presidente Nicol\u00e1s Maduro na vota\u00e7\u00e3o do dia 28 de julho.<img data-recalc-dims=\"1\" decoding=\"async\" src=\"https:\/\/i0.wp.com\/agenciabrasil.ebc.com.br\/ebc.png?w=696&#038;ssl=1\" style=\"width:1px; height:1px; display:inline;\"\/><img data-recalc-dims=\"1\" decoding=\"async\" src=\"https:\/\/i0.wp.com\/agenciabrasil.ebc.com.br\/ebc.gif?w=696&#038;ssl=1\" style=\"width:1px; height:1px; display:inline;\"\/><\/p>\n<p>A oposi\u00e7\u00e3o realizou atos em diversas cidades do mundo convocados pelas lideran\u00e7as da campanha de Edmundo Gonz\u00e1lez, que reivindicam a vit\u00f3ria na elei\u00e7\u00e3o presidencial. Foram registrados atos, entre outros pa\u00edses, na Austr\u00e1lia, na Espanha, na Inglaterra e no M\u00e9xico, al\u00e9m de em diversas cidades dentro da Venezuela.<\/p>\n<p>Chamada de \u201cGrande Protesto Mundial pela Verdade\u201d, a principal manifesta\u00e7\u00e3o ocorreu em Caracas, sob a lideran\u00e7a de Mar\u00eda Corina Machado, que discursou para milhares de pessoas. Segundo Corina, a t\u00e1tica da oposi\u00e7\u00e3o agora \u00e9 cobrar o respeito ao voto.<\/p>\n<p>\u201cQue o mundo e todos na Venezuela reconhe\u00e7am que o presidente eleito da Venezuela \u00e9 Edmundo Gonz\u00e1lez. Esse regime, quando se viu derrotado e descoberto, optou pela mais cruel de todas as pol\u00edticas, que foi entrincheirar-se num grupo do alto comando militar e ordenar uma campanha de repress\u00e3o\u201d, denunciou.<\/p>\n<p>A oposi\u00e7\u00e3o e organiza\u00e7\u00f5es sociais <a href=\"https:\/\/agenciabrasil.ebc.com.br\/internacional\/noticia\/2024-08\/onu-e-movimentos-voltam-denunciar-detencoes-arbitrarias-na-venezuela\" rel=\"noopener\">t\u00eam denunciado pris\u00f5es arbitr\u00e1rias<\/a> no pa\u00eds no contexto dos protestos p\u00f3s-eleitorais com mais de 1,3 mil presos e mais de 20 \u00f3bitos. J\u00e1 o governo afirma que luta contra grupos criminosos que atacam pr\u00e9dios p\u00fablicos, lideran\u00e7as chavistas e policiais, o que j\u00e1 teria causado a morte de 25 pessoas e ferido 97 membros das for\u00e7as de seguran\u00e7a. \u00a0\u00a0<\/p>\n<p>O candidato Edmundo Gonz\u00e1lez se manifestou pelas redes sociais, em v\u00eddeo. \u201cEssas manifesta\u00e7\u00f5es s\u00e3o a for\u00e7a que far\u00e1 respeitar a decis\u00e3o de mudan\u00e7a e paz que votamos milh\u00f5es no dia 28 de julho\u201d, destacou.\u00a0\u00a0\u00a0<\/p>\n<div class=\"dnd-widget-wrapper context-cheio_8colunas type-image atom-align-center\">\n<div class=\"dnd-atom-rendered\"><!-- scald=396268:cheio_8colunas {\"additionalClasses\":\"\"} --><\/p>\n<div class=\"shadow overflow-hidden rounded-lg d-block w-100\">\n            <img data-recalc-dims=\"1\" decoding=\"async\" src=\"https:\/\/i0.wp.com\/agenciabrasil.ebc.com.br\/sites\/default\/files\/thumbnails\/image\/loading_v2.gif?w=696&#038;ssl=1\" data-echo=\"https:\/\/imagens.ebc.com.br\/6aAy-jn5KUlC6PkOtBxMqTQJwJ0=\/754x0\/smart\/https:\/\/agenciabrasil.ebc.com.br\/sites\/default\/files\/thumbnails\/image\/2024\/08\/17\/2024-08-17t202212z_253486291_rc2vh9axuvik_rtrmadp_3_venezuela-election-maduro-supporters.jpg?itok=os9eIcvb\" alt=\"Supporters of Venezuelan President Nicolas Maduro attend a march amid the disputed presidential election, in Caracas, Venezuela August 17, 2024. Reuters\/Maxwell Briceno\/Proibida reprodu\u00e7\u00e3o\" title=\"REUTERS\/Maxwell Briceno\/Proibida reprodu\u00e7\u00e3o\" class=\"flex-fill img-cover\"\/><br \/>\n        <img data-recalc-dims=\"1\" decoding=\"async\" src=\"https:\/\/i0.wp.com\/imagens.ebc.com.br\/6aAy-jn5KUlC6PkOtBxMqTQJwJ0%3D\/754x0\/smart\/https%3A\/\/agenciabrasil.ebc.com.br\/sites\/default\/files\/thumbnails\/image\/2024\/08\/17\/2024-08-17t202212z_253486291_rc2vh9axuvik_rtrmadp_3_venezuela-election-maduro-supporters.jpg?w=696&#038;ssl=1\" alt=\"Supporters of Venezuelan President Nicolas Maduro attend a march amid the disputed presidential election, in Caracas, Venezuela August 17, 2024. Reuters\/Maxwell Briceno\/Proibida reprodu\u00e7\u00e3o\" title=\"REUTERS\/Maxwell Briceno\/Proibida reprodu\u00e7\u00e3o\" class=\"flex-fill img-cover\"\/>\n    <\/div>\n<p><!-- END scald=396268 --><\/div>\n<p><h6 class=\"meta rtecenter\"><!--copyright=396268-->Atos em favor do presidente Nicolas Maduro em Caracas, Venezuela <strong>REUTERS\/Maxwell Briceno\/Proibida reprodu\u00e7\u00e3o<\/strong><!--END copyright=396268--><\/h6>\n<\/p>\n<\/div>\n<h2>Chavismo<\/h2>\n<p>Em contrapartida, atos \u201cpela paz e em respaldo a vit\u00f3ria do presidente Nicol\u00e1s Maduro\u201d tamb\u00e9m foram registrados em diversas cidades do pa\u00eds e transmitidos pelas emissoras estatais, incluindo caravanas de motocicletas na capital, Caracas.<\/p>\n<p>A maior mobiliza\u00e7\u00e3o chavista ocorreu em Caracas, onde uma marcha seguiu pelo centro da capital at\u00e9 o Pal\u00e1cio de Miraflores, sede do governo do pa\u00eds sul-americano, com a participa\u00e7\u00e3o de Diosdado Cabello, 1\u00ba vice-presidente do PSUV (partido do governo) e segunda mais poderosa lideran\u00e7a chavista do pa\u00eds, e Jorge Rodr\u00edguez, presidente da Assembleia Nacional.<\/p>\n<p>Entrevistado pela emissora VTV, o trabalhador Rafael G\u00e1rcia explicou o motivo de ter sa\u00eddo \u00e0 rua. \u201cEstamos aqui apoiando nosso presidente constitucional Nicol\u00e1s Maduro Moro contra o fascismo, contra o imperialismo e contra aqueles que n\u00e3o aceitaram o resultado eleitoral.\u00a0N\u00f3s queremos viver em paz\u201d, disse.<\/p>\n<p>At\u00e9 o fechamento desta reportagem, as lideran\u00e7as chavistas ainda n\u00e3o haviam se manifestado ao p\u00fablico.\u00a0\u00a0<\/p>\n<h2>Per\u00edcia eleitoral<\/h2>\n<p>Na \u00faltima quinta-feira (15), o Tribunal Supremo de Justi\u00e7a (STJ) da Venezuela informou que <a href=\"https:\/\/agenciabrasil.ebc.com.br\/internacional\/noticia\/2024-08\/justica-da-venezuela-inicia-pericia-de-atas-e-documentos-eleitorais\" rel=\"noopener\">iniciou a per\u00edcia de todo o material<\/a> eleitoral entregue \u00e0 Corte pelo Conselho Nacional Eleitoral (CNE) e pelos partidos e candidatos da elei\u00e7\u00e3o presidencial do dia 28 de julho.<\/p>\n<p>O resultado do pleito na Venezuela, que deu a reelei\u00e7\u00e3o a Nicol\u00e1s Maduro, foi parar no Supremo depois que o presidente entrou com um recurso na Corte diante das den\u00fancias de fraudes da oposi\u00e7\u00e3o e de ataques cibern\u00e9ticos contra o CNE.<\/p>\n<p>Como o CNE n\u00e3o apresentou os resultados detalhados por mesa de vota\u00e7\u00e3o, al\u00e9m de suspender tr\u00eas auditorias que estavam previstas para depois de 28 de julho, a vit\u00f3ria de Maduro vem sendo contestada por organiza\u00e7\u00f5es internacionais de observadores e diversos pa\u00edses.<\/p>\n<p>Como cada fiscal de partido tem acesso a uma ata eleitoral de cada urna, a oposi\u00e7\u00e3o diz ter recolhido mais de 80% das atas. Esses documentos em posse da oposi\u00e7\u00e3o foram publicados na internet e mostram a vit\u00f3ria do candidato opositor, Edmundo Gonz\u00e1lez. O governo da Venezuela diz que as atas da oposi\u00e7\u00e3o foram falsificadas e o Minist\u00e9rio P\u00fablico do pa\u00eds abriu uma investiga\u00e7\u00e3o penal contra os respons\u00e1veis pela publica\u00e7\u00e3o desses documentos.<\/p>\n<\/p><\/div>\n<p><br \/>\n<br \/><a href=\"https:\/\/agenciabrasil.ebc.com.br\/internacional\/noticia\/2024-08\/atos-contra-e-favor-governo-maduro-tomam-ruas-na-venezuela\" rel=\"noopener\">Ag\u00eancia Brasil <\/a><\/p>\n","protected":false},"excerpt":{"rendered":"<p>Este s\u00e1bado (17) foi mais um dia de atos contra e a favor do resultado eleitoral anunciado pelo Conselho Nacional Eleitoral (CNE) da Venezuela, que deu a reelei\u00e7\u00e3o ao presidente Nicol\u00e1s Maduro na vota\u00e7\u00e3o do dia 28 de julho. A oposi\u00e7\u00e3o realizou atos em diversas cidades do mundo convocados pelas lideran\u00e7as da campanha de Edmundo [&hellip;]<\/p>\n","protected":false},"author":1,"featured_media":12505,"comment_status":"open","ping_status":"open","sticky":false,"template":"","format":"standard","meta":{"_jetpack_newsletter_access":"","_jetpack_dont_email_post_to_subs":false,"_jetpack_newsletter_tier_id":0,"_jetpack_memberships_contains_paywalled_content":false,"_mbp_banners":[],"_jetpack_feature_clip_id":0,"_jetpack_memberships_contains_paid_content":false,"footnotes":"","jetpack_publicize_message":"","jetpack_publicize_feature_enabled":true,"jetpack_social_post_already_shared":true,"jetpack_social_options":{"image_generator_settings":{"template":"highway","default_image_id":0,"font":"","enabled":false},"version":2},"jetpack_post_was_ever_published":false},"categories":[25],"tags":[],"class_list":["post-12504","post","type-post","status-publish","format-standard","has-post-thumbnail","category-internacional"],"jetpack_publicize_connections":[],"jetpack-related-posts":[],"jetpack_shortlink":"https:\/\/wp.me\/p7Eq1F-3fG","jetpack_sharing_enabled":true,"jetpack_featured_media_url":"https:\/\/i0.wp.com\/guialimeira.com.br\/news\/wp-content\/uploads\/2024\/08\/2024-08-17t191110z_1946307784_rc2th9acvbk8_rtrmadp_3_venezuela-election-opposition-protest.jpg?fit=1600%2C800&ssl=1","_links":{"self":[{"href":"https:\/\/guialimeira.com.br\/news\/wp-json\/wp\/v2\/posts\/12504","targetHints":{"allow":["GET"]}}],"collection":[{"href":"https:\/\/guialimeira.com.br\/news\/wp-json\/wp\/v2\/posts"}],"about":[{"href":"https:\/\/guialimeira.com.br\/news\/wp-json\/wp\/v2\/types\/post"}],"author":[{"embeddable":true,"href":"https:\/\/guialimeira.com.br\/news\/wp-json\/wp\/v2\/users\/1"}],"replies":[{"embeddable":true,"href":"https:\/\/guialimeira.com.br\/news\/wp-json\/wp\/v2\/comments?post=12504"}],"version-history":[{"count":0,"href":"https:\/\/guialimeira.com.br\/news\/wp-json\/wp\/v2\/posts\/12504\/revisions"}],"wp:featuredmedia":[{"embeddable":true,"href":"https:\/\/guialimeira.com.br\/news\/wp-json\/wp\/v2\/media\/12505"}],"wp:attachment":[{"href":"https:\/\/guialimeira.com.br\/news\/wp-json\/wp\/v2\/media?parent=12504"}],"wp:term":[{"taxonomy":"category","embeddable":true,"href":"https:\/\/guialimeira.com.br\/news\/wp-json\/wp\/v2\/categories?post=12504"},{"taxonomy":"post_tag","embeddable":true,"href":"https:\/\/guialimeira.com.br\/news\/wp-json\/wp\/v2\/tags?post=12504"}],"curies":[{"name":"wp","href":"https:\/\/api.w.org\/{rel}","templated":true}]}}