{"id":12457,"date":"2024-08-16T22:51:57","date_gmt":"2024-08-17T01:51:57","guid":{"rendered":"https:\/\/guialimeira.com.br\/2024\/08\/16\/oea-aprova-resolucao-que-pede-divulgacao-das-atas-da-venezuela\/"},"modified":"2024-08-16T22:51:57","modified_gmt":"2024-08-17T01:51:57","slug":"oea-aprova-resolucao-que-pede-divulgacao-das-atas-da-venezuela","status":"publish","type":"post","link":"https:\/\/guialimeira.com.br\/news\/oea-aprova-resolucao-que-pede-divulgacao-das-atas-da-venezuela\/","title":{"rendered":"OEA aprova resolu\u00e7\u00e3o que pede divulga\u00e7\u00e3o das atas da Venezuela"},"content":{"rendered":"<p> <br \/>\n<\/p>\n<div>\n<p>O Conselho Permanente da Organiza\u00e7\u00e3o dos Estados Americanos (OEA) aprovou, nesta sexta-feira (16), uma resolu\u00e7\u00e3o sobre a situa\u00e7\u00e3o pol\u00edtica na Venezuela, cujo resultado das elei\u00e7\u00f5es que deu a vit\u00f3ria ao presidente Nicol\u00e1s Maduro n\u00e3o foi reconhecido pela oposi\u00e7\u00e3o, nem organiza\u00e7\u00f5es internacionais e outros pa\u00edses, incluindo o Brasil.<img data-recalc-dims=\"1\" decoding=\"async\" src=\"https:\/\/i0.wp.com\/agenciabrasil.ebc.com.br\/ebc.png?w=696&#038;ssl=1\" style=\"width:1px; height:1px; display:inline;\"\/><img data-recalc-dims=\"1\" decoding=\"async\" src=\"https:\/\/i0.wp.com\/agenciabrasil.ebc.com.br\/ebc.gif?w=696&#038;ssl=1\" style=\"width:1px; height:1px; display:inline;\"\/><\/p>\n<p>Na manifesta\u00e7\u00e3o, a entidade pede que o Conselho Nacional Eleitoral (CNE) da Venezuela publique rapidamente as atas com os resultados da vota\u00e7\u00e3o em cada uma das mesas eleitorais, al\u00e9m de uma verifica\u00e7\u00e3o imparcial dos resultados, &#8220;que garanta transpar\u00eancia, credibilidade e legitimidade&#8221;.<\/p>\n<p>O texto, apresentado pelos Estados Unidos, teve apoio de Ant\u00edgua e Barbuda, Argentina, Canad\u00e1, Chile, Equador, Guatemala, Paraguai, Rep\u00fablica Dominicana, Suriname e Uruguai, e foi aprovado por consenso. \u00a0<\/p>\n<p>A resolu\u00e7\u00e3o tamb\u00e9m pede a preserva\u00e7\u00e3o de todos os equipamentos utilizados no processo eleitoral, como a urnas eletr\u00f4nicas, e os votos impressos. O resultado da elei\u00e7\u00e3o na Venezuela foi parar no Tribunal Supremo de Justi\u00e7a depois que Maduro entrou com um recurso na Corte diante das den\u00fancias de fraudes da oposi\u00e7\u00e3o e de ataques cibern\u00e9ticos contra o CNE. A Suprema Corte iniciou um <a href=\"https:\/\/agenciabrasil.ebc.com.br\/internacional\/noticia\/2024-08\/justica-da-venezuela-inicia-pericia-de-atas-e-documentos-eleitorais\" target=\"_blank\" rel=\"noopener\">processo de per\u00edcia em todo o material<\/a>, que foi entregue pelo CNE. At\u00e9 o momento, as autoridades eleitorais do pa\u00eds n\u00e3o apresentaram os resultados detalhados por mesa de vota\u00e7\u00e3o, al\u00e9m de suspender tr\u00eas auditorias que estavam previstas para depois de 28 de julho, dia da elei\u00e7\u00e3o.<\/p>\n<p>A OEA tamb\u00e9m reconheceu uma participa\u00e7\u00e3o \u201csubstancial e pac\u00edfica\u201d do eleitorado venezuelano durante as elei\u00e7\u00f5es e pediu prote\u00e7\u00e3o \u00e0s \u201cinstala\u00e7\u00f5es diplom\u00e1ticas e as pessoas que procuram asilo nessas instala\u00e7\u00f5es&#8221;. Em outro ponto da nota, a OEA pediu respeito aos direitos humanos, liberdades fundamentais, liberdade de reuni\u00e3o e de manifesta\u00e7\u00f5es pac\u00edficas. A entidade ainda instou a todas as partes interessadas que, atores pol\u00edticos e sociais, bem como autoridades, a absterem-se de condutas que possam comprometer uma sa\u00edda pac\u00edfica para a crise.<\/p>\n<p>Nicol\u00e1s Maduro foi proclamado reeleito para um terceiro mandato de seis anos, com 52% dos votos. J\u00e1 a oposi\u00e7\u00e3o, que concorreu com Edmundo Gonz\u00e1lez, afirma ter apresentado mais de 80% de atas eleitorais, coletadas por fiscais durante as elei\u00e7\u00f5es, que indicariam a vit\u00f3ria do opositor com cerca de 70% dos votos.<\/p>\n<\/p><\/div>\n<p><br \/>\n<br \/><a href=\"https:\/\/agenciabrasil.ebc.com.br\/internacional\/noticia\/2024-08\/oea-aprova-resolucao-que-pede-divulgacao-das-atas-da-venezuela\" rel=\"noopener\">Ag\u00eancia Brasil <\/a><\/p>\n","protected":false},"excerpt":{"rendered":"<p>O Conselho Permanente da Organiza\u00e7\u00e3o dos Estados Americanos (OEA) aprovou, nesta sexta-feira (16), uma resolu\u00e7\u00e3o sobre a situa\u00e7\u00e3o pol\u00edtica na Venezuela, cujo resultado das elei\u00e7\u00f5es que deu a vit\u00f3ria ao presidente Nicol\u00e1s Maduro n\u00e3o foi reconhecido pela oposi\u00e7\u00e3o, nem organiza\u00e7\u00f5es internacionais e outros pa\u00edses, incluindo o Brasil. Na manifesta\u00e7\u00e3o, a entidade pede que o Conselho [&hellip;]<\/p>\n","protected":false},"author":1,"featured_media":11196,"comment_status":"open","ping_status":"open","sticky":false,"template":"","format":"standard","meta":{"_jetpack_newsletter_access":"","_jetpack_dont_email_post_to_subs":false,"_jetpack_newsletter_tier_id":0,"_jetpack_memberships_contains_paywalled_content":false,"_mbp_banners":[],"_jetpack_feature_clip_id":0,"_jetpack_memberships_contains_paid_content":false,"footnotes":"","jetpack_publicize_message":"","jetpack_publicize_feature_enabled":true,"jetpack_social_post_already_shared":true,"jetpack_social_options":{"image_generator_settings":{"template":"highway","default_image_id":0,"font":"","enabled":false},"version":2},"jetpack_post_was_ever_published":false},"categories":[25],"tags":[],"class_list":["post-12457","post","type-post","status-publish","format-standard","has-post-thumbnail","category-internacional"],"jetpack_publicize_connections":[],"jetpack-related-posts":[],"jetpack_shortlink":"https:\/\/wp.me\/p7Eq1F-3eV","jetpack_sharing_enabled":true,"jetpack_featured_media_url":"https:\/\/i0.wp.com\/guialimeira.com.br\/news\/wp-content\/uploads\/2024\/07\/2024-07-28t163126z_304040796_rc2a49aysrvn_rtrmadp_3_venezuela-election.jpg?fit=1600%2C800&ssl=1","_links":{"self":[{"href":"https:\/\/guialimeira.com.br\/news\/wp-json\/wp\/v2\/posts\/12457","targetHints":{"allow":["GET"]}}],"collection":[{"href":"https:\/\/guialimeira.com.br\/news\/wp-json\/wp\/v2\/posts"}],"about":[{"href":"https:\/\/guialimeira.com.br\/news\/wp-json\/wp\/v2\/types\/post"}],"author":[{"embeddable":true,"href":"https:\/\/guialimeira.com.br\/news\/wp-json\/wp\/v2\/users\/1"}],"replies":[{"embeddable":true,"href":"https:\/\/guialimeira.com.br\/news\/wp-json\/wp\/v2\/comments?post=12457"}],"version-history":[{"count":0,"href":"https:\/\/guialimeira.com.br\/news\/wp-json\/wp\/v2\/posts\/12457\/revisions"}],"wp:featuredmedia":[{"embeddable":true,"href":"https:\/\/guialimeira.com.br\/news\/wp-json\/wp\/v2\/media\/11196"}],"wp:attachment":[{"href":"https:\/\/guialimeira.com.br\/news\/wp-json\/wp\/v2\/media?parent=12457"}],"wp:term":[{"taxonomy":"category","embeddable":true,"href":"https:\/\/guialimeira.com.br\/news\/wp-json\/wp\/v2\/categories?post=12457"},{"taxonomy":"post_tag","embeddable":true,"href":"https:\/\/guialimeira.com.br\/news\/wp-json\/wp\/v2\/tags?post=12457"}],"curies":[{"name":"wp","href":"https:\/\/api.w.org\/{rel}","templated":true}]}}