{"id":12446,"date":"2024-08-16T19:43:05","date_gmt":"2024-08-16T22:43:05","guid":{"rendered":"https:\/\/guialimeira.com.br\/2024\/08\/16\/cfm-orienta-medicos-para-o-monitoramento-da-mpox-no-brasil\/"},"modified":"2024-08-16T19:43:05","modified_gmt":"2024-08-16T22:43:05","slug":"cfm-orienta-medicos-para-o-monitoramento-da-mpox-no-brasil","status":"publish","type":"post","link":"https:\/\/guialimeira.com.br\/news\/cfm-orienta-medicos-para-o-monitoramento-da-mpox-no-brasil\/","title":{"rendered":"CFM orienta m\u00e9dicos para o monitoramento da mpox no Brasil\u00a0"},"content":{"rendered":"<p> <br \/>\n<\/p>\n<div>\n<p>Os m\u00e9dicos brasileiros devem estar atentos a pacientes que apresentem sinais e sintomas de mpox, comunicando poss\u00edveis casos \u00e0 vigil\u00e2ncia sanit\u00e1ria para monitoramento e, se necess\u00e1rio, encaminhamento para receber os cuidados devidos. A orienta\u00e7\u00e3o \u00e9 do Conselho Federal de Medicina (CFM) encaminhada nesta sexta-feira (16) aos mais de 600 mil profissionais da categoria.<img data-recalc-dims=\"1\" decoding=\"async\" src=\"https:\/\/i0.wp.com\/agenciabrasil.ebc.com.br\/ebc.png?w=696&#038;ssl=1\" style=\"width:1px; height:1px; display:inline;\"\/><img data-recalc-dims=\"1\" decoding=\"async\" src=\"https:\/\/i0.wp.com\/agenciabrasil.ebc.com.br\/ebc.gif?w=696&#038;ssl=1\" style=\"width:1px; height:1px; display:inline;\"\/><\/p>\n<p>\u201cApesar da <a href=\"http:\/\/agenciabrasil.ebc.com.br\/saude\/noticia\/2024-08\/mpox-oms-volta-declarar-emergencia-em-saude-publica-global\" rel=\"noopener\">declara\u00e7\u00e3o de Emerg\u00eancia<\/a> de Sa\u00fade P\u00fablica de Import\u00e2ncia Internacional (ESPII) para a mpox, realizada pela Organiza\u00e7\u00e3o Mundial da Sa\u00fade (OMS), o CFM entende que, at\u00e9 o momento e, de acordo com o Minist\u00e9rio da Sa\u00fade, o risco de contamina\u00e7\u00e3o no Brasil \u00e9 baixo, estando a situa\u00e7\u00e3o sob controle\u201d, diz a entidade, em nota.\u00a0<\/p>\n<p>Em 2024, foram registrados 709 casos confirmados ou prov\u00e1veis. Em 2022, foram notificados aproximadamente 10 mil casos. Nesse per\u00edodo, houve registro de 16 \u00f3bitos. Para o Conselho, \u00e9 importante refor\u00e7ar o monitoramento dos casos, o que pode ajudar a tomada de medidas pelas autoridades sanit\u00e1rias.\u00a0<\/p>\n<p>No comunicado, o Conselho Federal de Medicina informa que est\u00e1 acompanhando atentamente os desdobramentos relacionados ao tema, em sintonia com as autoridades brasileiras, e se colocou \u00e0 disposi\u00e7\u00e3o para colaborar em iniciativas que visem a preven\u00e7\u00e3o e o tratamento dos casos de mpox no Brasil.<\/p>\n<h2>Sintomas<\/h2>\n<p><a href=\"http:\/\/agenciabrasil.ebc.com.br\/saude\/noticia\/2024-08\/mpox-conheca-sintomas-e-tire-principais-duvidas-sobre-doenca\" rel=\"noopener\">Entre os sintomas da doen\u00e7a<\/a> est\u00e3o: febre, dores no corpo e na cabe\u00e7a, cansa\u00e7o, g\u00e2nglios aumentados, erup\u00e7\u00f5es cut\u00e2neas, calafrio e fraqueza. As les\u00f5es do corpo causam dores e coceira e algumas manchas podem deixar cicatrizes.<\/p>\n<p>O per\u00edodo de incuba\u00e7\u00e3o sem sintomas costuma durar de seis a 13 dias, mas pode chegar at\u00e9 21 dias. Pacientes com a confirma\u00e7\u00e3o do diagn\u00f3stico de mpox devem se isolar e quem esteve em contato com essas pessoas tamb\u00e9m precisa de monitoramento.<\/p>\n<\/p><\/div>\n<p><br \/>\n<br \/><a href=\"https:\/\/agenciabrasil.ebc.com.br\/saude\/noticia\/2024-08\/cfm-orienta-medicos-para-o-monitoramento-da-mpox-no-brasil\" rel=\"noopener\">Ag\u00eancia Brasil <\/a><\/p>\n","protected":false},"excerpt":{"rendered":"<p>Os m\u00e9dicos brasileiros devem estar atentos a pacientes que apresentem sinais e sintomas de mpox, comunicando poss\u00edveis casos \u00e0 vigil\u00e2ncia sanit\u00e1ria para monitoramento e, se necess\u00e1rio, encaminhamento para receber os cuidados devidos. A orienta\u00e7\u00e3o \u00e9 do Conselho Federal de Medicina (CFM) encaminhada nesta sexta-feira (16) aos mais de 600 mil profissionais da categoria. \u201cApesar da [&hellip;]<\/p>\n","protected":false},"author":1,"featured_media":12248,"comment_status":"open","ping_status":"open","sticky":false,"template":"","format":"standard","meta":{"_jetpack_newsletter_access":"","_jetpack_dont_email_post_to_subs":false,"_jetpack_newsletter_tier_id":0,"_jetpack_memberships_contains_paywalled_content":false,"_mbp_banners":[],"_jetpack_feature_clip_id":0,"_jetpack_memberships_contains_paid_content":false,"footnotes":"","jetpack_publicize_message":"","jetpack_publicize_feature_enabled":true,"jetpack_social_post_already_shared":true,"jetpack_social_options":{"image_generator_settings":{"template":"highway","default_image_id":0,"font":"","enabled":false},"version":2},"jetpack_post_was_ever_published":false},"categories":[15],"tags":[],"class_list":["post-12446","post","type-post","status-publish","format-standard","has-post-thumbnail","category-saude"],"jetpack_publicize_connections":[],"jetpack-related-posts":[],"jetpack_shortlink":"https:\/\/wp.me\/p7Eq1F-3eK","jetpack_sharing_enabled":true,"jetpack_featured_media_url":"https:\/\/i0.wp.com\/guialimeira.com.br\/news\/wp-content\/uploads\/2024\/08\/2024-08-13t135812z_488502842_rc2yx8aqv1tn_rtrmadp_3_africa-mpox.jpg?fit=1600%2C800&ssl=1","_links":{"self":[{"href":"https:\/\/guialimeira.com.br\/news\/wp-json\/wp\/v2\/posts\/12446","targetHints":{"allow":["GET"]}}],"collection":[{"href":"https:\/\/guialimeira.com.br\/news\/wp-json\/wp\/v2\/posts"}],"about":[{"href":"https:\/\/guialimeira.com.br\/news\/wp-json\/wp\/v2\/types\/post"}],"author":[{"embeddable":true,"href":"https:\/\/guialimeira.com.br\/news\/wp-json\/wp\/v2\/users\/1"}],"replies":[{"embeddable":true,"href":"https:\/\/guialimeira.com.br\/news\/wp-json\/wp\/v2\/comments?post=12446"}],"version-history":[{"count":0,"href":"https:\/\/guialimeira.com.br\/news\/wp-json\/wp\/v2\/posts\/12446\/revisions"}],"wp:featuredmedia":[{"embeddable":true,"href":"https:\/\/guialimeira.com.br\/news\/wp-json\/wp\/v2\/media\/12248"}],"wp:attachment":[{"href":"https:\/\/guialimeira.com.br\/news\/wp-json\/wp\/v2\/media?parent=12446"}],"wp:term":[{"taxonomy":"category","embeddable":true,"href":"https:\/\/guialimeira.com.br\/news\/wp-json\/wp\/v2\/categories?post=12446"},{"taxonomy":"post_tag","embeddable":true,"href":"https:\/\/guialimeira.com.br\/news\/wp-json\/wp\/v2\/tags?post=12446"}],"curies":[{"name":"wp","href":"https:\/\/api.w.org\/{rel}","templated":true}]}}