{"id":1243,"date":"2024-04-08T22:35:44","date_gmt":"2024-04-09T01:35:44","guid":{"rendered":"https:\/\/guialimeira.com.br\/2024\/04\/08\/tiroteio-no-rj-deixa-universitario-morto-e-duas-criancas-feridas\/"},"modified":"2024-04-08T22:35:44","modified_gmt":"2024-04-09T01:35:44","slug":"tiroteio-no-rj-deixa-universitario-morto-e-duas-criancas-feridas","status":"publish","type":"post","link":"https:\/\/guialimeira.com.br\/news\/tiroteio-no-rj-deixa-universitario-morto-e-duas-criancas-feridas\/","title":{"rendered":"Tiroteio no RJ deixa universit\u00e1rio morto e duas crian\u00e7as feridas"},"content":{"rendered":"<p> <br \/>\n<\/p>\n<div>\n<p>Um tiroteio no centro de Serop\u00e9dica, na regi\u00e3o metropolitana do Rio, causou a morte de dois homens e deixou duas crian\u00e7as feridas.\u00a0Uma dos mortos era o estudante de Ci\u00eancias Biol\u00f3gicas, da Universidade Federal Rural do Rio de Janeiro (UFFRJ), Bernardo Para\u00edso, 24 anos.<img data-recalc-dims=\"1\" decoding=\"async\" src=\"https:\/\/i0.wp.com\/agenciabrasil.ebc.com.br\/ebc.png?w=696&#038;ssl=1\" style=\"width:1px; height:1px; display:inline;\"\/><img data-recalc-dims=\"1\" decoding=\"async\" src=\"https:\/\/i0.wp.com\/agenciabrasil.ebc.com.br\/ebc.gif?w=696&#038;ssl=1\" style=\"width:1px; height:1px; display:inline;\"\/><\/p>\n<p>Ele estava indo ao\u00a0supermercado em companhia de uma amiga, tamb\u00e9m estudante da universidade, quando foi atingido.<\/p>\n<p>A UFRRJ,\u00a0localizada em Serop\u00e9dica, suspendeu as aulas nesta segunda-feira (8). &#8220;\u00c9 com imenso pesar que comunicamos o tr\u00e1gico falecimento do aluno Bernardo Para\u00edso, aluno de Ci\u00eancias Biol\u00f3gicas, na tarde de hoje (8). A administra\u00e7\u00e3o central se solidariza com toda a fam\u00edlia e amigos neste momento de dor\u201d, diz em nota.\u00a0<\/p>\n<p>De acordo com a pol\u00edcia, o tiroteio ocorreu entre milicianos rivais que disputam\u00a0controle dos\u00a0servi\u00e7os de sinais de TV a cabo, venda de botij\u00f5es de g\u00e1s e cobran\u00e7a de taxas do\u00a0com\u00e9rcio na regi\u00e3o.\u00a0<\/p>\n<p>.A outra morte registrada foi de um\u00a0miliciano\u00a0que estava armado com um fuzil e uma pistola autom\u00e1tica. Pr\u00f3ximo ao corpo foi encontrada\u00a0uma granada, que n\u00e3o chegou a ser acionada.<\/p>\n<p>Duas crian\u00e7as, de 1 ano e 6 anos de idade, foram atingidas pelos tiros e levadas ao hospital em Duque de Caxias.\u00a0<\/p>\n<p>A pol\u00edcia prendeu um homem, identificado como Cl\u00e9ber Barbosa dos Santos, o \u201dGeneral\u201d, quando tentava se esconder dentro de uma farm\u00e1cia. Ele estava armado com um fuzil, uma pistola autom\u00e1tica, e tinha\u00a0R$ 1.550 em dinheiro.<\/p>\n<p>\u00a0<\/p>\n<p>\u00a0<\/p>\n<\/p><\/div>\n<p><br \/>\n<br \/><a href=\"https:\/\/agenciabrasil.ebc.com.br\/geral\/noticia\/2024-04\/tiroteio-no-rj-deixa-universitario-morto-e-duas-criancas-feridas\" rel=\"noopener\">Ag\u00eancia Brasil<\/a><\/p>\n","protected":false},"excerpt":{"rendered":"<p>Um tiroteio no centro de Serop\u00e9dica, na regi\u00e3o metropolitana do Rio, causou a morte de dois homens e deixou duas crian\u00e7as feridas.\u00a0Uma dos mortos era o estudante de Ci\u00eancias Biol\u00f3gicas, da Universidade Federal Rural do Rio de Janeiro (UFFRJ), Bernardo Para\u00edso, 24 anos. Ele estava indo ao\u00a0supermercado em companhia de uma amiga, tamb\u00e9m estudante da [&hellip;]<\/p>\n","protected":false},"author":1,"featured_media":269,"comment_status":"open","ping_status":"open","sticky":false,"template":"","format":"standard","meta":{"_jetpack_newsletter_access":"","_jetpack_dont_email_post_to_subs":false,"_jetpack_newsletter_tier_id":0,"_jetpack_memberships_contains_paywalled_content":false,"_mbp_banners":[],"_jetpack_feature_clip_id":0,"_jetpack_memberships_contains_paid_content":false,"footnotes":"","jetpack_publicize_message":"","jetpack_publicize_feature_enabled":true,"jetpack_social_post_already_shared":true,"jetpack_social_options":{"image_generator_settings":{"template":"highway","default_image_id":0,"font":"","enabled":false},"version":2},"jetpack_post_was_ever_published":false},"categories":[1],"tags":[],"class_list":["post-1243","post","type-post","status-publish","format-standard","has-post-thumbnail","category-geral"],"jetpack_publicize_connections":[],"jetpack-related-posts":[],"jetpack_shortlink":"https:\/\/wp.me\/p7Eq1F-k3","jetpack_sharing_enabled":true,"jetpack_featured_media_url":"https:\/\/i0.wp.com\/guialimeira.com.br\/news\/wp-content\/uploads\/2024\/03\/thumb_1200x600_agbrasil.png?fit=1200%2C600&ssl=1","_links":{"self":[{"href":"https:\/\/guialimeira.com.br\/news\/wp-json\/wp\/v2\/posts\/1243","targetHints":{"allow":["GET"]}}],"collection":[{"href":"https:\/\/guialimeira.com.br\/news\/wp-json\/wp\/v2\/posts"}],"about":[{"href":"https:\/\/guialimeira.com.br\/news\/wp-json\/wp\/v2\/types\/post"}],"author":[{"embeddable":true,"href":"https:\/\/guialimeira.com.br\/news\/wp-json\/wp\/v2\/users\/1"}],"replies":[{"embeddable":true,"href":"https:\/\/guialimeira.com.br\/news\/wp-json\/wp\/v2\/comments?post=1243"}],"version-history":[{"count":0,"href":"https:\/\/guialimeira.com.br\/news\/wp-json\/wp\/v2\/posts\/1243\/revisions"}],"wp:featuredmedia":[{"embeddable":true,"href":"https:\/\/guialimeira.com.br\/news\/wp-json\/wp\/v2\/media\/269"}],"wp:attachment":[{"href":"https:\/\/guialimeira.com.br\/news\/wp-json\/wp\/v2\/media?parent=1243"}],"wp:term":[{"taxonomy":"category","embeddable":true,"href":"https:\/\/guialimeira.com.br\/news\/wp-json\/wp\/v2\/categories?post=1243"},{"taxonomy":"post_tag","embeddable":true,"href":"https:\/\/guialimeira.com.br\/news\/wp-json\/wp\/v2\/tags?post=1243"}],"curies":[{"name":"wp","href":"https:\/\/api.w.org\/{rel}","templated":true}]}}