{"id":12419,"date":"2024-08-16T14:37:56","date_gmt":"2024-08-16T17:37:56","guid":{"rendered":"https:\/\/guialimeira.com.br\/2024\/08\/16\/mpox-europa-preve-mais-casos-de-nova-variante-nas-proximas-semanas\/"},"modified":"2024-08-16T14:37:56","modified_gmt":"2024-08-16T17:37:56","slug":"mpox-europa-preve-mais-casos-de-nova-variante-nas-proximas-semanas","status":"publish","type":"post","link":"https:\/\/guialimeira.com.br\/news\/mpox-europa-preve-mais-casos-de-nova-variante-nas-proximas-semanas\/","title":{"rendered":"Mpox: Europa prev\u00ea mais casos de nova variante nas pr\u00f3ximas semanas"},"content":{"rendered":"<p> <br \/>\n<\/p>\n<div>\n<p>O Centro Europeu de Preven\u00e7\u00e3o e Controle de Doen\u00e7as (ECDC, na sigla em ingl\u00eas) informou nesta sexta-feira (16) que novos casos importados da variante 1b da mpox, que circula na \u00c1frica, devem ser registrados na Europa ao longo das pr\u00f3ximas semanas. A Su\u00e9cia confirmou a primeira infec\u00e7\u00e3o pela variante na quinta-feira (16).<img data-recalc-dims=\"1\" decoding=\"async\" src=\"https:\/\/i0.wp.com\/agenciabrasil.ebc.com.br\/ebc.png?w=696&#038;ssl=1\" style=\"width:1px; height:1px; display:inline;\"\/><img data-recalc-dims=\"1\" decoding=\"async\" src=\"https:\/\/i0.wp.com\/agenciabrasil.ebc.com.br\/ebc.gif?w=696&#038;ssl=1\" style=\"width:1px; height:1px; display:inline;\"\/><\/p>\n<p>Em nova avalia\u00e7\u00e3o de risco, o ECDC avaliou como \u201caltamente prov\u00e1vel\u201d que a Europa confirme novos casos importados da variante que circula na \u00c1frica, mas classificou a probabilidade de transmiss\u00e3o sustentada da variante no continente como \u201cmuito baixa\u201d, desde que os casos sejam diagnosticados rapidamente e medidas de controle sejam implementadas.<\/p>\n<p>Devido ao grande fluxo de viagens entre pa\u00edses da Europa e da \u00c1frica, o ECDC recomenda que Estados-membros da Uni\u00e3o Europeia publiquem orienta\u00e7\u00f5es de viagem para pessoas que est\u00e3o visitando ou retornando de \u00e1reas afetadas pelo surto de mpox no continente africano. A probabilidade de infec\u00e7\u00e3o, nesses casos, foi avaliada pela entidade como \u201calta\u201d.<\/p>\n<p>\u201cAl\u00e9m disso, existe risco moderado, na Uni\u00e3o Europeia, para contatos pr\u00f3ximos de casos importados suspeitos ou confirmados para mpox\u201d, destacou a entidade no comunicado.<\/p>\n<p>\u201cComo resultado da r\u00e1pida propaga\u00e7\u00e3o deste surto na \u00c1frica, o ECDC aumentou o n\u00edvel de risco para a popula\u00e7\u00e3o em geral na Uni\u00e3o Europeia e para viajantes para \u00e1reas afetadas. Devido \u00e0s estreitas liga\u00e7\u00f5es entre Europa e \u00c1frica, devemos estar preparados para mais casos importados da nova variante\u201d, avaliou a diretora do centro, Pamela Rendi-Wagner.<\/p>\n<\/p><\/div>\n<p><br \/>\n<br \/><a href=\"https:\/\/agenciabrasil.ebc.com.br\/saude\/noticia\/2024-08\/mpox-europa-preve-mais-casos-de-nova-variante-nas-proximas-semanas\" rel=\"noopener\">Ag\u00eancia Brasil <\/a><\/p>\n","protected":false},"excerpt":{"rendered":"<p>O Centro Europeu de Preven\u00e7\u00e3o e Controle de Doen\u00e7as (ECDC, na sigla em ingl\u00eas) informou nesta sexta-feira (16) que novos casos importados da variante 1b da mpox, que circula na \u00c1frica, devem ser registrados na Europa ao longo das pr\u00f3ximas semanas. A Su\u00e9cia confirmou a primeira infec\u00e7\u00e3o pela variante na quinta-feira (16). Em nova avalia\u00e7\u00e3o [&hellip;]<\/p>\n","protected":false},"author":1,"featured_media":11773,"comment_status":"open","ping_status":"open","sticky":false,"template":"","format":"standard","meta":{"_jetpack_newsletter_access":"","_jetpack_dont_email_post_to_subs":false,"_jetpack_newsletter_tier_id":0,"_jetpack_memberships_contains_paywalled_content":false,"_mbp_banners":[],"_jetpack_feature_clip_id":0,"_jetpack_memberships_contains_paid_content":false,"footnotes":"","jetpack_publicize_message":"","jetpack_publicize_feature_enabled":true,"jetpack_social_post_already_shared":true,"jetpack_social_options":{"image_generator_settings":{"template":"highway","default_image_id":0,"font":"","enabled":false},"version":2},"jetpack_post_was_ever_published":false},"categories":[15],"tags":[],"class_list":["post-12419","post","type-post","status-publish","format-standard","has-post-thumbnail","category-saude"],"jetpack_publicize_connections":[],"jetpack-related-posts":[],"jetpack_shortlink":"https:\/\/wp.me\/p7Eq1F-3ej","jetpack_sharing_enabled":true,"jetpack_featured_media_url":"https:\/\/i0.wp.com\/guialimeira.com.br\/news\/wp-content\/uploads\/2024\/08\/bizate7g7bnuhbxywx3jpcawfi.jpg?fit=1600%2C800&ssl=1","_links":{"self":[{"href":"https:\/\/guialimeira.com.br\/news\/wp-json\/wp\/v2\/posts\/12419","targetHints":{"allow":["GET"]}}],"collection":[{"href":"https:\/\/guialimeira.com.br\/news\/wp-json\/wp\/v2\/posts"}],"about":[{"href":"https:\/\/guialimeira.com.br\/news\/wp-json\/wp\/v2\/types\/post"}],"author":[{"embeddable":true,"href":"https:\/\/guialimeira.com.br\/news\/wp-json\/wp\/v2\/users\/1"}],"replies":[{"embeddable":true,"href":"https:\/\/guialimeira.com.br\/news\/wp-json\/wp\/v2\/comments?post=12419"}],"version-history":[{"count":0,"href":"https:\/\/guialimeira.com.br\/news\/wp-json\/wp\/v2\/posts\/12419\/revisions"}],"wp:featuredmedia":[{"embeddable":true,"href":"https:\/\/guialimeira.com.br\/news\/wp-json\/wp\/v2\/media\/11773"}],"wp:attachment":[{"href":"https:\/\/guialimeira.com.br\/news\/wp-json\/wp\/v2\/media?parent=12419"}],"wp:term":[{"taxonomy":"category","embeddable":true,"href":"https:\/\/guialimeira.com.br\/news\/wp-json\/wp\/v2\/categories?post=12419"},{"taxonomy":"post_tag","embeddable":true,"href":"https:\/\/guialimeira.com.br\/news\/wp-json\/wp\/v2\/tags?post=12419"}],"curies":[{"name":"wp","href":"https:\/\/api.w.org\/{rel}","templated":true}]}}