{"id":12417,"date":"2024-08-16T12:36:02","date_gmt":"2024-08-16T15:36:02","guid":{"rendered":"https:\/\/guialimeira.com.br\/2024\/08\/16\/mpox-oms-pede-resposta-apos-registro-de-nova-variante-na-suecia\/"},"modified":"2024-08-16T12:36:02","modified_gmt":"2024-08-16T15:36:02","slug":"mpox-oms-pede-resposta-apos-registro-de-nova-variante-na-suecia","status":"publish","type":"post","link":"https:\/\/guialimeira.com.br\/news\/mpox-oms-pede-resposta-apos-registro-de-nova-variante-na-suecia\/","title":{"rendered":"Mpox: OMS pede resposta ap\u00f3s registro de nova variante na Su\u00e9cia"},"content":{"rendered":"<p> <br \/>\n<\/p>\n<div>\n<p>O diretor-geral da Organiza\u00e7\u00e3o Mundial da Sa\u00fade (OMS), Tedros Adhanom Ghebreyesus, disse nesta sexta-feira (16) que a confirma\u00e7\u00e3o de um caso da nova variante 1b da mpox na Su\u00e9cia refor\u00e7a a necessidade de todos os pa\u00edses afetados pela doen\u00e7a combaterem o v\u00edrus de forma conjunta.<img data-recalc-dims=\"1\" decoding=\"async\" src=\"https:\/\/i0.wp.com\/agenciabrasil.ebc.com.br\/ebc.png?w=696&#038;ssl=1\" style=\"width:1px; height:1px; display:inline;\"\/><img data-recalc-dims=\"1\" decoding=\"async\" src=\"https:\/\/i0.wp.com\/agenciabrasil.ebc.com.br\/ebc.gif?w=696&#038;ssl=1\" style=\"width:1px; height:1px; display:inline;\"\/><\/p>\n<p>\u201cEncorajamos todos os pa\u00edses a ampliar a vigil\u00e2ncia, compartilhar dados e trabalhar para compreender melhor a transmiss\u00e3o; a compartilhar ferramentas como vacinas; e a aplicar as li\u00e7\u00f5es aprendidas em emerg\u00eancias de sa\u00fade p\u00fablica de interesse internacional anteriores\u201d, escreveu Tedros, em seu perfil na rede social X.<\/p>\n<h2>Entenda<\/h2>\n<p>O caso da nova variante 1b na Su\u00e9cia foi confirmado na quinta-feira (15), um dia depois que a OMS declarou o cen\u00e1rio de mpox na \u00c1frica uma emerg\u00eancia em sa\u00fade p\u00fablica de interesse internacional \u2013 o mais alto n\u00edvel de alerta da entidade.<\/p>\n<p>A detec\u00e7\u00e3o da variante na Su\u00e9cia \u00e9 a primeira fora do continente africano. Autoridade sanit\u00e1rias suecas informaram que o paciente foi infectado durante passagem pela \u00c1frica e segue em tratamento.<\/p>\n<\/p><\/div>\n<p><br \/>\n<br \/><a href=\"https:\/\/agenciabrasil.ebc.com.br\/saude\/noticia\/2024-08\/mpox-oms-pede-resposta-apos-registro-de-nova-variante-na-suecia\" rel=\"noopener\">Ag\u00eancia Brasil <\/a><\/p>\n","protected":false},"excerpt":{"rendered":"<p>O diretor-geral da Organiza\u00e7\u00e3o Mundial da Sa\u00fade (OMS), Tedros Adhanom Ghebreyesus, disse nesta sexta-feira (16) que a confirma\u00e7\u00e3o de um caso da nova variante 1b da mpox na Su\u00e9cia refor\u00e7a a necessidade de todos os pa\u00edses afetados pela doen\u00e7a combaterem o v\u00edrus de forma conjunta. \u201cEncorajamos todos os pa\u00edses a ampliar a vigil\u00e2ncia, compartilhar dados [&hellip;]<\/p>\n","protected":false},"author":1,"featured_media":12248,"comment_status":"open","ping_status":"open","sticky":false,"template":"","format":"standard","meta":{"_jetpack_newsletter_access":"","_jetpack_dont_email_post_to_subs":false,"_jetpack_newsletter_tier_id":0,"_jetpack_memberships_contains_paywalled_content":false,"_mbp_banners":[],"_jetpack_feature_clip_id":0,"_jetpack_memberships_contains_paid_content":false,"footnotes":"","jetpack_publicize_message":"","jetpack_publicize_feature_enabled":true,"jetpack_social_post_already_shared":true,"jetpack_social_options":{"image_generator_settings":{"template":"highway","default_image_id":0,"font":"","enabled":false},"version":2},"jetpack_post_was_ever_published":false},"categories":[15],"tags":[],"class_list":["post-12417","post","type-post","status-publish","format-standard","has-post-thumbnail","category-saude"],"jetpack_publicize_connections":[],"jetpack-related-posts":[],"jetpack_shortlink":"https:\/\/wp.me\/p7Eq1F-3eh","jetpack_sharing_enabled":true,"jetpack_featured_media_url":"https:\/\/i0.wp.com\/guialimeira.com.br\/news\/wp-content\/uploads\/2024\/08\/2024-08-13t135812z_488502842_rc2yx8aqv1tn_rtrmadp_3_africa-mpox.jpg?fit=1600%2C800&ssl=1","_links":{"self":[{"href":"https:\/\/guialimeira.com.br\/news\/wp-json\/wp\/v2\/posts\/12417","targetHints":{"allow":["GET"]}}],"collection":[{"href":"https:\/\/guialimeira.com.br\/news\/wp-json\/wp\/v2\/posts"}],"about":[{"href":"https:\/\/guialimeira.com.br\/news\/wp-json\/wp\/v2\/types\/post"}],"author":[{"embeddable":true,"href":"https:\/\/guialimeira.com.br\/news\/wp-json\/wp\/v2\/users\/1"}],"replies":[{"embeddable":true,"href":"https:\/\/guialimeira.com.br\/news\/wp-json\/wp\/v2\/comments?post=12417"}],"version-history":[{"count":0,"href":"https:\/\/guialimeira.com.br\/news\/wp-json\/wp\/v2\/posts\/12417\/revisions"}],"wp:featuredmedia":[{"embeddable":true,"href":"https:\/\/guialimeira.com.br\/news\/wp-json\/wp\/v2\/media\/12248"}],"wp:attachment":[{"href":"https:\/\/guialimeira.com.br\/news\/wp-json\/wp\/v2\/media?parent=12417"}],"wp:term":[{"taxonomy":"category","embeddable":true,"href":"https:\/\/guialimeira.com.br\/news\/wp-json\/wp\/v2\/categories?post=12417"},{"taxonomy":"post_tag","embeddable":true,"href":"https:\/\/guialimeira.com.br\/news\/wp-json\/wp\/v2\/tags?post=12417"}],"curies":[{"name":"wp","href":"https:\/\/api.w.org\/{rel}","templated":true}]}}