{"id":12411,"date":"2024-08-16T11:35:21","date_gmt":"2024-08-16T14:35:21","guid":{"rendered":"https:\/\/guialimeira.com.br\/2024\/08\/16\/oms-pede-tregua-humanitaria-em-gaza-para-vacinacao-contra-polio\/"},"modified":"2024-08-16T11:35:21","modified_gmt":"2024-08-16T14:35:21","slug":"oms-pede-tregua-humanitaria-em-gaza-para-vacinacao-contra-polio","status":"publish","type":"post","link":"https:\/\/guialimeira.com.br\/news\/oms-pede-tregua-humanitaria-em-gaza-para-vacinacao-contra-polio\/","title":{"rendered":"OMS pede tr\u00e9gua humanit\u00e1ria em Gaza para vacina\u00e7\u00e3o contra p\u00f3lio"},"content":{"rendered":"<p> <br \/>\n<\/p>\n<div>\n<p>Duas rodadas de campanhas de vacina\u00e7\u00e3o contra a poliomielite devem acontecer no fim de agosto e no in\u00edcio de setembro na Faixa de Gaza no intuito de interromper a propaga\u00e7\u00e3o do v\u00edrus na regi\u00e3o. Para tanto, a Organiza\u00e7\u00e3o Mundial da Sa\u00fade (OMS) fez um apelo nesta sexta-feira (16) por uma tr\u00e9gua humanit\u00e1ria na regi\u00e3o.<img data-recalc-dims=\"1\" decoding=\"async\" src=\"https:\/\/i0.wp.com\/agenciabrasil.ebc.com.br\/ebc.png?w=696&#038;ssl=1\" style=\"width:1px; height:1px; display:inline;\"\/><img data-recalc-dims=\"1\" decoding=\"async\" src=\"https:\/\/i0.wp.com\/agenciabrasil.ebc.com.br\/ebc.gif?w=696&#038;ssl=1\" style=\"width:1px; height:1px; display:inline;\"\/><\/p>\n<p>Em nota, a entidade, junto ao Fundo das Na\u00e7\u00f5es Unidas para a Inf\u00e2ncia (Unicef), pede que todas as partes envolvidas no conflito em Gaza implementem pausas humanit\u00e1rias durante um per\u00edodo de pelo menos 7 dias, de forma a permitir a realiza\u00e7\u00e3o das campanhas de vacina\u00e7\u00e3o contra a p\u00f3lio.<\/p>\n<p>\u201cEssas pausas nos combates permitiriam que crian\u00e7as e fam\u00edlias chegassem em seguran\u00e7a \u00e0s unidades de sa\u00fade e que agentes comunit\u00e1rios alcan\u00e7assem crian\u00e7as que n\u00e3o t\u00eam acesso a essas unidades para serem imunizadas contra a poliomielite. Sem as pausas humanit\u00e1rias, a realiza\u00e7\u00e3o das campanhas n\u00e3o ser\u00e1 poss\u00edvel\u201d, apelou a OMS.<\/p>\n<p>A expectativa \u00e9 que, em cada uma das rodadas da campanha, mais de 640 mil crian\u00e7as com menos de 10 anos de idade possam receber a vacina oral, conhecida popularmente como gotinha.<\/p>\n<h2>Entenda<\/h2>\n<p>O poliov\u00edrus foi detectado em julho em amostras ambientais colhidas na Faixa de Gaza. Desde ent\u00e3o, segundo a OMS, pelo menos tr\u00eas crian\u00e7as apresentaram quadros suspeitos de paralisia fl\u00e1cida aguda, sintoma comum da p\u00f3lio. Amostras de sangue foram colhidas e enviadas para an\u00e1lise laboratorial.<\/p>\n<p>\u201cMais de 1,6 milh\u00e3o de doses da vacina oral, utilizada para interromper a propaga\u00e7\u00e3o do v\u00edrus, ser\u00e3o entregues na Faixa de Gaza. As entregas das vacinas e dos equipamentos de refrigera\u00e7\u00e3o devem passar pelo aeroporto Ben Gurion [em Israel] antes de serem direcionadas \u00e0 Gaza, no fim de agosto\u201d, informou a entidade.<\/p>\n<p>\u201c\u00c9 essencial que o transporte das doses e dos equipamentos de refrigera\u00e7\u00e3o seja facilitado em todas as etapas dessa jornada, para garantir o recebimento em tempo oportuno, a aprova\u00e7\u00e3o e a libera\u00e7\u00e3o dos insumos em tempo para que a campanha aconte\u00e7a\u201d, ressaltou a OMS. Ao todo, 708 equipes com cerca de 2,7 mil profissionais de sa\u00fade foram acionadas.<\/p>\n<p>A organiza\u00e7\u00e3o alertou que \u00e9 preciso alcan\u00e7ar uma cobertura vacinal de pelo menos 95% durante cada rodada da campanha para interromper a propaga\u00e7\u00e3o da p\u00f3lio e reduzir o risco do ressurgimento da doen\u00e7a, levando em considera\u00e7\u00e3o \u201csistemas de sa\u00fade, \u00e1gua e saneamento gravemente prejudicados na regi\u00e3o\u201d.<\/p>\n<p>Dados da entidade mostram que a Faixa de Gaza esteve livre da p\u00f3lio pelos \u00faltimos 25 anos. O ressurgimento da doen\u00e7a, sobre o qual a comunidade humanit\u00e1ria j\u00e1 havia alertado ao longo dos \u00faltimos 10 meses, representa outra amea\u00e7a para as crian\u00e7as em Gaza e em pa\u00edses vizinhos. Um cessar-fogo \u00e9 a \u00fanica forma de garantir a seguran\u00e7a da sa\u00fade p\u00fablica na regi\u00e3o\u201d.<\/p>\n<h2>Risco<\/h2>\n<p>Ainda de acordo com a OMS, a Faixa de Gaza mantinha boa cobertura vacinal antes da escalada dos conflitos, em outubro do ano passado. De l\u00e1 para c\u00e1, a vacina\u00e7\u00e3o de rotina foi fortemente impactada \u2013 incluindo a segunda dose da vacina contra a p\u00f3lio, que caiu de 99% em 2022 para menos de 90% em 2023 e no primeiro trimestre de 2024.<\/p>\n<p>\u201cO risco de dissemina\u00e7\u00e3o do v\u00edrus, dentro da Faixa de Gaza e internacionalmente, permanece alto em raz\u00e3o de lacunas na imunidade das crian\u00e7as, provocadas por interrup\u00e7\u00f5es na vacina\u00e7\u00e3o de rotina, dizima\u00e7\u00e3o do sistema de sa\u00fade, deslocamento constante da popula\u00e7\u00e3o, desnutri\u00e7\u00e3o e sistemas de \u00e1gua e saneamento gravemente danificados\u201d, alerta a OMS.<\/p>\n<p>\u201cA situa\u00e7\u00e3o tamb\u00e9m aumentou o risco de propaga\u00e7\u00e3o de outras doen\u00e7as preven\u00edveis \u200b\u200bpor vacina\u00e7\u00e3o, como o sarampo, al\u00e9m de casos de diarreia, infec\u00e7\u00f5es respirat\u00f3rias agudas, hepatite A e doen\u00e7as de pele entre crian\u00e7as\u201d, disse a OMS.<\/p>\n<\/p><\/div>\n<p><br \/>\n<br \/><a href=\"https:\/\/agenciabrasil.ebc.com.br\/saude\/noticia\/2024-08\/oms-pede-tregua-humanitaria-em-gaza-para-vacinacao-contra-polio\" rel=\"noopener\">Ag\u00eancia Brasil <\/a><\/p>\n","protected":false},"excerpt":{"rendered":"<p>Duas rodadas de campanhas de vacina\u00e7\u00e3o contra a poliomielite devem acontecer no fim de agosto e no in\u00edcio de setembro na Faixa de Gaza no intuito de interromper a propaga\u00e7\u00e3o do v\u00edrus na regi\u00e3o. Para tanto, a Organiza\u00e7\u00e3o Mundial da Sa\u00fade (OMS) fez um apelo nesta sexta-feira (16) por uma tr\u00e9gua humanit\u00e1ria na regi\u00e3o. Em [&hellip;]<\/p>\n","protected":false},"author":1,"featured_media":7880,"comment_status":"open","ping_status":"open","sticky":false,"template":"","format":"standard","meta":{"_jetpack_newsletter_access":"","_jetpack_dont_email_post_to_subs":false,"_jetpack_newsletter_tier_id":0,"_jetpack_memberships_contains_paywalled_content":false,"_mbp_banners":[],"_jetpack_feature_clip_id":0,"_jetpack_memberships_contains_paid_content":false,"footnotes":"","jetpack_publicize_message":"","jetpack_publicize_feature_enabled":true,"jetpack_social_post_already_shared":true,"jetpack_social_options":{"image_generator_settings":{"template":"highway","default_image_id":0,"font":"","enabled":false},"version":2},"jetpack_post_was_ever_published":false},"categories":[15],"tags":[],"class_list":["post-12411","post","type-post","status-publish","format-standard","has-post-thumbnail","category-saude"],"jetpack_publicize_connections":[],"jetpack-related-posts":[],"jetpack_shortlink":"https:\/\/wp.me\/p7Eq1F-3eb","jetpack_sharing_enabled":true,"jetpack_featured_media_url":"https:\/\/i0.wp.com\/guialimeira.com.br\/news\/wp-content\/uploads\/2024\/06\/tmazs_abr_0608182716df.jpg?fit=1600%2C800&ssl=1","_links":{"self":[{"href":"https:\/\/guialimeira.com.br\/news\/wp-json\/wp\/v2\/posts\/12411","targetHints":{"allow":["GET"]}}],"collection":[{"href":"https:\/\/guialimeira.com.br\/news\/wp-json\/wp\/v2\/posts"}],"about":[{"href":"https:\/\/guialimeira.com.br\/news\/wp-json\/wp\/v2\/types\/post"}],"author":[{"embeddable":true,"href":"https:\/\/guialimeira.com.br\/news\/wp-json\/wp\/v2\/users\/1"}],"replies":[{"embeddable":true,"href":"https:\/\/guialimeira.com.br\/news\/wp-json\/wp\/v2\/comments?post=12411"}],"version-history":[{"count":0,"href":"https:\/\/guialimeira.com.br\/news\/wp-json\/wp\/v2\/posts\/12411\/revisions"}],"wp:featuredmedia":[{"embeddable":true,"href":"https:\/\/guialimeira.com.br\/news\/wp-json\/wp\/v2\/media\/7880"}],"wp:attachment":[{"href":"https:\/\/guialimeira.com.br\/news\/wp-json\/wp\/v2\/media?parent=12411"}],"wp:term":[{"taxonomy":"category","embeddable":true,"href":"https:\/\/guialimeira.com.br\/news\/wp-json\/wp\/v2\/categories?post=12411"},{"taxonomy":"post_tag","embeddable":true,"href":"https:\/\/guialimeira.com.br\/news\/wp-json\/wp\/v2\/tags?post=12411"}],"curies":[{"name":"wp","href":"https:\/\/api.w.org\/{rel}","templated":true}]}}