{"id":1236,"date":"2024-04-08T21:34:44","date_gmt":"2024-04-09T00:34:44","guid":{"rendered":"https:\/\/guialimeira.com.br\/2024\/04\/08\/mpf-pede-que-braskem-construa-novo-hospital-de-saude-mental-em-maceio\/"},"modified":"2024-04-08T21:34:44","modified_gmt":"2024-04-09T00:34:44","slug":"mpf-pede-que-braskem-construa-novo-hospital-de-saude-mental-em-maceio","status":"publish","type":"post","link":"https:\/\/guialimeira.com.br\/news\/mpf-pede-que-braskem-construa-novo-hospital-de-saude-mental-em-maceio\/","title":{"rendered":"MPF pede que Braskem construa novo hospital de sa\u00fade mental em Macei\u00f3"},"content":{"rendered":"<p> <br \/>\n<\/p>\n<div>\n<p>Depois que o \u00fanico hospital psiqui\u00e1trico p\u00fablico de Alagoas foi atingido pelo afundamento do solo, com a explora\u00e7\u00e3o do <a href=\"https:\/\/agenciabrasil.ebc.com.br\/geral\/noticia\/2023-12\/o-que-e-o-sal-gema-e-por-que-sua-extracao-gerou-problemas-em-maceio\" target=\"_blank\" rel=\"noopener\">sal-gema<\/a> em Macei\u00f3, a Braskem e o Estado viraram alvo de uma a\u00e7\u00e3o civil-p\u00fablica ajuizada pelo Minist\u00e9rio P\u00fablico Federal (MPF). O objetivo \u00e9 garantir a continuidade dos atendimentos psicossociais, sem oferecer riscos a funcion\u00e1rios e pacientes.<img data-recalc-dims=\"1\" decoding=\"async\" src=\"https:\/\/i0.wp.com\/agenciabrasil.ebc.com.br\/ebc.png?w=696&#038;ssl=1\" style=\"width:1px; height:1px; display:inline;\"\/><img data-recalc-dims=\"1\" decoding=\"async\" src=\"https:\/\/i0.wp.com\/agenciabrasil.ebc.com.br\/ebc.gif?w=696&#038;ssl=1\" style=\"width:1px; height:1px; display:inline;\"\/><\/p>\n<p>Na a\u00e7\u00e3o, o MPF pede que\u00a0a Braskem tome as medidas necess\u00e1rias para construir um novo Complexo de Sa\u00fade Mental, para assumir os servi\u00e7os do Hospital Escola Portugal Ramalho, atingido pelo <a href=\"https:\/\/agenciabrasil.ebc.com.br\/geral\/noticia\/2023-12\/dramas-humanos-se-acumulam-em-tragedia-da-braskem-em-maceio\" target=\"_blank\" rel=\"noopener\">afundamento de terra<\/a>. A unidade de sa\u00fade \u00e9 ligada \u00e0 Universidade Estadual de Ci\u00eancias da Sa\u00fade de Alagoas.\u00a0<\/p>\n<p>Na a\u00e7\u00e3o, procuradores, defensores e promotores argumentam que, houve tentativa de realoca\u00e7\u00e3o do hospital, mas\u00a0n\u00e3o foi concretizada. O pedido ainda cita que o Estado de Alagoas n\u00e3o tomou provid\u00eancias e acabou dificultando a realiza\u00e7\u00e3o da obra, sem apresentar justificativas t\u00e9cnicas.<\/p>\n<p>Segundo a a\u00e7\u00e3o, \u201co atraso na constru\u00e7\u00e3o\u201d da nova unidade \u201cagrava a situa\u00e7\u00e3o deficit\u00e1ria da rede de aten\u00e7\u00e3o psicossocial no estado\u201d e gera risco de \u201ccolapso do hospital\u201d.\u00a0Desta forma, \u00e9 pedida\u00a0uma interven\u00e7\u00e3o urgente.\u00a0<\/p>\n<p>Procurada pela\u00a0reportagem, a <a href=\"https:\/\/agenciabrasil.ebc.com.br\/tags\/braskem\" target=\"_blank\" rel=\"noopener\">Braskem<\/a> disse que continua em discuss\u00f5es para \u201cviabilizar a realoca\u00e7\u00e3o definitiva do Hospital Portugal Ramalho\u201d. Segundo a mineradora, j\u00e1 existe o apoio \u00e0 constru\u00e7\u00e3o de uma nova unidade, mesmo sem acordo firmado, e tamb\u00e9m de recupera\u00e7\u00e3o das estruturas do im\u00f3vel prejudicado.<\/p>\n<p>A Procuradoria-Geral de Alagoas e a Universidade de Ci\u00eancias da Sa\u00fade n\u00e3o se manifestaram sobre o assunto.<\/p>\n<\/p><\/div>\n<p><br \/>\n<br \/><a href=\"https:\/\/agenciabrasil.ebc.com.br\/geral\/noticia\/2024-04\/mpf-pede-que-braskem-construa-novo-hospital-de-saude-mental-em-maceio\" rel=\"noopener\">Ag\u00eancia Brasil<\/a><\/p>\n","protected":false},"excerpt":{"rendered":"<p>Depois que o \u00fanico hospital psiqui\u00e1trico p\u00fablico de Alagoas foi atingido pelo afundamento do solo, com a explora\u00e7\u00e3o do sal-gema em Macei\u00f3, a Braskem e o Estado viraram alvo de uma a\u00e7\u00e3o civil-p\u00fablica ajuizada pelo Minist\u00e9rio P\u00fablico Federal (MPF). O objetivo \u00e9 garantir a continuidade dos atendimentos psicossociais, sem oferecer riscos a funcion\u00e1rios e pacientes. [&hellip;]<\/p>\n","protected":false},"author":1,"featured_media":1237,"comment_status":"open","ping_status":"open","sticky":false,"template":"","format":"standard","meta":{"_jetpack_newsletter_access":"","_jetpack_dont_email_post_to_subs":false,"_jetpack_newsletter_tier_id":0,"_jetpack_memberships_contains_paywalled_content":false,"_mbp_banners":[],"_jetpack_feature_clip_id":0,"_jetpack_memberships_contains_paid_content":false,"footnotes":"","jetpack_publicize_message":"","jetpack_publicize_feature_enabled":true,"jetpack_social_post_already_shared":true,"jetpack_social_options":{"image_generator_settings":{"template":"highway","default_image_id":0,"font":"","enabled":false},"version":2},"jetpack_post_was_ever_published":false},"categories":[1],"tags":[],"class_list":["post-1236","post","type-post","status-publish","format-standard","has-post-thumbnail","category-geral"],"jetpack_publicize_connections":[],"jetpack-related-posts":[],"jetpack_shortlink":"https:\/\/wp.me\/p7Eq1F-jW","jetpack_sharing_enabled":true,"jetpack_featured_media_url":"https:\/\/i0.wp.com\/guialimeira.com.br\/news\/wp-content\/uploads\/2024\/04\/ja_0827.jpg?fit=1600%2C800&ssl=1","_links":{"self":[{"href":"https:\/\/guialimeira.com.br\/news\/wp-json\/wp\/v2\/posts\/1236","targetHints":{"allow":["GET"]}}],"collection":[{"href":"https:\/\/guialimeira.com.br\/news\/wp-json\/wp\/v2\/posts"}],"about":[{"href":"https:\/\/guialimeira.com.br\/news\/wp-json\/wp\/v2\/types\/post"}],"author":[{"embeddable":true,"href":"https:\/\/guialimeira.com.br\/news\/wp-json\/wp\/v2\/users\/1"}],"replies":[{"embeddable":true,"href":"https:\/\/guialimeira.com.br\/news\/wp-json\/wp\/v2\/comments?post=1236"}],"version-history":[{"count":0,"href":"https:\/\/guialimeira.com.br\/news\/wp-json\/wp\/v2\/posts\/1236\/revisions"}],"wp:featuredmedia":[{"embeddable":true,"href":"https:\/\/guialimeira.com.br\/news\/wp-json\/wp\/v2\/media\/1237"}],"wp:attachment":[{"href":"https:\/\/guialimeira.com.br\/news\/wp-json\/wp\/v2\/media?parent=1236"}],"wp:term":[{"taxonomy":"category","embeddable":true,"href":"https:\/\/guialimeira.com.br\/news\/wp-json\/wp\/v2\/categories?post=1236"},{"taxonomy":"post_tag","embeddable":true,"href":"https:\/\/guialimeira.com.br\/news\/wp-json\/wp\/v2\/tags?post=1236"}],"curies":[{"name":"wp","href":"https:\/\/api.w.org\/{rel}","templated":true}]}}