{"id":12353,"date":"2024-08-15T12:16:55","date_gmt":"2024-08-15T15:16:55","guid":{"rendered":"https:\/\/guialimeira.com.br\/2024\/08\/15\/mexico-diz-aos-eua-que-espera-decisao-da-justica-venezuelana\/"},"modified":"2024-08-15T12:16:55","modified_gmt":"2024-08-15T15:16:55","slug":"mexico-diz-aos-eua-que-espera-decisao-da-justica-venezuelana","status":"publish","type":"post","link":"https:\/\/guialimeira.com.br\/news\/mexico-diz-aos-eua-que-espera-decisao-da-justica-venezuelana\/","title":{"rendered":"M\u00e9xico diz aos EUA que espera decis\u00e3o da Justi\u00e7a venezuelana"},"content":{"rendered":"<p> <br \/>\n<\/p>\n<div>\n<p>O governo do M\u00e9xico informou ao governo dos Estados Unidos que vai aguardar a decis\u00e3o do Tribunal Supremo de Justi\u00e7a (TSJ) da Venezuela da per\u00edcia que a Corte m\u00e1xima do pa\u00eds realiza sobre o <a href=\"https:\/\/agenciabrasil.ebc.com.br\/en\/node\/1606363\" target=\"_blank\" rel=\"noopener\">resultado da elei\u00e7\u00e3o presidencial de 28 de julho<\/a>.\u00a0<img data-recalc-dims=\"1\" decoding=\"async\" src=\"https:\/\/i0.wp.com\/agenciabrasil.ebc.com.br\/ebc.png?w=696&#038;ssl=1\" style=\"width:1px; height:1px; display:inline;\"\/><img data-recalc-dims=\"1\" decoding=\"async\" src=\"https:\/\/i0.wp.com\/agenciabrasil.ebc.com.br\/ebc.gif?w=696&#038;ssl=1\" style=\"width:1px; height:1px; display:inline;\"\/><\/p>\n<p>A chanceler do M\u00e9xico, Alicia B\u00e1rcena, conversou, por telefone, sobre a elei\u00e7\u00e3o venezuelana com o secret\u00e1rio de Departamento de Estado dos EUA, Antony Blinken.<\/p>\n<p>De acordo com informa\u00e7\u00e3o do Minist\u00e9rio das Rela\u00e7\u00f5es Exteriores do M\u00e9xico publicada nesta quinta-feira (15), Alicia refor\u00e7ou \u00e0 lideran\u00e7a estadunidense a posi\u00e7\u00e3o de \u201caguardar o resultado do processo perante o TSJ da Venezuela e de ter transpar\u00eancia sobre os resultados eleitorais por parte das autoridades competentes\u201d.<\/p>\n<p>Ainda segundo o governo mexicano, Blinken <a href=\"https:\/\/agenciabrasil.ebc.com.br\/internacional\/noticia\/2024-08\/brasil-colombia-e-mexico-pedem-dados-eleitorais-da-venezuela\" target=\"_blank\" rel=\"noopener\">expressou apoio \u00e0s posi\u00e7\u00f5es do M\u00e9xico, Brasil e Col\u00f4mbia<\/a>, que t\u00eam pedido que a Venezuela apresente os dados eleitorais detalhados por mesa de vota\u00e7\u00e3o. Isso porque o Conselho Nacional Eleitoral (CNE) do pa\u00eds apenas apresentou os resultados totais, dando vit\u00f3ria para o presidente Nicol\u00e1s Maduro, sem apresentar os dados por urna.<\/p>\n<p>A oposi\u00e7\u00e3o venezuelana e diversos pa\u00edses e organiza\u00e7\u00f5es t\u00eam contestado o resultado ou a forma de publica\u00e7\u00e3o do resultado. Os <a href=\"https:\/\/agenciabrasil.ebc.com.br\/internacional\/noticia\/2024-08\/mesmo-sem-auditoria-eua-reconhecem-vitoria-da-oposicao-na-venezuela\" target=\"_blank\" rel=\"noopener\">EUA j\u00e1 reconheceram a vit\u00f3ria do opositor Edmundo Gonz\u00e1lez<\/a>, mesmo antes da per\u00edcia judicial ou publica\u00e7\u00e3o dos dados detalhados da vota\u00e7\u00e3o.\u00a0<\/p>\n<p>Nesta quarta-feira (14), o <a href=\"https:\/\/agenciabrasil.ebc.com.br\/internacional\/noticia\/2024-08\/lula-e-petro-voltam-conversar-sobre-impasse-na-venezuela\" target=\"_blank\" rel=\"noopener\">presidente Luiz In\u00e1cio Lula da Silva voltou a conversar, por telefone, com o presidente da Col\u00f4mbia, Gustavo Petro<\/a>, para discutir uma solu\u00e7\u00e3o para crise pol\u00edtica do pa\u00eds vizinho.\u00a0<\/p>\n<p>O presidente do M\u00e9xico, Andr\u00e9s Manuel L\u00f3pez Obrador, informou que se afastou da media\u00e7\u00e3o que vinha mantendo com o Brasil e Col\u00f4mbia at\u00e9 a publica\u00e7\u00e3o da decis\u00e3o do TSJ, que Obrador acredita que deve sair ainda nesta semana.<\/p>\n<h2>Judicializa\u00e7\u00e3o<\/h2>\n<p>O TSJ informou que emitir\u00e1, em tempo oportuno, decis\u00e3o definitiva sobre o impasse em rela\u00e7\u00e3o \u00e0 elei\u00e7\u00e3o presidencial da Venezuela. Devido ao suposto ataque cibern\u00e9tico e aos questionamentos da oposi\u00e7\u00e3o de que o resultado emitido pelo CNE n\u00e3o foi verdadeiro, o governo de Nicol\u00e1s Maduro entrou com um recurso no Tribunal Supremo de Justi\u00e7a do pa\u00eds.<\/p>\n<p>A Corte m\u00e1xima venezuelana abriu uma investiga\u00e7\u00e3o para apurar todo o processo eleitoral e informou que j\u00e1 est\u00e1 em posse de todos os dados do CNE sobre a vota\u00e7\u00e3o do dia 28 de julho.\u00a0<\/p>\n<p>O principal candidato da oposi\u00e7\u00e3o, Edmundo Gonz\u00e1lez, n\u00e3o compareceu ao TSJ e os partidos que o representam n\u00e3o apresentaram os documentos eleitorais supostamente em posse das legendas.<\/p>\n<\/p><\/div>\n<p><br \/>\n<br \/><a href=\"https:\/\/agenciabrasil.ebc.com.br\/internacional\/noticia\/2024-08\/mexico-diz-aos-eua-que-espera-decisao-da-justica-venezuelana\" rel=\"noopener\">Ag\u00eancia Brasil <\/a><\/p>\n","protected":false},"excerpt":{"rendered":"<p>O governo do M\u00e9xico informou ao governo dos Estados Unidos que vai aguardar a decis\u00e3o do Tribunal Supremo de Justi\u00e7a (TSJ) da Venezuela da per\u00edcia que a Corte m\u00e1xima do pa\u00eds realiza sobre o resultado da elei\u00e7\u00e3o presidencial de 28 de julho.\u00a0 A chanceler do M\u00e9xico, Alicia B\u00e1rcena, conversou, por telefone, sobre a elei\u00e7\u00e3o venezuelana [&hellip;]<\/p>\n","protected":false},"author":1,"featured_media":12354,"comment_status":"open","ping_status":"open","sticky":false,"template":"","format":"standard","meta":{"_jetpack_newsletter_access":"","_jetpack_dont_email_post_to_subs":false,"_jetpack_newsletter_tier_id":0,"_jetpack_memberships_contains_paywalled_content":false,"_mbp_banners":[],"_jetpack_feature_clip_id":0,"_jetpack_memberships_contains_paid_content":false,"footnotes":"","jetpack_publicize_message":"","jetpack_publicize_feature_enabled":true,"jetpack_social_post_already_shared":true,"jetpack_social_options":{"image_generator_settings":{"template":"highway","default_image_id":0,"font":"","enabled":false},"version":2},"jetpack_post_was_ever_published":false},"categories":[25],"tags":[],"class_list":["post-12353","post","type-post","status-publish","format-standard","has-post-thumbnail","category-internacional"],"jetpack_publicize_connections":[],"jetpack-related-posts":[],"jetpack_shortlink":"https:\/\/wp.me\/p7Eq1F-3df","jetpack_sharing_enabled":true,"jetpack_featured_media_url":"https:\/\/i0.wp.com\/guialimeira.com.br\/news\/wp-content\/uploads\/2024\/08\/2024-04-08t202434z_1_lynxnpek370so_rtroptp_4_mexico-ecuador.jpg?fit=1600%2C800&ssl=1","_links":{"self":[{"href":"https:\/\/guialimeira.com.br\/news\/wp-json\/wp\/v2\/posts\/12353","targetHints":{"allow":["GET"]}}],"collection":[{"href":"https:\/\/guialimeira.com.br\/news\/wp-json\/wp\/v2\/posts"}],"about":[{"href":"https:\/\/guialimeira.com.br\/news\/wp-json\/wp\/v2\/types\/post"}],"author":[{"embeddable":true,"href":"https:\/\/guialimeira.com.br\/news\/wp-json\/wp\/v2\/users\/1"}],"replies":[{"embeddable":true,"href":"https:\/\/guialimeira.com.br\/news\/wp-json\/wp\/v2\/comments?post=12353"}],"version-history":[{"count":0,"href":"https:\/\/guialimeira.com.br\/news\/wp-json\/wp\/v2\/posts\/12353\/revisions"}],"wp:featuredmedia":[{"embeddable":true,"href":"https:\/\/guialimeira.com.br\/news\/wp-json\/wp\/v2\/media\/12354"}],"wp:attachment":[{"href":"https:\/\/guialimeira.com.br\/news\/wp-json\/wp\/v2\/media?parent=12353"}],"wp:term":[{"taxonomy":"category","embeddable":true,"href":"https:\/\/guialimeira.com.br\/news\/wp-json\/wp\/v2\/categories?post=12353"},{"taxonomy":"post_tag","embeddable":true,"href":"https:\/\/guialimeira.com.br\/news\/wp-json\/wp\/v2\/tags?post=12353"}],"curies":[{"name":"wp","href":"https:\/\/api.w.org\/{rel}","templated":true}]}}