{"id":12334,"date":"2024-08-14T21:02:11","date_gmt":"2024-08-15T00:02:11","guid":{"rendered":"https:\/\/guialimeira.com.br\/2024\/08\/14\/lula-e-petro-voltam-a-conversar-sobre-impasse-na-venezuela\/"},"modified":"2024-08-14T21:02:11","modified_gmt":"2024-08-15T00:02:11","slug":"lula-e-petro-voltam-a-conversar-sobre-impasse-na-venezuela","status":"publish","type":"post","link":"https:\/\/guialimeira.com.br\/news\/lula-e-petro-voltam-a-conversar-sobre-impasse-na-venezuela\/","title":{"rendered":"Lula e Petro voltam a conversar sobre impasse na Venezuela"},"content":{"rendered":"<p> <br \/>\n<\/p>\n<div>\n<p>O presidente Luiz In\u00e1cio Lula da Silva e o presidente da Col\u00f4mbia, Gustavo Petro, conversaram nesta quarta-feira (14), por telefone, sobre o impasse pol\u00edtico na Venezuela, ap\u00f3s as elei\u00e7\u00f5es no fim de julho, cujos <a href=\"https:\/\/agenciabrasil.ebc.com.br\/internacional\/noticia\/2024-08\/maduro-entrega-atas-eleitorais-do-seu-partido-justica-da-venezuela\" target=\"_blank\" rel=\"noopener\">resultados que reelegeram Nicol\u00e1s Maduro<\/a> est\u00e3o sendo contestados pela oposi\u00e7\u00e3o e diversos pa\u00edses.\u00a0\u00a0\u00a0\u00a0<img data-recalc-dims=\"1\" decoding=\"async\" src=\"https:\/\/i0.wp.com\/agenciabrasil.ebc.com.br\/ebc.png?w=696&#038;ssl=1\" style=\"width:1px; height:1px; display:inline;\"\/><img data-recalc-dims=\"1\" decoding=\"async\" src=\"https:\/\/i0.wp.com\/agenciabrasil.ebc.com.br\/ebc.gif?w=696&#038;ssl=1\" style=\"width:1px; height:1px; display:inline;\"\/><\/p>\n<p>&#8220;Eu estava num telefonema com a Col\u00f4mbia para ver se a gente encontra uma sa\u00edda pol\u00edtica para o problema da Venezuela, para ver se a gente restabelece a tranquilidade democr\u00e1tica naquele pa\u00eds&#8221;, revelou Lula durante um evento do governo federal com representantes do setor industrial da sa\u00fade, para an\u00fancio de investimentos. O presidente n\u00e3o deu detalhes sobre o teor da conversa.<\/p>\n<p>O telefonema entre Lula e Petro ocorre um dia depois de o presidente do M\u00e9xico, Andr\u00e9s Manuel L\u00f3pez Obrador, decidir se afastar da media\u00e7\u00e3o que vinha mantendo com Brasil e Col\u00f4mbia para tentar resolver a crise venezuelana. Durante uma confer\u00eancia de imprensa, no Pal\u00e1cio Nacional, na Cidade do M\u00e9xico, Obrador afirmou que aguardar\u00e1 a an\u00e1lise do Tribunal Supremo de Justi\u00e7a (TSJ) da Venezuela sobre a contesta\u00e7\u00e3o do resultado da elei\u00e7\u00e3o.\u00a0\u00a0<\/p>\n<p><a href=\"https:\/\/agenciabrasil.ebc.com.br\/internacional\/noticia\/2024-08\/brasil-colombia-e-mexico-pedem-dados-eleitorais-da-venezuela\" target=\"_blank\" rel=\"noopener\">Brasil, M\u00e9xico e Col\u00f4mbia vinham atuando conjuntamente<\/a> para pedir a divulga\u00e7\u00e3o p\u00fablica dos resultados de cada uma das 30 mil mesas de vota\u00e7\u00e3o da elei\u00e7\u00e3o presidencial na Venezuela. Outro pedido \u00e9 que as autoridades lidem com &#8220;cautela e modera\u00e7\u00e3o&#8221; \u00e0s manifesta\u00e7\u00f5es que est\u00e3o ocorrendo no pa\u00eds desde o fim da elei\u00e7\u00e3o. Agora, os governos de Brasil e Col\u00f4mbia, que mant\u00eam as maiores fronteiras com a Venezuela, devem prosseguir na tentativa de obter um novo acordo pol\u00edtico entre Maduro e a oposi\u00e7\u00e3o.<\/p>\n<\/p><\/div>\n<p><br \/>\n<br \/><a href=\"https:\/\/agenciabrasil.ebc.com.br\/internacional\/noticia\/2024-08\/lula-e-petro-voltam-conversar-sobre-impasse-na-venezuela\" rel=\"noopener\">Ag\u00eancia Brasil <\/a><\/p>\n","protected":false},"excerpt":{"rendered":"<p>O presidente Luiz In\u00e1cio Lula da Silva e o presidente da Col\u00f4mbia, Gustavo Petro, conversaram nesta quarta-feira (14), por telefone, sobre o impasse pol\u00edtico na Venezuela, ap\u00f3s as elei\u00e7\u00f5es no fim de julho, cujos resultados que reelegeram Nicol\u00e1s Maduro est\u00e3o sendo contestados pela oposi\u00e7\u00e3o e diversos pa\u00edses.\u00a0\u00a0\u00a0\u00a0 &#8220;Eu estava num telefonema com a Col\u00f4mbia para [&hellip;]<\/p>\n","protected":false},"author":1,"featured_media":12335,"comment_status":"open","ping_status":"open","sticky":false,"template":"","format":"standard","meta":{"_jetpack_newsletter_access":"","_jetpack_dont_email_post_to_subs":false,"_jetpack_newsletter_tier_id":0,"_jetpack_memberships_contains_paywalled_content":false,"_mbp_banners":[],"_jetpack_feature_clip_id":0,"_jetpack_memberships_contains_paid_content":false,"footnotes":"","jetpack_publicize_message":"","jetpack_publicize_feature_enabled":true,"jetpack_social_post_already_shared":true,"jetpack_social_options":{"image_generator_settings":{"template":"highway","default_image_id":0,"font":"","enabled":false},"version":2},"jetpack_post_was_ever_published":false},"categories":[25],"tags":[],"class_list":["post-12334","post","type-post","status-publish","format-standard","has-post-thumbnail","category-internacional"],"jetpack_publicize_connections":[],"jetpack-related-posts":[],"jetpack_shortlink":"https:\/\/wp.me\/p7Eq1F-3cW","jetpack_sharing_enabled":true,"jetpack_featured_media_url":"https:\/\/i0.wp.com\/guialimeira.com.br\/news\/wp-content\/uploads\/2024\/08\/lula-cni-carta_mcamgo_abr_14082024-12.jpg?fit=1600%2C800&ssl=1","_links":{"self":[{"href":"https:\/\/guialimeira.com.br\/news\/wp-json\/wp\/v2\/posts\/12334","targetHints":{"allow":["GET"]}}],"collection":[{"href":"https:\/\/guialimeira.com.br\/news\/wp-json\/wp\/v2\/posts"}],"about":[{"href":"https:\/\/guialimeira.com.br\/news\/wp-json\/wp\/v2\/types\/post"}],"author":[{"embeddable":true,"href":"https:\/\/guialimeira.com.br\/news\/wp-json\/wp\/v2\/users\/1"}],"replies":[{"embeddable":true,"href":"https:\/\/guialimeira.com.br\/news\/wp-json\/wp\/v2\/comments?post=12334"}],"version-history":[{"count":0,"href":"https:\/\/guialimeira.com.br\/news\/wp-json\/wp\/v2\/posts\/12334\/revisions"}],"wp:featuredmedia":[{"embeddable":true,"href":"https:\/\/guialimeira.com.br\/news\/wp-json\/wp\/v2\/media\/12335"}],"wp:attachment":[{"href":"https:\/\/guialimeira.com.br\/news\/wp-json\/wp\/v2\/media?parent=12334"}],"wp:term":[{"taxonomy":"category","embeddable":true,"href":"https:\/\/guialimeira.com.br\/news\/wp-json\/wp\/v2\/categories?post=12334"},{"taxonomy":"post_tag","embeddable":true,"href":"https:\/\/guialimeira.com.br\/news\/wp-json\/wp\/v2\/tags?post=12334"}],"curies":[{"name":"wp","href":"https:\/\/api.w.org\/{rel}","templated":true}]}}