{"id":1231,"date":"2024-04-08T20:57:41","date_gmt":"2024-04-08T23:57:41","guid":{"rendered":"https:\/\/guialimeira.com.br\/2024\/04\/08\/eclipse-total-permite-ampliar-conhecimento-sobre-estrutura-do-sol\/"},"modified":"2024-04-08T20:57:41","modified_gmt":"2024-04-08T23:57:41","slug":"eclipse-total-permite-ampliar-conhecimento-sobre-estrutura-do-sol","status":"publish","type":"post","link":"https:\/\/guialimeira.com.br\/news\/eclipse-total-permite-ampliar-conhecimento-sobre-estrutura-do-sol\/","title":{"rendered":"Eclipse total permite ampliar conhecimento sobre estrutura do Sol"},"content":{"rendered":"<p> <br \/>\n<\/p>\n<div>\n<p>Os eclipses solares totais, como o que aconteceu nesta segunda-feira (8), al\u00e9m de gerar imagens incr\u00edveis, contribuem para impulsionar o conhecimento cient\u00edfico. O professor do Departamento de Astronomia da Universidade de S\u00e3o Paulo (USP), Roberto Costa, explica se tratar de um momento especial para pesquisadores que estudam a estrutura do Sol.<img data-recalc-dims=\"1\" decoding=\"async\" src=\"https:\/\/i0.wp.com\/agenciabrasil.ebc.com.br\/ebc.png?w=696&#038;ssl=1\" style=\"width:1px; height:1px; display:inline;\"\/><img data-recalc-dims=\"1\" decoding=\"async\" src=\"https:\/\/i0.wp.com\/agenciabrasil.ebc.com.br\/ebc.gif?w=696&#038;ssl=1\" style=\"width:1px; height:1px; display:inline;\"\/><\/p>\n<p>&#8220;No exato instante em que o disco do Sol fica completamente coberto pelo disco da Lua, d\u00e1 para analisar com precis\u00e3o a chamada coroa solar, que \u00e9 aquele envolt\u00f3rio externo do Sol. Ela tem uma luminosidade muito mais fraca que a luz que vem das pr\u00f3prias superf\u00edcies do Sol&#8221;, explica.<\/p>\n<p>Ele destaca que os eclipses lunares, que tamb\u00e9m geram belas fotos, oferecem menos contribui\u00e7\u00f5es para o avan\u00e7o das pesquisa. &#8220;N\u00e3o geram o mesmo interesse cient\u00edfico que os eclipses solares&#8221;, afirma Roberto.<\/p>\n<p>Um eclipse total do Sol ocorre quando a Lua fica exatamente entre o Sol e a Terra, projetando uma sombra sobre o planeta. Esse fen\u00f4meno, quando ocorre, s\u00f3 \u00e9 observ\u00e1vel em uma determinada regi\u00e3o do mundo. Dois tipos de sombra se formam: a umbra e a penumbra. Nos locais onde a Terra \u00e9 atingida pela umbra, \u00e9 poss\u00edvel ver totalmente o eclipse, enquanto se v\u00ea parcialmente na \u00e1rea atingida pela penumbra. Nas demais \u00e1reas, o fen\u00f4meno n\u00e3o \u00e9 vis\u00edvel.<\/p>\n<h2>Hemisf\u00e9rio Norte<\/h2>\n<p>O fen\u00f4meno registrado <a href=\"https:\/\/agenciabrasil.ebc.com.br\/geral\/noticia\/2024-04\/eclipse-total-do-sol-acontece-na-segunda-saiba-como-ver-pela-internet\" target=\"_blank\" rel=\"noopener\">nesta segunda-feira<\/a> n\u00e3o p\u00f4de ser observado no Brasil. Ele foi vis\u00edvel apenas a partir dos Estados Unidos, do M\u00e9xico e do Canad\u00e1. Roberto destaca\u00a0que o fen\u00f4meno ocorreu em um momento favor\u00e1vel para as pesquisas. &#8220;O Sol tem um ciclo de atividade de 11 anos. A cada 11 anos, h\u00e1 uma m\u00e1xima quantidade de manchas solares, h\u00e1 uma m\u00e1xima quantidade de explos\u00f5es solares. E ele est\u00e1 quase quase no m\u00e1ximo, vai chegar nos pr\u00f3ximos meses&#8221;.<\/p>\n<p>O professor da USP disse ter conhecimento de diferentes grupos que se prepararam para a observa\u00e7\u00e3o com interesse cient\u00edfico, contando inclusive com a participa\u00e7\u00e3o de brasileiros, uma vez que muitos dos projetos de pesquisa voltados para a observa\u00e7\u00e3o astron\u00f4mica s\u00e3o multinacionais. &#8220;Foi um evento muito bem aproveitado. O tempo estava bom em boa parte dos tr\u00eas pa\u00edses. Porque \u00e9 tamb\u00e9m uma esp\u00e9cie de loteria. Voc\u00ea pode montar toda uma infraestrutura para a observa\u00e7\u00e3o e chegar na hora com o c\u00e9u nublado. E a\u00ed n\u00e3o tem o que fazer&#8221;.<\/p>\n<p>Ainda de acordo com Roberto, as caracter\u00edsticas de Estados Unidos, M\u00e9xico e Canad\u00e1 foram facilitadores. &#8220;Veio a calhar de ser vis\u00edvel a partir de um lugar que tem infraestrutura. Porque pode ocorrer de o eclipse s\u00f3 ser vis\u00edvel no meio do oceano. Ou em locais onde o deslocamento \u00e9 complicado&#8221;.<\/p>\n<h2>Ciclo<\/h2>\n<p>Os eclipses totais do Sol acontecem a cada 18 meses, mas parecem raros justamente por atingirem apenas estreitas faixas do planeta. O pr\u00f3ximo que ser\u00e1 totalmente vis\u00edvel no territ\u00f3rio brasileiro ser\u00e1 apenas em agosto de 2045, daqui a 21 anos. Antes disso, por\u00e9m, eclipses parciais poder\u00e3o ser observados do pa\u00eds.<\/p>\n<p>&#8220;O ciclo dos eclipses \u00e9 conhecido h\u00e1 literalmente 3 mil anos. Eles n\u00e3o pegam ningu\u00e9m de surpresa. Existem dispon\u00edveis na internet cat\u00e1logos de eclipse que registram os eventos de milhares de anos para frente e para tr\u00e1s&#8221;, destaca Roberto.<\/p>\n<p>O professor da USP lembra um evento no Brasil que exemplifica a import\u00e2ncia desses fen\u00f4menos para a ci\u00eancia. &#8220;Teve um eclipse famoso observado no pa\u00eds em maio de 1919, a partir do qual houve a primeira valida\u00e7\u00e3o experimental da teoria da relatividade do Einstein. Havia necessidade de um eclipse solar total e quando ele ocorreu, foi poss\u00edvel observ\u00e1-lo em Sobral, no Cear\u00e1.&#8221;, contou.<\/p>\n<\/p><\/div>\n<p><br \/>\n<br \/><a href=\"https:\/\/agenciabrasil.ebc.com.br\/geral\/noticia\/2024-04\/eclipse-total-permite-ampliar-conhecimento-sobre-estrutura-do-sol\" rel=\"noopener\">Ag\u00eancia Brasil<\/a><\/p>\n","protected":false},"excerpt":{"rendered":"<p>Os eclipses solares totais, como o que aconteceu nesta segunda-feira (8), al\u00e9m de gerar imagens incr\u00edveis, contribuem para impulsionar o conhecimento cient\u00edfico. O professor do Departamento de Astronomia da Universidade de S\u00e3o Paulo (USP), Roberto Costa, explica se tratar de um momento especial para pesquisadores que estudam a estrutura do Sol. &#8220;No exato instante em [&hellip;]<\/p>\n","protected":false},"author":1,"featured_media":1232,"comment_status":"open","ping_status":"open","sticky":false,"template":"","format":"standard","meta":{"_jetpack_newsletter_access":"","_jetpack_dont_email_post_to_subs":false,"_jetpack_newsletter_tier_id":0,"_jetpack_memberships_contains_paywalled_content":false,"_mbp_banners":[],"_jetpack_feature_clip_id":0,"_jetpack_memberships_contains_paid_content":false,"footnotes":"","jetpack_publicize_message":"","jetpack_publicize_feature_enabled":true,"jetpack_social_post_already_shared":true,"jetpack_social_options":{"image_generator_settings":{"template":"highway","default_image_id":0,"font":"","enabled":false},"version":2},"jetpack_post_was_ever_published":false},"categories":[22],"tags":[],"class_list":["post-1231","post","type-post","status-publish","format-standard","has-post-thumbnail","category-nacional"],"jetpack_publicize_connections":[],"jetpack-related-posts":[],"jetpack_shortlink":"https:\/\/wp.me\/p7Eq1F-jR","jetpack_sharing_enabled":true,"jetpack_featured_media_url":"https:\/\/i0.wp.com\/guialimeira.com.br\/news\/wp-content\/uploads\/2024\/04\/2024-04-08t215928z_1966258441_rc2l27ade58k_rtrmadp_3_solar-eclipse-usa.jpg?fit=1600%2C800&ssl=1","_links":{"self":[{"href":"https:\/\/guialimeira.com.br\/news\/wp-json\/wp\/v2\/posts\/1231","targetHints":{"allow":["GET"]}}],"collection":[{"href":"https:\/\/guialimeira.com.br\/news\/wp-json\/wp\/v2\/posts"}],"about":[{"href":"https:\/\/guialimeira.com.br\/news\/wp-json\/wp\/v2\/types\/post"}],"author":[{"embeddable":true,"href":"https:\/\/guialimeira.com.br\/news\/wp-json\/wp\/v2\/users\/1"}],"replies":[{"embeddable":true,"href":"https:\/\/guialimeira.com.br\/news\/wp-json\/wp\/v2\/comments?post=1231"}],"version-history":[{"count":0,"href":"https:\/\/guialimeira.com.br\/news\/wp-json\/wp\/v2\/posts\/1231\/revisions"}],"wp:featuredmedia":[{"embeddable":true,"href":"https:\/\/guialimeira.com.br\/news\/wp-json\/wp\/v2\/media\/1232"}],"wp:attachment":[{"href":"https:\/\/guialimeira.com.br\/news\/wp-json\/wp\/v2\/media?parent=1231"}],"wp:term":[{"taxonomy":"category","embeddable":true,"href":"https:\/\/guialimeira.com.br\/news\/wp-json\/wp\/v2\/categories?post=1231"},{"taxonomy":"post_tag","embeddable":true,"href":"https:\/\/guialimeira.com.br\/news\/wp-json\/wp\/v2\/tags?post=1231"}],"curies":[{"name":"wp","href":"https:\/\/api.w.org\/{rel}","templated":true}]}}