{"id":12273,"date":"2024-08-14T07:42:58","date_gmt":"2024-08-14T10:42:58","guid":{"rendered":"https:\/\/guialimeira.com.br\/2024\/08\/14\/oms-avalia-se-mpox-deve-voltar-a-ser-declarada-emergencia-global\/"},"modified":"2024-08-14T07:42:58","modified_gmt":"2024-08-14T10:42:58","slug":"oms-avalia-se-mpox-deve-voltar-a-ser-declarada-emergencia-global","status":"publish","type":"post","link":"https:\/\/guialimeira.com.br\/news\/oms-avalia-se-mpox-deve-voltar-a-ser-declarada-emergencia-global\/","title":{"rendered":"OMS avalia se mpox deve voltar a ser declarada emerg\u00eancia global"},"content":{"rendered":"<p> <br \/>\n<\/p>\n<div>\n<p>A Organiza\u00e7\u00e3o Mundial da Sa\u00fade (OMS) convocou para esta quarta-feira (14) comit\u00ea de emerg\u00eancia para avaliar o cen\u00e1rio de surto de mpox na \u00c1frica e o risco de dissemina\u00e7\u00e3o internacional da doen\u00e7a. O an\u00fancio foi feito pelo diretor-geral da entidade, Tedros Adhanom Ghebreyesus, na \u00faltima quarta-feira (7), em seu perfil na rede social X.<img data-recalc-dims=\"1\" decoding=\"async\" src=\"https:\/\/i0.wp.com\/agenciabrasil.ebc.com.br\/ebc.png?w=696&#038;ssl=1\" style=\"width:1px; height:1px; display:inline;\"\/><img data-recalc-dims=\"1\" decoding=\"async\" src=\"https:\/\/i0.wp.com\/agenciabrasil.ebc.com.br\/ebc.gif?w=696&#038;ssl=1\" style=\"width:1px; height:1px; display:inline;\"\/><\/p>\n<p>Segundo Tedros, a decis\u00e3o de convocar o comit\u00ea de emerg\u00eancia levou em conta o registro de casos fora da Rep\u00fablica Democr\u00e1tica do Congo, onde as infec\u00e7\u00f5es est\u00e3o em ascens\u00e3o h\u00e1 mais de dois anos. O cen\u00e1rio se agravou ao longo dos \u00faltimos meses em raz\u00e3o do uma muta\u00e7\u00e3o que levou \u00e0 transmiss\u00e3o do v\u00edrus de pessoa para pessoa.<\/p>\n<h2>N\u00fameros<\/h2>\n<p>De janeiro de 2022 a junho de 2024, a OMS registrou 99.176 casos confirmados de mpox em 116 pa\u00edses. No per\u00edodo, foram contabilizadas ainda 208 mortes provocadas pela doen\u00e7a.<\/p>\n<p>Dados do relat\u00f3rio de situa\u00e7\u00e3o divulgado\u00a0segunda-feira (12) pela entidade mostram que, apenas em junho, 934 casos foram confirmados laboratorialmente e quatro mortes foram notificadas\u00a0em 26 pa\u00edses, \u201csinalizando transmiss\u00e3o cont\u00ednua da mpox em todo o mundo\u201d.<\/p>\n<p>As regi\u00f5es mais afetadas em junho, de acordo com o n\u00famero de casos confirmados, s\u00e3o \u00c1frica (567 casos), Am\u00e9rica (175 casos), Europa (100 casos), Pac\u00edfico Ocidental (81 casos) e Sudeste Asi\u00e1tico (11 casos). O Mediterr\u00e2neo Oriental n\u00e3o notificou casos nesse per\u00edodo.<\/p>\n<p>No continente africano, a Rep\u00fablica Democr\u00e1tica do Congo responde por 96% dos casos confirmados em junho. A OMS alerta, entretanto, que o pa\u00eds tem acesso limitado a testes em zonas rurais e que apenas 24% dos casos clinicamente compat\u00edveis e notificados como suspeitos no pa\u00eds foram testados em 2024.<\/p>\n<p>Pelo menos quatro novos pa\u00edses na \u00c1frica Oriental, incluindo Burundi, Qu\u00eania, Ruanda e Uganda, reportaram seus primeiros casos de mpox \u2013 todos ligados ao surto em expans\u00e3o na regi\u00e3o. J\u00e1 a Costa do Marfim registra um surto da doen\u00e7a, mas de outra variante, enquanto a \u00c1frica do Sul confirmou mais dois casos.<\/p>\n<h2>Maior letalidade<\/h2>\n<p>No fim de junho, a OMS chegou a alertar para uma variante mais perigosa da mpox. A taxa de letalidade pela nova variante 1b na \u00c1frica Central chega a ser de mais de 10% entre crian\u00e7as pequenas, enquanto a variante 2b, que causou a epidemia global de mpox em 2022, registrou taxa de letalidade de menos de 1%.<\/p>\n<h2>Vacina<\/h2>\n<p>Esta semana, a OMS publicou documento oficial solicitando a fabricantes de vacinas contra a mpox que submetam pedidos de an\u00e1lise para o uso emergencial das doses. O processo foi desenvolvido especificamente para agilizar a disponibilidade de insumos n\u00e3o licenciados, mas necess\u00e1rios em situa\u00e7\u00f5es de emerg\u00eancia em sa\u00fade p\u00fablica.<\/p>\n<p>\u201cEssa \u00e9 uma recomenda\u00e7\u00e3o com validade limitada, baseada em abordagem de risco-benef\u00edcio\u201d, destacou a entidade. No documento, a OMS solicita que os fabricantes de vacinas contra a doen\u00e7a apresentem dados que possam atestar que as doses s\u00e3o seguras, eficazes, de qualidade garantida e adequadas para as popula\u00e7\u00f5es-alvo.<\/p>\n<p>A concess\u00e3o de autoriza\u00e7\u00e3o para uso emergencial, segundo a organiza\u00e7\u00e3o, deve acelerar o acesso \u00e0s vacinas, sobretudo para pa\u00edses de baixa renda e que ainda n\u00e3o emitiram sua pr\u00f3pria aprova\u00e7\u00e3o regulamentar. O processo tamb\u00e9m permite que parceiros como a Alian\u00e7a para Vacinas (Gavi, na sigla em ingl\u00eas) e o Fundo das Na\u00e7\u00f5es Unidas para a Inf\u00e2ncia (Unicef) adquiram doses para distribui\u00e7\u00e3o.<\/p>\n<h2>A doen\u00e7a<\/h2>\n<p>A mpox \u00e9 uma doen\u00e7a zoon\u00f3tica viral. A transmiss\u00e3o para humanos pode ocorrer por meio do contato com animais silvestres infectados, pessoas infectadas pelo v\u00edrus e materiais contaminados. Os sintomas, em geral, incluem erup\u00e7\u00f5es cut\u00e2neas ou les\u00f5es de pele, linfonodos inchados (\u00ednguas), febre, dores no corpo, dor de cabe\u00e7a, calafrio e fraqueza.<\/p>\n<p>As les\u00f5es podem ser planas ou levemente elevadas, preenchidas com l\u00edquido claro ou amarelado, podendo formar crostas que secam e caem. O n\u00famero de les\u00f5es pode variar de algumas a milhares. As erup\u00e7\u00f5es tendem a se concentrar no rosto, na palma das m\u00e3os e na planta dos p\u00e9s, mas podem ocorrer em qualquer parte do corpo, inclusive na boca, nos olhos, nos \u00f3rg\u00e3os genitais e no \u00e2nus.<\/p>\n<h2>Primeira emerg\u00eancia<\/h2>\n<p>Em maio de 2023, quase uma semana ap\u00f3s alterar o status da covid-19, a OMS declarou que a mpox tamb\u00e9m n\u00e3o configurava mais emerg\u00eancia em sa\u00fade p\u00fablica de import\u00e2ncia internacional. Em julho de 2022, a entidade havia decretado status de emerg\u00eancia em raz\u00e3o do surto da doen\u00e7a em diversos pa\u00edses.<\/p>\n<p>\u201cAssim como com a covid-19, o fim da emerg\u00eancia n\u00e3o significa que o trabalho acabou. A mpox continua a apresentar desafios de sa\u00fade p\u00fablica significantes que precisam de resposta robusta, proativa e sustent\u00e1vel\u201d, declarou, \u00e0 \u00e9poca, o diretor-geral da OMS, Tedros Adhanom.<\/p>\n<p>\u201cCasos relacionados a viagens, registrados em todas as regi\u00f5es, demonstram a amea\u00e7a cont\u00ednua. Existe risco, em particular, para pessoas que vivem com infec\u00e7\u00e3o por HIV n\u00e3o tratada. Continua sendo importante que os pa\u00edses mantenham sua capacidade de teste e seus esfor\u00e7os, avaliem os riscos, quantifiquem as necessidades de resposta e ajam prontamente quando necess\u00e1rio\u201d, alertou Tedros em 2023.<\/p>\n<\/p><\/div>\n<p><br \/>\n<br \/><a href=\"https:\/\/agenciabrasil.ebc.com.br\/saude\/noticia\/2024-08\/oms-avalia-se-mpox-deve-voltar-ser-declarada-emergencia-global\" rel=\"noopener\">Ag\u00eancia Brasil <\/a><\/p>\n","protected":false},"excerpt":{"rendered":"<p>A Organiza\u00e7\u00e3o Mundial da Sa\u00fade (OMS) convocou para esta quarta-feira (14) comit\u00ea de emerg\u00eancia para avaliar o cen\u00e1rio de surto de mpox na \u00c1frica e o risco de dissemina\u00e7\u00e3o internacional da doen\u00e7a. O an\u00fancio foi feito pelo diretor-geral da entidade, Tedros Adhanom Ghebreyesus, na \u00faltima quarta-feira (7), em seu perfil na rede social X. Segundo [&hellip;]<\/p>\n","protected":false},"author":1,"featured_media":12248,"comment_status":"open","ping_status":"open","sticky":false,"template":"","format":"standard","meta":{"_jetpack_newsletter_access":"","_jetpack_dont_email_post_to_subs":false,"_jetpack_newsletter_tier_id":0,"_jetpack_memberships_contains_paywalled_content":false,"_mbp_banners":[],"_jetpack_feature_clip_id":0,"_jetpack_memberships_contains_paid_content":false,"footnotes":"","jetpack_publicize_message":"","jetpack_publicize_feature_enabled":true,"jetpack_social_post_already_shared":true,"jetpack_social_options":{"image_generator_settings":{"template":"highway","default_image_id":0,"font":"","enabled":false},"version":2},"jetpack_post_was_ever_published":false},"categories":[15],"tags":[],"class_list":["post-12273","post","type-post","status-publish","format-standard","has-post-thumbnail","category-saude"],"jetpack_publicize_connections":[],"jetpack-related-posts":[],"jetpack_shortlink":"https:\/\/wp.me\/p7Eq1F-3bX","jetpack_sharing_enabled":true,"jetpack_featured_media_url":"https:\/\/i0.wp.com\/guialimeira.com.br\/news\/wp-content\/uploads\/2024\/08\/2024-08-13t135812z_488502842_rc2yx8aqv1tn_rtrmadp_3_africa-mpox.jpg?fit=1600%2C800&ssl=1","_links":{"self":[{"href":"https:\/\/guialimeira.com.br\/news\/wp-json\/wp\/v2\/posts\/12273","targetHints":{"allow":["GET"]}}],"collection":[{"href":"https:\/\/guialimeira.com.br\/news\/wp-json\/wp\/v2\/posts"}],"about":[{"href":"https:\/\/guialimeira.com.br\/news\/wp-json\/wp\/v2\/types\/post"}],"author":[{"embeddable":true,"href":"https:\/\/guialimeira.com.br\/news\/wp-json\/wp\/v2\/users\/1"}],"replies":[{"embeddable":true,"href":"https:\/\/guialimeira.com.br\/news\/wp-json\/wp\/v2\/comments?post=12273"}],"version-history":[{"count":0,"href":"https:\/\/guialimeira.com.br\/news\/wp-json\/wp\/v2\/posts\/12273\/revisions"}],"wp:featuredmedia":[{"embeddable":true,"href":"https:\/\/guialimeira.com.br\/news\/wp-json\/wp\/v2\/media\/12248"}],"wp:attachment":[{"href":"https:\/\/guialimeira.com.br\/news\/wp-json\/wp\/v2\/media?parent=12273"}],"wp:term":[{"taxonomy":"category","embeddable":true,"href":"https:\/\/guialimeira.com.br\/news\/wp-json\/wp\/v2\/categories?post=12273"},{"taxonomy":"post_tag","embeddable":true,"href":"https:\/\/guialimeira.com.br\/news\/wp-json\/wp\/v2\/tags?post=12273"}],"curies":[{"name":"wp","href":"https:\/\/api.w.org\/{rel}","templated":true}]}}