{"id":12262,"date":"2024-08-13T21:38:59","date_gmt":"2024-08-14T00:38:59","guid":{"rendered":"https:\/\/guialimeira.com.br\/2024\/08\/13\/lula-e-primeiro-ministro-do-canada-conversam-sobre-venezuela\/"},"modified":"2024-08-13T21:38:59","modified_gmt":"2024-08-14T00:38:59","slug":"lula-e-primeiro-ministro-do-canada-conversam-sobre-venezuela","status":"publish","type":"post","link":"https:\/\/guialimeira.com.br\/news\/lula-e-primeiro-ministro-do-canada-conversam-sobre-venezuela\/","title":{"rendered":"Lula e primeiro-ministro do Canad\u00e1 conversam sobre Venezuela"},"content":{"rendered":"<p> <br \/>\n<\/p>\n<div>\n<p>O Pal\u00e1cio do Planalto informou nesta ter\u00e7a-feira (13) que o presidente Luiz In\u00e1cio Lula da Silva recebeu um telefonema do primeiro-ministro do Canad\u00e1, Justin Trudeau. Na liga\u00e7\u00e3o, o canadense demonstrou apoio \u00e0 iniciativa do Brasil em defesa da democracia e da transpar\u00eancia do <a href=\"https:\/\/agenciabrasil.ebc.com.br\/internacional\/noticia\/2024-08\/maduro-entrega-atas-eleitorais-do-seu-partido-justica-da-venezuela\" target=\"_blank\" rel=\"noopener\">processo eleitoral da Venezuela<\/a>, cujos resultados que reelegeram Nicol\u00e1s Maduro para um novo mandato s\u00e3o contestados pela oposi\u00e7\u00e3o e por diversos pa\u00edses.<img data-recalc-dims=\"1\" decoding=\"async\" src=\"https:\/\/i0.wp.com\/agenciabrasil.ebc.com.br\/ebc.png?w=696&#038;ssl=1\" style=\"width:1px; height:1px; display:inline;\"\/><img data-recalc-dims=\"1\" decoding=\"async\" src=\"https:\/\/i0.wp.com\/agenciabrasil.ebc.com.br\/ebc.gif?w=696&#038;ssl=1\" style=\"width:1px; height:1px; display:inline;\"\/><\/p>\n<p>Segundo o Planalto, Lula comentou que &#8220;h\u00e1 um hist\u00f3rico de erros da comunidade internacional com rela\u00e7\u00e3o \u00e0quele pa\u00eds, citando especificamente a imposi\u00e7\u00e3o de san\u00e7\u00f5es e o reconhecimento de Juan Guaid\u00f3 como presidente&#8221;. Em 2019, o ent\u00e3o presidente da Assembleia Nacional venezuelana, que era controlada pela oposi\u00e7\u00e3o, se autodeclarou presidente do pa\u00eds, com apoio de parte da comunidade internacional, o que, na pr\u00e1tica, jamais se efetivou.<\/p>\n<p>Na conversa com Trudeau, o presidente brasileiro destacou os esfor\u00e7os de coordena\u00e7\u00e3o do Brasil, da Col\u00f4mbia e do M\u00e9xico pela normaliza\u00e7\u00e3o da situa\u00e7\u00e3o pol\u00edtica no pa\u00eds vizinho. \u201cO mais importante \u00e9 mantermos a Am\u00e9rica do Sul livre de conflitos, com prosperidade e harmonia\u201d, disse Lula, de acordo com o Planalto, ao ressaltar a import\u00e2ncia do di\u00e1logo entre o governo Maduro e a oposi\u00e7\u00e3o. Os tr\u00eas pa\u00edses t\u00eam atuado conjuntamente <a href=\"https:\/\/agenciabrasil.ebc.com.br\/internacional\/noticia\/2024-08\/brasil-colombia-e-mexico-pedem-dados-eleitorais-da-venezuela\" target=\"_blank\" rel=\"noopener\">pedindo a divulga\u00e7\u00e3o p\u00fablica dos resultados<\/a> de cada uma das 30 mil mesas de vota\u00e7\u00e3o da elei\u00e7\u00e3o presidencial na Venezuela. Outro pedido \u00e9 que as autoridades lidem com &#8220;cautela e modera\u00e7\u00e3o&#8221; em rela\u00e7\u00e3o \u00e0s manifesta\u00e7\u00f5es que est\u00e3o ocorrendo no pa\u00eds desde o fim da elei\u00e7\u00e3o.<\/p>\n<p>Em postagem nas redes sociais para falar sobre o telefonema, Justin Trudeau defendeu verifica\u00e7\u00e3o dos resultados eleitorais na Venezuela. \u00a0&#8220;A posi\u00e7\u00e3o do Canad\u00e1 \u00e9 clara: os resultados eleitorais devem ser legitimados atrav\u00e9s de uma verifica\u00e7\u00e3o cred\u00edvel e devem refletir a vontade do povo da Venezuela&#8221;, disse o primeiro-ministro.<\/p>\n<p>Lula ainda convidou Trudeau para uma reuni\u00e3o de governos democr\u00e1ticos contra o extremismo, a ser realizada \u00e0 margem da Assembleia Geral da Organiza\u00e7\u00e3o das Na\u00e7\u00f5es Unidas (ONU), em setembro, em Nova York. A iniciativa \u00e9 do presidente brasileiro em conjunto com o presidente do governo da Espanha, Pedro S\u00e1nchez.<\/p>\n<\/p><\/div>\n<p><br \/>\n<br \/><a href=\"https:\/\/agenciabrasil.ebc.com.br\/internacional\/noticia\/2024-08\/lula-e-primeiro-ministro-do-canada-conversam-sobre-venezuela\" rel=\"noopener\">Ag\u00eancia Brasil <\/a><\/p>\n","protected":false},"excerpt":{"rendered":"<p>O Pal\u00e1cio do Planalto informou nesta ter\u00e7a-feira (13) que o presidente Luiz In\u00e1cio Lula da Silva recebeu um telefonema do primeiro-ministro do Canad\u00e1, Justin Trudeau. Na liga\u00e7\u00e3o, o canadense demonstrou apoio \u00e0 iniciativa do Brasil em defesa da democracia e da transpar\u00eancia do processo eleitoral da Venezuela, cujos resultados que reelegeram Nicol\u00e1s Maduro para um [&hellip;]<\/p>\n","protected":false},"author":1,"featured_media":12263,"comment_status":"open","ping_status":"open","sticky":false,"template":"","format":"standard","meta":{"_jetpack_newsletter_access":"","_jetpack_dont_email_post_to_subs":false,"_jetpack_newsletter_tier_id":0,"_jetpack_memberships_contains_paywalled_content":false,"_mbp_banners":[],"_jetpack_feature_clip_id":0,"_jetpack_memberships_contains_paid_content":false,"footnotes":"","jetpack_publicize_message":"","jetpack_publicize_feature_enabled":true,"jetpack_social_post_already_shared":true,"jetpack_social_options":{"image_generator_settings":{"template":"highway","default_image_id":0,"font":"","enabled":false},"version":2},"jetpack_post_was_ever_published":false},"categories":[25],"tags":[],"class_list":["post-12262","post","type-post","status-publish","format-standard","has-post-thumbnail","category-internacional"],"jetpack_publicize_connections":[],"jetpack-related-posts":[],"jetpack_shortlink":"https:\/\/wp.me\/p7Eq1F-3bM","jetpack_sharing_enabled":true,"jetpack_featured_media_url":"https:\/\/i0.wp.com\/guialimeira.com.br\/news\/wp-content\/uploads\/2024\/08\/trudeau.jpg?fit=1600%2C800&ssl=1","_links":{"self":[{"href":"https:\/\/guialimeira.com.br\/news\/wp-json\/wp\/v2\/posts\/12262","targetHints":{"allow":["GET"]}}],"collection":[{"href":"https:\/\/guialimeira.com.br\/news\/wp-json\/wp\/v2\/posts"}],"about":[{"href":"https:\/\/guialimeira.com.br\/news\/wp-json\/wp\/v2\/types\/post"}],"author":[{"embeddable":true,"href":"https:\/\/guialimeira.com.br\/news\/wp-json\/wp\/v2\/users\/1"}],"replies":[{"embeddable":true,"href":"https:\/\/guialimeira.com.br\/news\/wp-json\/wp\/v2\/comments?post=12262"}],"version-history":[{"count":0,"href":"https:\/\/guialimeira.com.br\/news\/wp-json\/wp\/v2\/posts\/12262\/revisions"}],"wp:featuredmedia":[{"embeddable":true,"href":"https:\/\/guialimeira.com.br\/news\/wp-json\/wp\/v2\/media\/12263"}],"wp:attachment":[{"href":"https:\/\/guialimeira.com.br\/news\/wp-json\/wp\/v2\/media?parent=12262"}],"wp:term":[{"taxonomy":"category","embeddable":true,"href":"https:\/\/guialimeira.com.br\/news\/wp-json\/wp\/v2\/categories?post=12262"},{"taxonomy":"post_tag","embeddable":true,"href":"https:\/\/guialimeira.com.br\/news\/wp-json\/wp\/v2\/tags?post=12262"}],"curies":[{"name":"wp","href":"https:\/\/api.w.org\/{rel}","templated":true}]}}