{"id":1225,"date":"2024-04-08T19:56:43","date_gmt":"2024-04-08T22:56:43","guid":{"rendered":"https:\/\/guialimeira.com.br\/2024\/04\/08\/passageiro-baleado-em-sequestro-de-onibus-no-rio-retorna-para-o-cti\/"},"modified":"2024-04-08T19:56:43","modified_gmt":"2024-04-08T22:56:43","slug":"passageiro-baleado-em-sequestro-de-onibus-no-rio-retorna-para-o-cti","status":"publish","type":"post","link":"https:\/\/guialimeira.com.br\/news\/passageiro-baleado-em-sequestro-de-onibus-no-rio-retorna-para-o-cti\/","title":{"rendered":"Passageiro baleado em sequestro de \u00f4nibus no Rio retorna para o CTI"},"content":{"rendered":"<p> <br \/>\n<\/p>\n<div>\n<p>O petroleiro Bruno Lima da Costa Soares, 34 anos, que <a href=\"https:\/\/agenciabrasil.ebc.com.br\/geral\/noticia\/2024-03\/passageiro-baleado-em-rodoviaria-do-rio-tem-quadro-critico\" rel=\"noopener\">levou tr\u00eas tiros<\/a> na Rodovi\u00e1ria do Rio de Janeiro durante o sequestro de um \u00f4nibus que seguiria para Juiz de Fora, no dia 12 de mar\u00e7o, retornou hoje (8) para o Centro de Tratamento Intensivo (CTI) do Hospital Samaritano, em Botafogo, zona sul do Rio, onde est\u00e1 em recupera\u00e7\u00e3o.<img data-recalc-dims=\"1\" decoding=\"async\" src=\"https:\/\/i0.wp.com\/agenciabrasil.ebc.com.br\/ebc.png?w=696&#038;ssl=1\" style=\"width:1px; height:1px; display:inline;\"\/><img data-recalc-dims=\"1\" decoding=\"async\" src=\"https:\/\/i0.wp.com\/agenciabrasil.ebc.com.br\/ebc.gif?w=696&#038;ssl=1\" style=\"width:1px; height:1px; display:inline;\"\/><\/p>\n<p>Em nota, o hospital informou que Bruno foi submetido a um procedimento de drenagem, sob anestesia geral, pois apresentou ac\u00famulo de l\u00edquidos (derrame) em volta do cora\u00e7\u00e3o e dos pulm\u00f5es. J\u00e1 foi iniciado o processo de sa\u00edda do respirador e seu estado de sa\u00fade \u00e9 est\u00e1vel.<\/p>\n<p>Bruno estava se recuperando bem da cirurgia. J\u00e1 comia sentado em uma poltrona, interagia com familiares e o corpo cl\u00ednico do hospital. Ele estava na unidade semi-intensiva do Samaritano, onde vinha sendo monitorado e fazia diariamente sess\u00f5es de fisioterapia.<\/p>\n<h2>Sequestro<\/h2>\n<p>Ap\u00f3s ser baleado pelo sequestrador do lado de fora do \u00f4nibus, ao ser confundido com um policial, Bruno foi levado \u00e0s pressas para o Hospital Municipal Souza Aguiar. De l\u00e1, foi transferido para o Instituto do Cora\u00e7\u00e3o e um dia depois, para o Hospital Samaritano, onde a bala que estava alojada perto do cora\u00e7\u00e3o foi retirada pela equipe m\u00e9dica.<\/p>\n<p>O autor dos disparos, Paulo S\u00e9rgio de Lima, tentava fugir do Rio por causa de <a href=\"https:\/\/agenciabrasil.ebc.com.br\/geral\/noticia\/2024-03\/sequestrador-de-onibus-no-rio-fugia-de-faccao-criminosa-diz-policia\" rel=\"noopener\">desaven\u00e7as com comparsas<\/a> de uma quadrilha da favela da Rocinha, zona sul da cidade.\u00a0<\/p>\n<p>Durante o embarque para Juiz de Fora, ele confundiu um passageiro com um policial, fez disparos e sequestrou o ve\u00edculo da Via\u00e7\u00e3o Sampaio. Ap\u00f3s mais de tr\u00eas horas de negocia\u00e7\u00f5es com homens do Batalh\u00e3o de Opera\u00e7\u00f5es Especiais da PM (Bope), Paulo S\u00e9rgio, que fazia 16 ref\u00e9ns dentro do \u00f4nibus, <a href=\"https:\/\/agenciabrasil.ebc.com.br\/geral\/noticia\/2024-03\/sequestrador-de-onibus-no-rio-se-entrega-policia\" rel=\"noopener\">acabou se entregando<\/a>.<\/p>\n<p>\u00a0<\/p>\n<\/p><\/div>\n<p><br \/>\n<br \/><a href=\"https:\/\/agenciabrasil.ebc.com.br\/geral\/noticia\/2024-04\/passageiro-baleado-em-sequestro-de-onibus-no-rio-retorna-para-o-cti\" rel=\"noopener\">Ag\u00eancia Brasil<\/a><\/p>\n","protected":false},"excerpt":{"rendered":"<p>O petroleiro Bruno Lima da Costa Soares, 34 anos, que levou tr\u00eas tiros na Rodovi\u00e1ria do Rio de Janeiro durante o sequestro de um \u00f4nibus que seguiria para Juiz de Fora, no dia 12 de mar\u00e7o, retornou hoje (8) para o Centro de Tratamento Intensivo (CTI) do Hospital Samaritano, em Botafogo, zona sul do Rio, [&hellip;]<\/p>\n","protected":false},"author":1,"featured_media":269,"comment_status":"open","ping_status":"open","sticky":false,"template":"","format":"standard","meta":{"_jetpack_newsletter_access":"","_jetpack_dont_email_post_to_subs":false,"_jetpack_newsletter_tier_id":0,"_jetpack_memberships_contains_paywalled_content":false,"_mbp_banners":[],"_jetpack_feature_clip_id":0,"_jetpack_memberships_contains_paid_content":false,"footnotes":"","jetpack_publicize_message":"","jetpack_publicize_feature_enabled":true,"jetpack_social_post_already_shared":true,"jetpack_social_options":{"image_generator_settings":{"template":"highway","default_image_id":0,"font":"","enabled":false},"version":2},"jetpack_post_was_ever_published":false},"categories":[22],"tags":[],"class_list":["post-1225","post","type-post","status-publish","format-standard","has-post-thumbnail","category-nacional"],"jetpack_publicize_connections":[],"jetpack-related-posts":[],"jetpack_shortlink":"https:\/\/wp.me\/p7Eq1F-jL","jetpack_sharing_enabled":true,"jetpack_featured_media_url":"https:\/\/i0.wp.com\/guialimeira.com.br\/news\/wp-content\/uploads\/2024\/03\/thumb_1200x600_agbrasil.png?fit=1200%2C600&ssl=1","_links":{"self":[{"href":"https:\/\/guialimeira.com.br\/news\/wp-json\/wp\/v2\/posts\/1225","targetHints":{"allow":["GET"]}}],"collection":[{"href":"https:\/\/guialimeira.com.br\/news\/wp-json\/wp\/v2\/posts"}],"about":[{"href":"https:\/\/guialimeira.com.br\/news\/wp-json\/wp\/v2\/types\/post"}],"author":[{"embeddable":true,"href":"https:\/\/guialimeira.com.br\/news\/wp-json\/wp\/v2\/users\/1"}],"replies":[{"embeddable":true,"href":"https:\/\/guialimeira.com.br\/news\/wp-json\/wp\/v2\/comments?post=1225"}],"version-history":[{"count":0,"href":"https:\/\/guialimeira.com.br\/news\/wp-json\/wp\/v2\/posts\/1225\/revisions"}],"wp:featuredmedia":[{"embeddable":true,"href":"https:\/\/guialimeira.com.br\/news\/wp-json\/wp\/v2\/media\/269"}],"wp:attachment":[{"href":"https:\/\/guialimeira.com.br\/news\/wp-json\/wp\/v2\/media?parent=1225"}],"wp:term":[{"taxonomy":"category","embeddable":true,"href":"https:\/\/guialimeira.com.br\/news\/wp-json\/wp\/v2\/categories?post=1225"},{"taxonomy":"post_tag","embeddable":true,"href":"https:\/\/guialimeira.com.br\/news\/wp-json\/wp\/v2\/tags?post=1225"}],"curies":[{"name":"wp","href":"https:\/\/api.w.org\/{rel}","templated":true}]}}