{"id":1223,"date":"2024-04-08T19:32:47","date_gmt":"2024-04-08T22:32:47","guid":{"rendered":"https:\/\/guialimeira.com.br\/2024\/04\/08\/era-sonho-dela-diz-filho-de-mae-bernadete-apos-delimitacao-de-terras\/"},"modified":"2024-04-08T19:32:47","modified_gmt":"2024-04-08T22:32:47","slug":"era-sonho-dela-diz-filho-de-mae-bernadete-apos-delimitacao-de-terras","status":"publish","type":"post","link":"https:\/\/guialimeira.com.br\/news\/era-sonho-dela-diz-filho-de-mae-bernadete-apos-delimitacao-de-terras\/","title":{"rendered":"\u201cEra sonho dela\u201d, diz filho de M\u00e3e Bernadete, ap\u00f3s delimita\u00e7\u00e3o de terras"},"content":{"rendered":"<p> <br \/>\n<\/p>\n<div>\n<p>Uma mistura de felicidade e frustra\u00e7\u00e3o. Foi assim que Jurandir Wellington Pac\u00edfico, filho da l\u00edder quilombola M\u00e3e Bernadete, definiu, nesta segunda-feira (8) o sentimento dele e de toda a comunidade Pitanga dos Palmares, na cidade de Sim\u00f5es Filho (BA), ao receber a not\u00edcia de reconhecimento de terras pelo governo federal, com a delimita\u00e7\u00e3o da \u00e1rea da comunidade. Ele avalia que o <a href=\"https:\/\/agenciabrasil.ebc.com.br\/direitos-humanos\/noticia\/2024-04\/incra-terras-de-quilombo-de-mae-bernadete\" target=\"_blank\" rel=\"noopener\">reconhecimento das terras<\/a> garante autonomia \u00e0 comunidade. \u201cA titula\u00e7\u00e3o \u00e9 como se fosse um campo de for\u00e7a contra os inimigos\u201d, afirma.<img data-recalc-dims=\"1\" decoding=\"async\" src=\"https:\/\/i0.wp.com\/agenciabrasil.ebc.com.br\/ebc.png?w=696&#038;ssl=1\" style=\"width:1px; height:1px; display:inline;\"\/><img data-recalc-dims=\"1\" decoding=\"async\" src=\"https:\/\/i0.wp.com\/agenciabrasil.ebc.com.br\/ebc.gif?w=696&#038;ssl=1\" style=\"width:1px; height:1px; display:inline;\"\/><\/p>\n<p>Segundo o Instituto Nacional de Coloniza\u00e7\u00e3o e Reforma Agr\u00e1ria (Incra), a decis\u00e3o beneficia 536 fam\u00edlias remanescentes de quilombos em uma \u00e1rea de 852,2 hectares.<\/p>\n<blockquote>\n<p>\u201cEra o sonho de M\u00e3e Bernadete titular essa comunidade. Mas, infelizmente ela n\u00e3o est\u00e1 mais aqui\u201d, disse.\u00a0<\/p>\n<\/blockquote>\n<p>Pac\u00edfico diz acreditar que a luta pela titula\u00e7\u00e3o acabou provocando as mortes da m\u00e3e (<a href=\"https:\/\/agenciabrasil.ebc.com.br\/direitos-humanos\/noticia\/2023-08\/lider-quilombola-de-pitanga-dos-palmares-e-executada-na-bahia\" target=\"_blank\" rel=\"noopener\">em agosto do ano passado<\/a>), e do irm\u00e3o dele, Fl\u00e1vio Gabriel Pac\u00edfico dos Santos, conhecido como Binho do Quilombo, em 2017. \u201cA gente fica com esse sentimento que precisou haver derramamento de sangue para ter essa titula\u00e7\u00e3o\u201d.<\/p>\n<p>O filho defende que o reconhecimento e a delimita\u00e7\u00e3o da \u00e1rea do quilombo brindou a comunidade, que, segundo testemunha, vem sofrendo com a especula\u00e7\u00e3o imobili\u00e1ria e com crimes ambientais. \u201cTitula\u00e7\u00e3o \u00e9 garantia de direitos, de agricultura familiar, de esporte, cultura, lazer e sa\u00fade\u201d, exemplifica.\u00a0<\/p>\n<h2>Seguran\u00e7a<\/h2>\n<p>Apesar da boa not\u00edcia desta segunda, o filho de <a href=\"https:\/\/agenciabrasil.ebc.com.br\/tags\/mae-bernadete\" target=\"_blank\" rel=\"noopener\">M\u00e3e Bernadete<\/a> se queixa da falta de respostas para os assassinatos do irm\u00e3o e da m\u00e3e. Em novembro do ano passado, o Minist\u00e9rio P\u00fablico da Bahia (MP-BA) denunciou cinco pessoas investigadas por suspeita de participa\u00e7\u00e3o no assassinato de Maria Bernadete Pac\u00edfico Moreira, l\u00edder do Quilombo Pitanga de Palmares, localizado entre as cidades de Sim\u00f5es Filho e Candeias, na regi\u00e3o metropolitana de Salvador. \u201cAs perguntas que n\u00e3o querem calar: quem mandou matar Binho do Quilombo e quais foram os motivos para a M\u00e3e Bernadete?\u201d<\/p>\n<p>Pac\u00edfico entende que a titula\u00e7\u00e3o d\u00e1 autonomia\u00a0\u00e0\u00a0comunidade e garante, com isso,\u00a0 mais conforto, seguran\u00e7a, capacidade de desenvolver a cultura local, a educa\u00e7\u00e3o e a agricultura familiar. \u201cTitular \u00e9 sin\u00f4nimo de seguran\u00e7a e de prosperidade\u201d, avalia.<\/p>\n<p>A decis\u00e3o do reconhecimento de terras delimita as \u00e1reas privadas que integram o Pitanga de Palmares, de acordo com o Relat\u00f3rio T\u00e9cnico de Identifica\u00e7\u00e3o e Delimita\u00e7\u00e3o (RTID). Com a portaria, o Incra entra na fase de desapropria\u00e7\u00e3o das propriedades particulares. S\u00e3o preparadas as documenta\u00e7\u00f5es necess\u00e1rias desses im\u00f3veis rurais para envio \u00e0 presid\u00eancia da Rep\u00fablica para as desapropria\u00e7\u00f5es por interesse social.<\/p>\n<\/p><\/div>\n<p><br \/>\n<br \/><a href=\"https:\/\/agenciabrasil.ebc.com.br\/geral\/noticia\/2024-04\/era-sonho-dela-diz-filho-de-mae-bernadete-apos-delimitacao-de-terras\" rel=\"noopener\">Ag\u00eancia Brasil<\/a><\/p>\n","protected":false},"excerpt":{"rendered":"<p>Uma mistura de felicidade e frustra\u00e7\u00e3o. Foi assim que Jurandir Wellington Pac\u00edfico, filho da l\u00edder quilombola M\u00e3e Bernadete, definiu, nesta segunda-feira (8) o sentimento dele e de toda a comunidade Pitanga dos Palmares, na cidade de Sim\u00f5es Filho (BA), ao receber a not\u00edcia de reconhecimento de terras pelo governo federal, com a delimita\u00e7\u00e3o da \u00e1rea [&hellip;]<\/p>\n","protected":false},"author":1,"featured_media":1224,"comment_status":"open","ping_status":"open","sticky":false,"template":"","format":"standard","meta":{"_jetpack_newsletter_access":"","_jetpack_dont_email_post_to_subs":false,"_jetpack_newsletter_tier_id":0,"_jetpack_memberships_contains_paywalled_content":false,"_mbp_banners":[],"_jetpack_feature_clip_id":0,"_jetpack_memberships_contains_paid_content":false,"footnotes":"","jetpack_publicize_message":"","jetpack_publicize_feature_enabled":true,"jetpack_social_post_already_shared":true,"jetpack_social_options":{"image_generator_settings":{"template":"highway","default_image_id":0,"font":"","enabled":false},"version":2},"jetpack_post_was_ever_published":false},"categories":[1],"tags":[],"class_list":["post-1223","post","type-post","status-publish","format-standard","has-post-thumbnail","category-geral"],"jetpack_publicize_connections":[],"jetpack-related-posts":[],"jetpack_shortlink":"https:\/\/wp.me\/p7Eq1F-jJ","jetpack_sharing_enabled":true,"jetpack_featured_media_url":"https:\/\/i0.wp.com\/guialimeira.com.br\/news\/wp-content\/uploads\/2024\/04\/19082023-a5437bfa-4394-44cf-8239-ec719da5e390.jpg?fit=1600%2C800&ssl=1","_links":{"self":[{"href":"https:\/\/guialimeira.com.br\/news\/wp-json\/wp\/v2\/posts\/1223","targetHints":{"allow":["GET"]}}],"collection":[{"href":"https:\/\/guialimeira.com.br\/news\/wp-json\/wp\/v2\/posts"}],"about":[{"href":"https:\/\/guialimeira.com.br\/news\/wp-json\/wp\/v2\/types\/post"}],"author":[{"embeddable":true,"href":"https:\/\/guialimeira.com.br\/news\/wp-json\/wp\/v2\/users\/1"}],"replies":[{"embeddable":true,"href":"https:\/\/guialimeira.com.br\/news\/wp-json\/wp\/v2\/comments?post=1223"}],"version-history":[{"count":0,"href":"https:\/\/guialimeira.com.br\/news\/wp-json\/wp\/v2\/posts\/1223\/revisions"}],"wp:featuredmedia":[{"embeddable":true,"href":"https:\/\/guialimeira.com.br\/news\/wp-json\/wp\/v2\/media\/1224"}],"wp:attachment":[{"href":"https:\/\/guialimeira.com.br\/news\/wp-json\/wp\/v2\/media?parent=1223"}],"wp:term":[{"taxonomy":"category","embeddable":true,"href":"https:\/\/guialimeira.com.br\/news\/wp-json\/wp\/v2\/categories?post=1223"},{"taxonomy":"post_tag","embeddable":true,"href":"https:\/\/guialimeira.com.br\/news\/wp-json\/wp\/v2\/tags?post=1223"}],"curies":[{"name":"wp","href":"https:\/\/api.w.org\/{rel}","templated":true}]}}