{"id":12229,"date":"2024-08-13T15:33:00","date_gmt":"2024-08-13T18:33:00","guid":{"rendered":"https:\/\/guialimeira.com.br\/2024\/08\/13\/lula-e-governador-da-provincia-da-argentina-conversam-sobre-cooperacao\/"},"modified":"2024-08-13T15:33:00","modified_gmt":"2024-08-13T18:33:00","slug":"lula-e-governador-da-provincia-da-argentina-conversam-sobre-cooperacao","status":"publish","type":"post","link":"https:\/\/guialimeira.com.br\/news\/lula-e-governador-da-provincia-da-argentina-conversam-sobre-cooperacao\/","title":{"rendered":"Lula e governador da prov\u00edncia da Argentina conversam sobre coopera\u00e7\u00e3o"},"content":{"rendered":"<p> <br \/>\n<\/p>\n<div>\n<p>O presidente Luiz In\u00e1cio Lula da Silva recebeu, nesta ter\u00e7a-feira (13), o governador da prov\u00edncia argentina de Buenos Aires, Axel Kicillof. Na reuni\u00e3o, no Pal\u00e1cio do Planalto, os dois conversaram sobre as possibilidades de coopera\u00e7\u00e3o e investimento entre a prov\u00edncia (que corresponde aos estados no Brasil) e o governo e as empresas brasileiras.<img data-recalc-dims=\"1\" decoding=\"async\" src=\"https:\/\/i0.wp.com\/agenciabrasil.ebc.com.br\/ebc.png?w=696&#038;ssl=1\" style=\"width:1px; height:1px; display:inline;\"\/><img data-recalc-dims=\"1\" decoding=\"async\" src=\"https:\/\/i0.wp.com\/agenciabrasil.ebc.com.br\/ebc.gif?w=696&#038;ssl=1\" style=\"width:1px; height:1px; display:inline;\"\/><\/p>\n<p>\u201cN\u00f3s trouxemos propostas de investimento. Voc\u00eas sabem que as empresas brasileiras que atuam no territ\u00f3rio argentino o fazem, proporcionalmente, em maior grau, na prov\u00edncia de Buenos Aires. A prov\u00edncia de Buenos Aires representa cerca de 40% da produ\u00e7\u00e3o total da Argentina, mas tamb\u00e9m representa 50% do produto industrial da Argentina\u201d, disse Kicillof ap\u00f3s a reuni\u00e3o com Lula.<\/p>\n<p>Participaram do encontro o ministro da Fazenda, Fernando Haddad, e o assessor especial da Presid\u00eancia para assuntos internacionais, Celso Amorim. Mais cedo, Kicillof tamb\u00e9m se reuniu com o vice-presidente e ministro do Desenvolvimento, Ind\u00fastria, Com\u00e9rcio e Servi\u00e7o, Geraldo Alckmin.<\/p>\n<p>O governador da prov\u00edncia de Buenos Aires \u00e9 um dos principais opositores pol\u00edticos locais do presidente da Argentina, Javier Milei. Kicillof foi ministro da economia do governo da presidente Cristina Kirchner e se reelegeu para o cargo de governador no ano passado em primeiro turno.<\/p>\n<p>\u201cDurante meu mandato anterior visitei S\u00e3o Paulo, acompanhamos empresas argentinas, ent\u00e3o falamos sobre essa experi\u00eancia, vemos muitas oportunidades e cremos fortemente que a chave, ent\u00e3o, para cada um dos nossos pa\u00edses, ou uma das chaves mais importantes, est\u00e1 na integra\u00e7\u00e3o regional\u201d, disse, refor\u00e7ando o interesse de estreitar v\u00ednculos com os setores produtivos do Brasil.<\/p>\n<p>\u201cViemos refor\u00e7ar e assegurar essa porta para a articula\u00e7\u00e3o, para a colabora\u00e7\u00e3o, para a coopera\u00e7\u00e3o e para os resultados que vamos ver com o passar do tempo\u201d, acrescentou Kicillof, que tem grande interesse em coopera\u00e7\u00e3o nas \u00e1reas de energia e petr\u00f3leo e nas possibilidades de investimento na ind\u00fastria de g\u00e1s da prov\u00edncia.<\/p>\n<div class=\"dnd-widget-wrapper context-cheio_8colunas type-image\">\n<div class=\"dnd-atom-rendered\"><!-- scald=395770:cheio_8colunas --><\/p>\n<div class=\"shadow overflow-hidden rounded-lg d-block w-100\">\n            <img data-recalc-dims=\"1\" decoding=\"async\" src=\"https:\/\/i0.wp.com\/agenciabrasil.ebc.com.br\/sites\/default\/files\/thumbnails\/image\/loading_v2.gif?w=696&#038;ssl=1\" data-echo=\"https:\/\/imagens.ebc.com.br\/eZbQHEO3R2P8eLjI2j-6Wk5V5iY=\/754x0\/smart\/https:\/\/agenciabrasil.ebc.com.br\/sites\/default\/files\/thumbnails\/image\/2024\/08\/13\/lula-e-axel-kicillof_mcamgo_abr_13082024-3.jpg?itok=3njvzsJH\" alt=\"Bras\u00edlia (DF), 13\/08\/2024 - O presidente Luiz In\u00e1cio Lula da Silva recebe o governador da prov\u00edncia de Buenos Aires, Axel Kicillof, no Pal\u00e1cio do Planalto. Foto: Marcelo Camargo\/Ag\u00eancia Brasil\" title=\"Marcelo Camargo\/Ag\u00eancia Brasil\" class=\"flex-fill img-cover\"\/><br \/>\n        <img data-recalc-dims=\"1\" decoding=\"async\" src=\"https:\/\/i0.wp.com\/imagens.ebc.com.br\/eZbQHEO3R2P8eLjI2j-6Wk5V5iY%3D\/754x0\/smart\/https%3A\/\/agenciabrasil.ebc.com.br\/sites\/default\/files\/thumbnails\/image\/2024\/08\/13\/lula-e-axel-kicillof_mcamgo_abr_13082024-3.jpg?w=696&#038;ssl=1\" alt=\"Bras\u00edlia (DF), 13\/08\/2024 - O presidente Luiz In\u00e1cio Lula da Silva recebe o governador da prov\u00edncia de Buenos Aires, Axel Kicillof, no Pal\u00e1cio do Planalto. Foto: Marcelo Camargo\/Ag\u00eancia Brasil\" title=\"Marcelo Camargo\/Ag\u00eancia Brasil\" class=\"flex-fill img-cover\"\/>\n    <\/div>\n<p><!-- END scald=395770 --><\/div>\n<p><h6 class=\"meta\"><!--copyright=395770-->Lula recebe o governador da prov\u00edncia de Buenos Aires, Axel Kicillof, no Pal\u00e1cio do Planalto \u2013 <strong>Marcelo Camargo\/Ag\u00eancia Brasil<\/strong><!--END copyright=395770--><\/h6>\n<\/p>\n<\/div>\n<p>O governador disse, ainda, ser favor\u00e1vel \u00e0 entrada e perman\u00eancia da Argentina no Brics, grupo de na\u00e7\u00f5es emergentes formado por Brasil, R\u00fassia, \u00cdndia, China e \u00c1frica do Sul e que, em janeiro de 2024, <a href=\"https:\/\/agenciabrasil.ebc.com.br\/internacional\/noticia\/2023-08\/seis-novos-paises-integrarao-o-brics-partir-de-janeiro-de-2024\" target=\"_blank\" rel=\"noopener\">passou a contar com<\/a> Egito, Eti\u00f3pia, Ar\u00e1bia Saudita, Ir\u00e3 e Emirados \u00c1rabes Unidos.<\/p>\n<p>A Argentina tamb\u00e9m foi aceita para integrar o bloco, mas, antes mesmo do acordo entrar em vigor, Javier <a href=\"https:\/\/agenciabrasil.ebc.com.br\/internacional\/noticia\/2023-12\/milei-anuncia-que-argentina-nao-participara-do-brics\" target=\"_blank\" rel=\"noopener\">Milei anunciou a desist\u00eancia<\/a> da ades\u00e3o.<\/p>\n<p>\u201cLula tem um papel regional e dentro dos Brics muito importante, um papel internacional muito importante, e me parece que, nesse sentido, nos ilumina e nos d\u00e1 uma perspectiva com rela\u00e7\u00e3o \u00e0s possibilidades, que n\u00e3o s\u00e3o simplesmente alian\u00e7as vinculadas a posicionamentos pol\u00edticos e ideol\u00f3gicos, mas ao que mais conv\u00e9m para o pa\u00eds\u201d, disse.<\/p>\n<p>Kicillof falou tamb\u00e9m sobre a situa\u00e7\u00e3o da Argentina sob o governo de Javier Milei e se queixou sobre interrup\u00e7\u00e3o de repasse de recursos para as prov\u00edncias, previstos em lei, corte de investimentos em programas de governo, interrup\u00e7\u00e3o de obras p\u00fablicas e redu\u00e7\u00e3o de aposentadorias.<\/p>\n<\/p><\/div>\n<p><br \/>\n<br \/><a href=\"https:\/\/agenciabrasil.ebc.com.br\/internacional\/noticia\/2024-08\/lula-e-governador-da-provincia-da-argentina-conversam-sobre-cooperacao\" rel=\"noopener\">Ag\u00eancia Brasil <\/a><\/p>\n","protected":false},"excerpt":{"rendered":"<p>O presidente Luiz In\u00e1cio Lula da Silva recebeu, nesta ter\u00e7a-feira (13), o governador da prov\u00edncia argentina de Buenos Aires, Axel Kicillof. Na reuni\u00e3o, no Pal\u00e1cio do Planalto, os dois conversaram sobre as possibilidades de coopera\u00e7\u00e3o e investimento entre a prov\u00edncia (que corresponde aos estados no Brasil) e o governo e as empresas brasileiras. \u201cN\u00f3s trouxemos [&hellip;]<\/p>\n","protected":false},"author":1,"featured_media":12230,"comment_status":"open","ping_status":"open","sticky":false,"template":"","format":"standard","meta":{"_jetpack_newsletter_access":"","_jetpack_dont_email_post_to_subs":false,"_jetpack_newsletter_tier_id":0,"_jetpack_memberships_contains_paywalled_content":false,"_mbp_banners":[],"_jetpack_feature_clip_id":0,"_jetpack_memberships_contains_paid_content":false,"footnotes":"","jetpack_publicize_message":"","jetpack_publicize_feature_enabled":true,"jetpack_social_post_already_shared":true,"jetpack_social_options":{"image_generator_settings":{"template":"highway","default_image_id":0,"font":"","enabled":false},"version":2},"jetpack_post_was_ever_published":false},"categories":[25],"tags":[],"class_list":["post-12229","post","type-post","status-publish","format-standard","has-post-thumbnail","category-internacional"],"jetpack_publicize_connections":[],"jetpack-related-posts":[],"jetpack_shortlink":"https:\/\/wp.me\/p7Eq1F-3bf","jetpack_sharing_enabled":true,"jetpack_featured_media_url":"https:\/\/i0.wp.com\/guialimeira.com.br\/news\/wp-content\/uploads\/2024\/08\/lula-e-axel-kicillof_mcamgo_abr_13082024-8.jpg?fit=1600%2C800&ssl=1","_links":{"self":[{"href":"https:\/\/guialimeira.com.br\/news\/wp-json\/wp\/v2\/posts\/12229","targetHints":{"allow":["GET"]}}],"collection":[{"href":"https:\/\/guialimeira.com.br\/news\/wp-json\/wp\/v2\/posts"}],"about":[{"href":"https:\/\/guialimeira.com.br\/news\/wp-json\/wp\/v2\/types\/post"}],"author":[{"embeddable":true,"href":"https:\/\/guialimeira.com.br\/news\/wp-json\/wp\/v2\/users\/1"}],"replies":[{"embeddable":true,"href":"https:\/\/guialimeira.com.br\/news\/wp-json\/wp\/v2\/comments?post=12229"}],"version-history":[{"count":0,"href":"https:\/\/guialimeira.com.br\/news\/wp-json\/wp\/v2\/posts\/12229\/revisions"}],"wp:featuredmedia":[{"embeddable":true,"href":"https:\/\/guialimeira.com.br\/news\/wp-json\/wp\/v2\/media\/12230"}],"wp:attachment":[{"href":"https:\/\/guialimeira.com.br\/news\/wp-json\/wp\/v2\/media?parent=12229"}],"wp:term":[{"taxonomy":"category","embeddable":true,"href":"https:\/\/guialimeira.com.br\/news\/wp-json\/wp\/v2\/categories?post=12229"},{"taxonomy":"post_tag","embeddable":true,"href":"https:\/\/guialimeira.com.br\/news\/wp-json\/wp\/v2\/tags?post=12229"}],"curies":[{"name":"wp","href":"https:\/\/api.w.org\/{rel}","templated":true}]}}