{"id":12220,"date":"2024-08-13T13:25:05","date_gmt":"2024-08-13T16:25:05","guid":{"rendered":"https:\/\/guialimeira.com.br\/2024\/08\/13\/saude-investiga-oito-casos-de-transmissao-vertical-de-oropouche\/"},"modified":"2024-08-13T13:25:05","modified_gmt":"2024-08-13T16:25:05","slug":"saude-investiga-oito-casos-de-transmissao-vertical-de-oropouche","status":"publish","type":"post","link":"https:\/\/guialimeira.com.br\/news\/saude-investiga-oito-casos-de-transmissao-vertical-de-oropouche\/","title":{"rendered":"Sa\u00fade investiga oito casos de transmiss\u00e3o vertical de Oropouche"},"content":{"rendered":"<p> <br \/>\n<\/p>\n<div>\n<p>O Minist\u00e9rio da Sa\u00fade investiga pelo menos oito casos de transmiss\u00e3o vertical da febre do Oropouche. Nesses casos, a infec\u00e7\u00e3o \u00e9 passada da m\u00e3e para o beb\u00ea, durante a gesta\u00e7\u00e3o ou mesmo no parto.<img data-recalc-dims=\"1\" decoding=\"async\" src=\"https:\/\/i0.wp.com\/agenciabrasil.ebc.com.br\/ebc.png?w=696&#038;ssl=1\" style=\"width:1px; height:1px; display:inline;\"\/><img data-recalc-dims=\"1\" decoding=\"async\" src=\"https:\/\/i0.wp.com\/agenciabrasil.ebc.com.br\/ebc.gif?w=696&#038;ssl=1\" style=\"width:1px; height:1px; display:inline;\"\/><\/p>\n<p>Os casos em investiga\u00e7\u00e3o foram registrados em Pernambuco, na Bahia e no Acre. Segundo a pasta, metade dos beb\u00eas nasceu com anomalias cong\u00eanitas, como microcefalia, enquanto a outra metade morreu.<\/p>\n<h2>Cear\u00e1<\/h2>\n<p>Nesta segunda-feira (12), a Secretaria de Sa\u00fade do Cear\u00e1 informou que investiga um \u00f3bito fetal que pode estar associado \u00e0 infec\u00e7\u00e3o por febre do Oropouche. A secret\u00e1ria de Sa\u00fade do estado, T\u00e2nia Coelho, disse que o \u00f3bito foi registrado no \u00faltimo fim de semana.<\/p>\n<p>A gestante, segundo a secret\u00e1ria, tem 40 anos de idade, \u00e9 residente de Baturit\u00e9, mas foi atendida no munic\u00edpio de Capistrano. T\u00e2nia Coelho explicou que 60% das doen\u00e7as infecciosas registradas em humanos s\u00e3o causadas por animais, incluindo o mosquito, e destacou a import\u00e2ncia de um plano de a\u00e7\u00e3o.<\/p>\n<h2>Acre<\/h2>\n<p>Na quinta-feira (8), o minist\u00e9rio registrou, no Acre, um caso de beb\u00ea nascido com anomalias cong\u00eanitas associadas \u00e0 transmiss\u00e3o vertical de febre do Oropouche. Em nota, a pasta informou que o rec\u00e9m-nascido morreu na semana anterior, aos 47 dias de vida.<\/p>\n<p>A m\u00e3e da crian\u00e7a, de 33 anos de idade, havia apresentado erup\u00e7\u00f5es cut\u00e2neas e febre no segundo m\u00eas de gravidez. Exames laboratoriais feitos no p\u00f3s-parto acusaram resultado positivo para o v\u00edrus Oropouche.<\/p>\n<p>\u201cExames realizados nos laborat\u00f3rios do Instituto Evandro Chagas, em Bel\u00e9m, apontaram a exist\u00eancia de material gen\u00e9tico do v\u00edrus em diferentes tecidos do beb\u00ea, que nasceu com microcefalia, malforma\u00e7\u00e3o das articula\u00e7\u00f5es e outras anomalias cong\u00eanitas. A an\u00e1lise tamb\u00e9m descartou outras hip\u00f3teses diagn\u00f3sticas\u201d, informou o minist\u00e9rio no comunicado.<\/p>\n<p>A correla\u00e7\u00e3o direta da contamina\u00e7\u00e3o vertical por febre do Oropouche com as anomalias, segundo a pasta, ainda precisa de \u201cinvestiga\u00e7\u00e3o mais aprofundada\u201d, que vem sendo acompanhada pelo governo federal e pela Secretaria de Sa\u00fade do Acre.<\/p>\n<h2>A doen\u00e7a<\/h2>\n<p>A febre do Oropouche \u00e9 uma doen\u00e7a transmitida pelo Culicoides paraensis, conhecido como maruim ou mosquito-p\u00f3lvora. Por causa da predile\u00e7\u00e3o do mosquito por materiais org\u00e2nicos, a recomenda\u00e7\u00e3o \u00e9 que a popula\u00e7\u00e3o mantenha os quintais limpos, evitando o ac\u00famulo de folhas e lixo org\u00e2nico dom\u00e9stico, al\u00e9m de usar roupas compridas e sapatos fechados em locais com muitos insetos.<\/p>\n<h2>N\u00fameros<\/h2>\n<p>Dados do minist\u00e9rio indicam que, at\u00e9 6 de agosto, foram registrados 7.497 casos de febre do Oropouche em 23 estados. A maior parte foi identificada no Amazonas e em Rond\u00f4nia. At\u00e9 o momento, duas mortes foram confirmadas na Bahia e um \u00f3bito em Santa Catarina est\u00e1 em investiga\u00e7\u00e3o.<\/p>\n<\/p><\/div>\n<p><br \/>\n<br \/><a href=\"https:\/\/agenciabrasil.ebc.com.br\/saude\/noticia\/2024-08\/saude-investiga-oito-casos-de-transmissao-vertical-de-oropouche\" rel=\"noopener\">Ag\u00eancia Brasil <\/a><\/p>\n","protected":false},"excerpt":{"rendered":"<p>O Minist\u00e9rio da Sa\u00fade investiga pelo menos oito casos de transmiss\u00e3o vertical da febre do Oropouche. Nesses casos, a infec\u00e7\u00e3o \u00e9 passada da m\u00e3e para o beb\u00ea, durante a gesta\u00e7\u00e3o ou mesmo no parto. Os casos em investiga\u00e7\u00e3o foram registrados em Pernambuco, na Bahia e no Acre. Segundo a pasta, metade dos beb\u00eas nasceu com [&hellip;]<\/p>\n","protected":false},"author":1,"featured_media":11630,"comment_status":"open","ping_status":"open","sticky":false,"template":"","format":"standard","meta":{"_jetpack_newsletter_access":"","_jetpack_dont_email_post_to_subs":false,"_jetpack_newsletter_tier_id":0,"_jetpack_memberships_contains_paywalled_content":false,"_mbp_banners":[],"_jetpack_feature_clip_id":0,"_jetpack_memberships_contains_paid_content":false,"footnotes":"","jetpack_publicize_message":"","jetpack_publicize_feature_enabled":true,"jetpack_social_post_already_shared":true,"jetpack_social_options":{"image_generator_settings":{"template":"highway","default_image_id":0,"font":"","enabled":false},"version":2},"jetpack_post_was_ever_published":false},"categories":[15],"tags":[],"class_list":["post-12220","post","type-post","status-publish","format-standard","has-post-thumbnail","category-saude"],"jetpack_publicize_connections":[],"jetpack-related-posts":[],"jetpack_shortlink":"https:\/\/wp.me\/p7Eq1F-3b6","jetpack_sharing_enabled":true,"jetpack_featured_media_url":"https:\/\/i0.wp.com\/guialimeira.com.br\/news\/wp-content\/uploads\/2024\/08\/mosquito_maruim_.jpg?fit=1600%2C800&ssl=1","_links":{"self":[{"href":"https:\/\/guialimeira.com.br\/news\/wp-json\/wp\/v2\/posts\/12220","targetHints":{"allow":["GET"]}}],"collection":[{"href":"https:\/\/guialimeira.com.br\/news\/wp-json\/wp\/v2\/posts"}],"about":[{"href":"https:\/\/guialimeira.com.br\/news\/wp-json\/wp\/v2\/types\/post"}],"author":[{"embeddable":true,"href":"https:\/\/guialimeira.com.br\/news\/wp-json\/wp\/v2\/users\/1"}],"replies":[{"embeddable":true,"href":"https:\/\/guialimeira.com.br\/news\/wp-json\/wp\/v2\/comments?post=12220"}],"version-history":[{"count":0,"href":"https:\/\/guialimeira.com.br\/news\/wp-json\/wp\/v2\/posts\/12220\/revisions"}],"wp:featuredmedia":[{"embeddable":true,"href":"https:\/\/guialimeira.com.br\/news\/wp-json\/wp\/v2\/media\/11630"}],"wp:attachment":[{"href":"https:\/\/guialimeira.com.br\/news\/wp-json\/wp\/v2\/media?parent=12220"}],"wp:term":[{"taxonomy":"category","embeddable":true,"href":"https:\/\/guialimeira.com.br\/news\/wp-json\/wp\/v2\/categories?post=12220"},{"taxonomy":"post_tag","embeddable":true,"href":"https:\/\/guialimeira.com.br\/news\/wp-json\/wp\/v2\/tags?post=12220"}],"curies":[{"name":"wp","href":"https:\/\/api.w.org\/{rel}","templated":true}]}}