{"id":12173,"date":"2024-08-12T15:07:35","date_gmt":"2024-08-12T18:07:35","guid":{"rendered":"https:\/\/guialimeira.com.br\/?p=12173"},"modified":"2024-08-12T15:07:37","modified_gmt":"2024-08-12T18:07:37","slug":"suzano-incentiva-aleitamento-materno-e-promove-cuidados-para-maes-e-gestantes","status":"publish","type":"post","link":"https:\/\/guialimeira.com.br\/news\/suzano-incentiva-aleitamento-materno-e-promove-cuidados-para-maes-e-gestantes\/","title":{"rendered":"Suzano incentiva aleitamento materno e promove cuidados para m\u00e3es e gestantes"},"content":{"rendered":"\n<p class=\"wp-block-paragraph\"><em>Na unidade de Limeira, colaboradoras na fase do puerp\u00e9rio contam com <\/em><em>sala<\/em><em> de apoio \u00e0 amamenta\u00e7\u00e3o e acompanhamento de enfermagem e nutri\u00e7\u00e3o<\/em><\/p>\n\n\n\n<p class=\"wp-block-paragraph\">No m\u00eas dedicado \u00e0 conscientiza\u00e7\u00e3o sobre a import\u00e2ncia do aleitamento materno, a Suzano, maior produtora mundial de celulose e refer\u00eancia global na fabrica\u00e7\u00e3o de bioprodutos desenvolvidos a partir do eucalipto, destaca a promo\u00e7\u00e3o de diversas iniciativas de apoio \u00e0s colaboradoras lactantes e gestantes. Entre as iniciativas, que fazem parte do programa Suzano Faz Bem, est\u00e3o as salas de apoio \u00e0 amamenta\u00e7\u00e3o, presentes em todas as unidades da Suzano no Estado de S\u00e3o Paulo.<\/p>\n\n\n\n<p class=\"wp-block-paragraph\">O incentivo \u00e0 amamenta\u00e7\u00e3o \u00e9 uma das principais a\u00e7\u00f5es da empresa na aten\u00e7\u00e3o e cuidado com as colaboradoras lactantes e ocorre por meio de espa\u00e7os onde elas podem retirar e armazenar o leite de maneira confort\u00e1vel, segura e adequada. Na unidade de Limeira, a sala \u00e9 equipada com uma poltrona, equipamentos para auxiliar na retirada do leite e um freezer para o armazenamento na temperatura correta.<\/p>\n\n\n\n<p class=\"wp-block-paragraph\">\u201cUma das maiores preocupa\u00e7\u00f5es das mulheres m\u00e3es quando retornam ao trabalho \u00e9 a quest\u00e3o da continuidade da amamenta\u00e7\u00e3o. Na Suzano, acreditamos que \u00e9 fundamental gerar e compartilhar valor, por isso pensando na sa\u00fade e bem-estar dessas mulheres e de seus filhos(as), procuramos dar todo o suporte para que nossas colaboradoras consigam continuar amamentando seus beb\u00eas, mesmo ap\u00f3s retornar \u00e0s atividades profissionais. Nosso objetivo \u00e9 criar condi\u00e7\u00f5es e contribuir para que esse retorno seja o mais tranquilo e confort\u00e1vel para nossas colaboradoras que tamb\u00e9m s\u00e3o m\u00e3es\u201d, afirma Marcelo de Mello, diretor de Seguran\u00e7a, Sa\u00fade, Qualidade de Vida e Facilities da Suzano.&nbsp;&nbsp;&nbsp;<\/p>\n\n\n\n<p class=\"wp-block-paragraph\">Denise Alegrette, coordenadora de Qualidade de Vida e respons\u00e1vel pelo Programa Faz Bem, refor\u00e7a o olhar da Suzano para o bem-estar dos(as) colaboradores(as), em especial as gestantes. \u201cNossa \u00e1rea de sa\u00fade e qualidade de vida tem o prop\u00f3sito de incentivar o cuidado saud\u00e1vel com a mam\u00e3e e o beb\u00ea. Acompanhamos todo o processo gestacional com suporte nutricional, enfermagem e obstetr\u00edcia, psicol\u00f3gico e f\u00edsico, e n\u00e3o seria diferente no retorno presencial. Ent\u00e3o, pensando na continuidade do cuidado nutricional do beb\u00ea, preparamos um espa\u00e7o todo voltado para o conforto da mam\u00e3e em todas as nossas unidades. Al\u00e9m disso, temos tamb\u00e9m rodas de conversa, como as que est\u00e3o sendo realizadas durante o m\u00eas de agosto, com objetivo de trazer mais informa\u00e7\u00e3o sobre o aleitamento materno\u201d, cita.<\/p>\n\n\n\n<p class=\"wp-block-paragraph\">Al\u00e9m de todos os benef\u00edcios e apoio oferecidos pela Suzano, as colaboradoras gestantes recebem um kit maternidade e um kit amamenta\u00e7\u00e3o, composto por frasqueira t\u00e9rmica, adaptador e frascos,&nbsp;tudo para auxiliar no armazenamento do leite materno. Estas a\u00e7\u00f5es est\u00e3o alinhadas ao compromisso da empresa em promover a equidade de g\u00eanero no ambiente de trabalho.<\/p>\n\n\n\n<p class=\"wp-block-paragraph\">A colaboradora Marcela Passucci Fernandes, analista de Log\u00edstica Pleno, utilizou por bastante tempo a sala de apoio \u00e0 amamenta\u00e7\u00e3o da unidade Limeira e destaca a import\u00e2ncia do espa\u00e7o. Ela \u00e9 m\u00e3e da pequena Isis Maria, que atualmente tem 1 ano e 9 meses e considera essa estrutura um grande diferencial da empresa. \u201cLogo no meu retorno da licen\u00e7a, houve a inaugura\u00e7\u00e3o da Sala de Amamenta\u00e7\u00e3o e foi excelente ter esse espa\u00e7o de privacidade e apoio para que eu continuasse amamentando e mantendo essa conex\u00e3o com a minha filha. Por meio dessa iniciativa da Suzano, tive acesso direto \u00e0 sala de amamenta\u00e7\u00e3o, com todo o kit disponibilizado, e isso me ajudou muito nesse processo. Amamentei minha filha at\u00e9 1 ano e 4 meses\u201d, conta.<\/p>\n\n\n\n<p class=\"wp-block-paragraph\">Marcela acredita que com essa iniciativa as mulheres m\u00e3es conseguem ter mais seguran\u00e7a e tranquilidade no momento delicado do retorno ao trabalho, ap\u00f3s o per\u00edodo de licen\u00e7a maternidade. \u201cVejo como um grande diferencial termos a Sala de Amamenta\u00e7\u00e3o na unidade, pois muitas amigas minhas que trabalham em outras empresas acabam desmamando antecipadamente por falta&nbsp;de&nbsp;suporte\u201d, comenta.<\/p>\n\n\n\n<p class=\"wp-block-paragraph\">Hoje, a colaboradora j\u00e1 n\u00e3o utiliza mais o espa\u00e7o, mas garante que guarda boas mem\u00f3rias do tempo em que frequentou o local. \u201cFoi um espa\u00e7o importante e de acolhida, que contribuiu positivamente para que eu conseguisse manter minha rotina de trabalho e tamb\u00e9m tivesse tranquilidade para me dedicar a essa fun\u00e7\u00e3o essencial da maternidade que \u00e9 a de amamentar\u201d, diz.<\/p>\n\n\n\n<p class=\"wp-block-paragraph\">De acordo com a recomenda\u00e7\u00e3o da Organiza\u00e7\u00e3o Mundial da Sa\u00fade (OMS), os beb\u00eas devem ser alimentados exclusivamente com leite materno at\u00e9 os seis meses de idade. Al\u00e9m disso, mesmo ap\u00f3s a introdu\u00e7\u00e3o dos primeiros alimentos s\u00f3lidos, o ideal \u00e9 que a amamenta\u00e7\u00e3o continue at\u00e9, pelo menos, os dois anos de idade.<\/p>\n\n\n\n<p class=\"wp-block-paragraph\"><strong>Benef\u00edcios<\/strong><\/p>\n\n\n\n<p class=\"wp-block-paragraph\">Al\u00e9m das salas de apoio ao aleitamento materno, a Suzano oferece outros benef\u00edcios para as colaboradoras que s\u00e3o m\u00e3es, entre eles o acompanhamento com enfermeira obstetra e nutricionista nos per\u00edodos de gesta\u00e7\u00e3o e puerp\u00e9rio, a licen\u00e7a-maternidade estendida de seis meses, o aux\u00edlio-creche e o aux\u00edlio para filho com defici\u00eancia. Os colaboradores que s\u00e3o pais podem ter a licen\u00e7a-paternidade estendida para 20 dias.<\/p>\n\n\n\n<p class=\"wp-block-paragraph\"><strong>Sobre a Suzano<\/strong><\/p>\n\n\n\n<p class=\"wp-block-paragraph\">A Suzano \u00e9 a maior produtora mundial de celulose, uma das maiores produtoras de pap\u00e9is da Am\u00e9rica Latina, l\u00edder no segmento de papel higi\u00eanico no Brasil e refer\u00eancia no desenvolvimento de solu\u00e7\u00f5es sustent\u00e1veis e inovadoras a partir de mat\u00e9ria-prima de fonte renov\u00e1vel. Nossos produtos e solu\u00e7\u00f5es est\u00e3o presentes na vida de mais de 2 bilh\u00f5es de pessoas, abastecem mais de 100 pa\u00edses e incluem celulose, pap\u00e9is para imprimir e escrever, pap\u00e9is para embalagens, copos e canudos, pap\u00e9is sanit\u00e1rios e produtos absorventes, al\u00e9m de novos bioprodutos desenvolvidos para atender a demanda global. A inova\u00e7\u00e3o e a sustentabilidade orientam nosso prop\u00f3sito de \u201cRenovar a vida a partir da \u00e1rvore\u201d e nosso trabalho no enfrentamento dos desafios da sociedade e do planeta. Com 100 anos de hist\u00f3ria, temos a\u00e7\u00f5es nas bolsas do Brasil (SUZB3) e dos Estados Unidos (SUZ). Saiba mais na p\u00e1gina <a href=\"http:\/\/www.suzano.com.br\" rel=\"noopener\">www.suzano.com.br<\/a><\/p>\n","protected":false},"excerpt":{"rendered":"<p>Na unidade de Limeira, colaboradoras na fase do puerp\u00e9rio contam com sala de apoio \u00e0 amamenta\u00e7\u00e3o e acompanhamento de enfermagem e nutri\u00e7\u00e3o No m\u00eas dedicado \u00e0 conscientiza\u00e7\u00e3o sobre a import\u00e2ncia do aleitamento materno, a Suzano, maior produtora mundial de celulose e refer\u00eancia global na fabrica\u00e7\u00e3o de bioprodutos desenvolvidos a partir do eucalipto, destaca a promo\u00e7\u00e3o [&hellip;]<\/p>\n","protected":false},"author":2,"featured_media":12174,"comment_status":"open","ping_status":"open","sticky":false,"template":"","format":"standard","meta":{"_jetpack_newsletter_access":"","_jetpack_dont_email_post_to_subs":false,"_jetpack_newsletter_tier_id":0,"_jetpack_memberships_contains_paywalled_content":false,"_mbp_banners":[],"_jetpack_feature_clip_id":0,"_jetpack_memberships_contains_paid_content":false,"footnotes":"","jetpack_publicize_message":"","jetpack_publicize_feature_enabled":true,"jetpack_social_post_already_shared":true,"jetpack_social_options":{"image_generator_settings":{"template":"highway","default_image_id":0,"font":"","enabled":false},"version":2},"jetpack_post_was_ever_published":false},"categories":[1],"tags":[],"class_list":["post-12173","post","type-post","status-publish","format-standard","has-post-thumbnail","category-geral"],"jetpack_publicize_connections":[],"jetpack-related-posts":[],"jetpack_shortlink":"https:\/\/wp.me\/p7Eq1F-3al","jetpack_sharing_enabled":true,"jetpack_featured_media_url":"https:\/\/i0.wp.com\/guialimeira.com.br\/news\/wp-content\/uploads\/2024\/08\/Sala-Amamentacao.jpg?fit=1600%2C1200&ssl=1","_links":{"self":[{"href":"https:\/\/guialimeira.com.br\/news\/wp-json\/wp\/v2\/posts\/12173","targetHints":{"allow":["GET"]}}],"collection":[{"href":"https:\/\/guialimeira.com.br\/news\/wp-json\/wp\/v2\/posts"}],"about":[{"href":"https:\/\/guialimeira.com.br\/news\/wp-json\/wp\/v2\/types\/post"}],"author":[{"embeddable":true,"href":"https:\/\/guialimeira.com.br\/news\/wp-json\/wp\/v2\/users\/2"}],"replies":[{"embeddable":true,"href":"https:\/\/guialimeira.com.br\/news\/wp-json\/wp\/v2\/comments?post=12173"}],"version-history":[{"count":1,"href":"https:\/\/guialimeira.com.br\/news\/wp-json\/wp\/v2\/posts\/12173\/revisions"}],"predecessor-version":[{"id":12175,"href":"https:\/\/guialimeira.com.br\/news\/wp-json\/wp\/v2\/posts\/12173\/revisions\/12175"}],"wp:featuredmedia":[{"embeddable":true,"href":"https:\/\/guialimeira.com.br\/news\/wp-json\/wp\/v2\/media\/12174"}],"wp:attachment":[{"href":"https:\/\/guialimeira.com.br\/news\/wp-json\/wp\/v2\/media?parent=12173"}],"wp:term":[{"taxonomy":"category","embeddable":true,"href":"https:\/\/guialimeira.com.br\/news\/wp-json\/wp\/v2\/categories?post=12173"},{"taxonomy":"post_tag","embeddable":true,"href":"https:\/\/guialimeira.com.br\/news\/wp-json\/wp\/v2\/tags?post=12173"}],"curies":[{"name":"wp","href":"https:\/\/api.w.org\/{rel}","templated":true}]}}