{"id":1215,"date":"2024-04-08T18:55:43","date_gmt":"2024-04-08T21:55:43","guid":{"rendered":"https:\/\/guialimeira.com.br\/2024\/04\/08\/policial-agride-mulher-em-estacao-de-metro-em-sao-paulo\/"},"modified":"2024-04-08T18:55:43","modified_gmt":"2024-04-08T21:55:43","slug":"policial-agride-mulher-em-estacao-de-metro-em-sao-paulo","status":"publish","type":"post","link":"https:\/\/guialimeira.com.br\/news\/policial-agride-mulher-em-estacao-de-metro-em-sao-paulo\/","title":{"rendered":"Policial agride mulher em esta\u00e7\u00e3o de metr\u00f4 em S\u00e3o Paulo"},"content":{"rendered":"<p> <br \/>\n<\/p>\n<div>\n<p>Uma mulher foi agredida e acuada por um policial militar fardado, na Esta\u00e7\u00e3o da Luz, em S\u00e3o Paulo, no \u00faltimo s\u00e1bado (6). V\u00eddeos que mostram o ataque t\u00eam circulado pelas redes sociais, sobretudo em perfis de entidades e militantes da causa LGBTQIA+, desde a madrugada desta segunda-feira (8).<img data-recalc-dims=\"1\" decoding=\"async\" src=\"https:\/\/i0.wp.com\/agenciabrasil.ebc.com.br\/ebc.png?w=696&#038;ssl=1\" style=\"width:1px; height:1px; display:inline;\"\/><img data-recalc-dims=\"1\" decoding=\"async\" src=\"https:\/\/i0.wp.com\/agenciabrasil.ebc.com.br\/ebc.gif?w=696&#038;ssl=1\" style=\"width:1px; height:1px; display:inline;\"\/><\/p>\n<p>Nas imagens, \u00e9 poss\u00edvel ver a jovem no ch\u00e3o da plataforma da linha azul, encolhida, diante do policial. O agente, que permanece de p\u00e9 diante dela, desfere um tapa em seu rosto.<\/p>\n<p>&#8220;Baixa o tom [de voz]. Baixa o tom&#8221;, ordenou o policial \u00e0 v\u00edtima.\u00a0<\/p>\n<p>&#8220;V\u00e1 para fora&#8221;, acrescentou ele, que olha para a c\u00e2mera que flagrou a agress\u00e3o, enquanto passa diante dela para seguir seu caminho na plataforma.\u00a0<\/p>\n<p>&#8220;Precisa bater nas pessoas?&#8221;, indaga a v\u00edtima, ap\u00f3s a viol\u00eancia.<\/p>\n<div class=\"dnd-widget-wrapper context-cheio_8colunas type-image\">\n<div class=\"dnd-atom-rendered\"><!-- scald=379723:cheio_8colunas --><\/p>\n<div class=\"shadow overflow-hidden rounded-lg d-block w-100\">\n            <img data-recalc-dims=\"1\" decoding=\"async\" src=\"https:\/\/i0.wp.com\/agenciabrasil.ebc.com.br\/sites\/default\/files\/thumbnails\/image\/loading_v2.gif?w=696&#038;ssl=1\" data-echo=\"https:\/\/imagens.ebc.com.br\/Q5-BveqtwC5yM1kZz8QBEog4iWQ=\/754x0\/smart\/https:\/\/agenciabrasil.ebc.com.br\/sites\/default\/files\/thumbnails\/image\/2024\/04\/08\/metro2.jpg?itok=OEwb7vHD\" alt=\"Uma mulher foi agredida com um tapa no rosto por um policial militar, no s\u00e1bado (6), na esta\u00e7\u00e3o da Luz do Metr\u00f4, no Centro de S\u00e3o Paulo. As imagens gravadas por testemunhas circulam nas redes sociais. Foto: Frame\/TV Brasil\" title=\"Frame\/TV Brasil\" class=\"flex-fill img-cover\"\/><br \/>\n        <img data-recalc-dims=\"1\" decoding=\"async\" src=\"https:\/\/i0.wp.com\/imagens.ebc.com.br\/Q5-BveqtwC5yM1kZz8QBEog4iWQ%3D\/754x0\/smart\/https%3A\/\/agenciabrasil.ebc.com.br\/sites\/default\/files\/thumbnails\/image\/2024\/04\/08\/metro2.jpg?w=696&#038;ssl=1\" alt=\"Uma mulher foi agredida com um tapa no rosto por um policial militar, no s\u00e1bado (6), na esta\u00e7\u00e3o da Luz do Metr\u00f4, no Centro de S\u00e3o Paulo. As imagens gravadas por testemunhas circulam nas redes sociais. Foto: Frame\/TV Brasil\" title=\"Frame\/TV Brasil\" class=\"flex-fill img-cover\"\/>\n    <\/div>\n<p><!-- END scald=379723 --><\/div>\n<p><h6 class=\"meta\">Mulher foi agredida com um tapa no rosto por um policial militar &#8211; <strong>Frame\/TV Brasil<\/strong><!--END copyright=379723--><\/h6>\n<\/p>\n<\/div>\n<p>De acordo com boletim de ocorr\u00eancia, o policial ainda a golpeou com tapas na cabe\u00e7a. A v\u00edtima tamb\u00e9m alega ter levado um chute na regi\u00e3o da costela e que estava sentada quando o policial a abordou.\u00a0<\/p>\n<p>Procurado pela <strong>Ag\u00eancia Brasil<\/strong>, o Metr\u00f4 afirmou que quem responde pelo epis\u00f3dio \u00e9 apenas a Secretaria da Seguran\u00e7a P\u00fablica (SSP). A pasta disse que &#8220;lamenta o ocorrido&#8221; e que o policial foi identificado e afastado de sua fun\u00e7\u00e3o.\u00a0<\/p>\n<p>&#8220;A Pol\u00edcia Militar instaurou um Inqu\u00e9rito Policial Militar (IPM) para apurar as circunst\u00e2ncias dos fatos&#8221;, adicionou o \u00f3rg\u00e3o na nota encaminhada. A SSP n\u00e3o prestou esclarecimentos sobre quest\u00f5es apresentadas pela reportagem, como o cargo do policial -, j\u00e1 que pode ter patente -, o tempo em que o agente est\u00e1 em atividade e se j\u00e1 foi punido anteriormente por conduta semelhante.\u00a0<\/p>\n<p>A ativista Jacqueline Chanel, que est\u00e1 \u00e0 frente do projeto S\u00e9fora&#8217;s, de acolhimento de pessoas trans e travestis, denunciou o caso \u00e0 Coordena\u00e7\u00e3o de Pol\u00edticas para LGBTI. A coordena\u00e7\u00e3o \u00e9 subordinada \u00e0 prefeitura de S\u00e3o Paulo. \u00a0<\/p>\n<\/p><\/div>\n<p><br \/>\n<br \/><a href=\"https:\/\/agenciabrasil.ebc.com.br\/geral\/noticia\/2024-04\/policial-agride-mulher-em-estacao-de-metro-em-sao-paulo\" rel=\"noopener\">Ag\u00eancia Brasil<\/a><\/p>\n","protected":false},"excerpt":{"rendered":"<p>Uma mulher foi agredida e acuada por um policial militar fardado, na Esta\u00e7\u00e3o da Luz, em S\u00e3o Paulo, no \u00faltimo s\u00e1bado (6). V\u00eddeos que mostram o ataque t\u00eam circulado pelas redes sociais, sobretudo em perfis de entidades e militantes da causa LGBTQIA+, desde a madrugada desta segunda-feira (8). Nas imagens, \u00e9 poss\u00edvel ver a jovem [&hellip;]<\/p>\n","protected":false},"author":1,"featured_media":1216,"comment_status":"open","ping_status":"open","sticky":false,"template":"","format":"standard","meta":{"_jetpack_newsletter_access":"","_jetpack_dont_email_post_to_subs":false,"_jetpack_newsletter_tier_id":0,"_jetpack_memberships_contains_paywalled_content":false,"_mbp_banners":[],"_jetpack_feature_clip_id":0,"_jetpack_memberships_contains_paid_content":false,"footnotes":"","jetpack_publicize_message":"","jetpack_publicize_feature_enabled":true,"jetpack_social_post_already_shared":true,"jetpack_social_options":{"image_generator_settings":{"template":"highway","default_image_id":0,"font":"","enabled":false},"version":2},"jetpack_post_was_ever_published":false},"categories":[22],"tags":[],"class_list":["post-1215","post","type-post","status-publish","format-standard","has-post-thumbnail","category-nacional"],"jetpack_publicize_connections":[],"jetpack-related-posts":[],"jetpack_shortlink":"https:\/\/wp.me\/p7Eq1F-jB","jetpack_sharing_enabled":true,"jetpack_featured_media_url":"https:\/\/i0.wp.com\/guialimeira.com.br\/news\/wp-content\/uploads\/2024\/04\/metro.jpg?fit=1600%2C800&ssl=1","_links":{"self":[{"href":"https:\/\/guialimeira.com.br\/news\/wp-json\/wp\/v2\/posts\/1215","targetHints":{"allow":["GET"]}}],"collection":[{"href":"https:\/\/guialimeira.com.br\/news\/wp-json\/wp\/v2\/posts"}],"about":[{"href":"https:\/\/guialimeira.com.br\/news\/wp-json\/wp\/v2\/types\/post"}],"author":[{"embeddable":true,"href":"https:\/\/guialimeira.com.br\/news\/wp-json\/wp\/v2\/users\/1"}],"replies":[{"embeddable":true,"href":"https:\/\/guialimeira.com.br\/news\/wp-json\/wp\/v2\/comments?post=1215"}],"version-history":[{"count":0,"href":"https:\/\/guialimeira.com.br\/news\/wp-json\/wp\/v2\/posts\/1215\/revisions"}],"wp:featuredmedia":[{"embeddable":true,"href":"https:\/\/guialimeira.com.br\/news\/wp-json\/wp\/v2\/media\/1216"}],"wp:attachment":[{"href":"https:\/\/guialimeira.com.br\/news\/wp-json\/wp\/v2\/media?parent=1215"}],"wp:term":[{"taxonomy":"category","embeddable":true,"href":"https:\/\/guialimeira.com.br\/news\/wp-json\/wp\/v2\/categories?post=1215"},{"taxonomy":"post_tag","embeddable":true,"href":"https:\/\/guialimeira.com.br\/news\/wp-json\/wp\/v2\/tags?post=1215"}],"curies":[{"name":"wp","href":"https:\/\/api.w.org\/{rel}","templated":true}]}}