{"id":1213,"date":"2024-04-08T18:31:46","date_gmt":"2024-04-08T21:31:46","guid":{"rendered":"https:\/\/guialimeira.com.br\/2024\/04\/08\/foto-da-carteira-de-motorista-podera-ter-uso-de-itens-religiosos\/"},"modified":"2024-04-08T18:31:46","modified_gmt":"2024-04-08T21:31:46","slug":"foto-da-carteira-de-motorista-podera-ter-uso-de-itens-religiosos","status":"publish","type":"post","link":"https:\/\/guialimeira.com.br\/news\/foto-da-carteira-de-motorista-podera-ter-uso-de-itens-religiosos\/","title":{"rendered":"Foto da carteira de motorista poder\u00e1 ter uso de itens religiosos"},"content":{"rendered":"<p> <br \/>\n<\/p>\n<div>\n<p>O Conselho Nacional de Tr\u00e2nsito (Contran) publicou nesta segunda-feira (8) regra que passa a permitir que os motoristas usem itens de vestu\u00e1rio que cubram parte do rosto e da cabe\u00e7a na foto da Carteira Nacional de Habilita\u00e7\u00e3o (CNH), desde que seja por motivos religiosos, de cren\u00e7a, queda de cabelo decorrente de doen\u00e7as ou tratamento m\u00e9dico.<img data-recalc-dims=\"1\" decoding=\"async\" src=\"https:\/\/i0.wp.com\/agenciabrasil.ebc.com.br\/ebc.png?w=696&#038;ssl=1\" style=\"width:1px; height:1px; display:inline;\"\/><img data-recalc-dims=\"1\" decoding=\"async\" src=\"https:\/\/i0.wp.com\/agenciabrasil.ebc.com.br\/ebc.gif?w=696&#038;ssl=1\" style=\"width:1px; height:1px; display:inline;\"\/><\/p>\n<p>De acordo com a <a href=\"https:\/\/www.in.gov.br\/en\/web\/dou\/-\/resolucao-contran-n-1.006-de-3-de-abril-de-2024-552515110\" rel=\"noopener\">Resolu\u00e7\u00e3o n\u00ba 1.006<\/a>,\u00a0os itens de vestu\u00e1rio relacionados \u00e0 cren\u00e7a ou religi\u00e3o, como v\u00e9us e h\u00e1bitos, e relacionados \u00e0 queda de cabelo por causa de doen\u00e7as e tratamento m\u00e9dico poder\u00e3o ser utilizados nas fotos usadas para tirar o documento ou renov\u00e1-lo, por\u00e9m a face, a testa e o queixo precisam ficar vis\u00edveis.<\/p>\n<p>A legisla\u00e7\u00e3o mant\u00e9m a proibi\u00e7\u00e3o para utiliza\u00e7\u00e3o de \u00f3culos, bon\u00e9s, gorros e chap\u00e9us nas fotos da carteira de motorista.<\/p>\n<p>Em <a href=\"https:\/\/agenciabrasil.ebc.com.br\/radioagencia-nacional\/seguranca\/audio\/2024-02\/governo-federal-quer-permitir-fotos-com-roupas-religiosas-na-cnh\" rel=\"noopener\">fevereiro deste ano<\/a>, a Advocacia-Geral da Uni\u00e3o (AGU) enviou documento ao Supremo Tribunal Federal (STF) em que informava a inten\u00e7\u00e3o do governo federal de alterar as normas sobre trajes religiosos em fotos da CNH. Na ocasi\u00e3o, a AGU argumentou que medida \u00e9 para respeitar a liberdade religiosa e facilitar o reconhecimento dos cidad\u00e3os pelas autoridades de seguran\u00e7a p\u00fablica, al\u00e9m de ressaltar que n\u00e3o \u00e9 vedado o uso de roupas religiosas para emiss\u00e3o da carteira de identidade e do passaporte.<\/p>\n<p>No mesmo m\u00eas, o STF iniciou julgamento de a\u00e7\u00e3o sobre permiss\u00e3o para uso de trajes religiosos que cobrem rosto e cabe\u00e7a em fotografias de documentos oficiais.\u00a0 O processo teve origem ap\u00f3s uma freira ser impedida de tirar a foto para renova\u00e7\u00e3o da CNH vestida com o h\u00e1bito religioso, em Cascavel (PR).<\/p>\n<\/p><\/div>\n<p><br \/>\n<br \/><a href=\"https:\/\/agenciabrasil.ebc.com.br\/geral\/noticia\/2024-04\/foto-da-carteira-de-motorista-podera-ter-uso-de-itens-religiosos\" rel=\"noopener\">Ag\u00eancia Brasil<\/a><\/p>\n","protected":false},"excerpt":{"rendered":"<p>O Conselho Nacional de Tr\u00e2nsito (Contran) publicou nesta segunda-feira (8) regra que passa a permitir que os motoristas usem itens de vestu\u00e1rio que cubram parte do rosto e da cabe\u00e7a na foto da Carteira Nacional de Habilita\u00e7\u00e3o (CNH), desde que seja por motivos religiosos, de cren\u00e7a, queda de cabelo decorrente de doen\u00e7as ou tratamento m\u00e9dico. [&hellip;]<\/p>\n","protected":false},"author":1,"featured_media":1214,"comment_status":"open","ping_status":"open","sticky":false,"template":"","format":"standard","meta":{"_jetpack_newsletter_access":"","_jetpack_dont_email_post_to_subs":false,"_jetpack_newsletter_tier_id":0,"_jetpack_memberships_contains_paywalled_content":false,"_mbp_banners":[],"_jetpack_feature_clip_id":0,"_jetpack_memberships_contains_paid_content":false,"footnotes":"","jetpack_publicize_message":"","jetpack_publicize_feature_enabled":true,"jetpack_social_post_already_shared":true,"jetpack_social_options":{"image_generator_settings":{"template":"highway","default_image_id":0,"font":"","enabled":false},"version":2},"jetpack_post_was_ever_published":false},"categories":[1],"tags":[],"class_list":["post-1213","post","type-post","status-publish","format-standard","has-post-thumbnail","category-geral"],"jetpack_publicize_connections":[],"jetpack-related-posts":[],"jetpack_shortlink":"https:\/\/wp.me\/p7Eq1F-jz","jetpack_sharing_enabled":true,"jetpack_featured_media_url":"https:\/\/i0.wp.com\/guialimeira.com.br\/news\/wp-content\/uploads\/2024\/04\/cnh_mcajr_0112203400.jpg?fit=1600%2C800&ssl=1","_links":{"self":[{"href":"https:\/\/guialimeira.com.br\/news\/wp-json\/wp\/v2\/posts\/1213","targetHints":{"allow":["GET"]}}],"collection":[{"href":"https:\/\/guialimeira.com.br\/news\/wp-json\/wp\/v2\/posts"}],"about":[{"href":"https:\/\/guialimeira.com.br\/news\/wp-json\/wp\/v2\/types\/post"}],"author":[{"embeddable":true,"href":"https:\/\/guialimeira.com.br\/news\/wp-json\/wp\/v2\/users\/1"}],"replies":[{"embeddable":true,"href":"https:\/\/guialimeira.com.br\/news\/wp-json\/wp\/v2\/comments?post=1213"}],"version-history":[{"count":0,"href":"https:\/\/guialimeira.com.br\/news\/wp-json\/wp\/v2\/posts\/1213\/revisions"}],"wp:featuredmedia":[{"embeddable":true,"href":"https:\/\/guialimeira.com.br\/news\/wp-json\/wp\/v2\/media\/1214"}],"wp:attachment":[{"href":"https:\/\/guialimeira.com.br\/news\/wp-json\/wp\/v2\/media?parent=1213"}],"wp:term":[{"taxonomy":"category","embeddable":true,"href":"https:\/\/guialimeira.com.br\/news\/wp-json\/wp\/v2\/categories?post=1213"},{"taxonomy":"post_tag","embeddable":true,"href":"https:\/\/guialimeira.com.br\/news\/wp-json\/wp\/v2\/tags?post=1213"}],"curies":[{"name":"wp","href":"https:\/\/api.w.org\/{rel}","templated":true}]}}