{"id":12120,"date":"2024-08-11T12:43:20","date_gmt":"2024-08-11T15:43:20","guid":{"rendered":"https:\/\/guialimeira.com.br\/2024\/08\/11\/brasil-condena-ataque-aereo-de-israel-a-escola-na-faixa-de-gaza\/"},"modified":"2024-08-11T12:43:20","modified_gmt":"2024-08-11T15:43:20","slug":"brasil-condena-ataque-aereo-de-israel-a-escola-na-faixa-de-gaza","status":"publish","type":"post","link":"https:\/\/guialimeira.com.br\/news\/brasil-condena-ataque-aereo-de-israel-a-escola-na-faixa-de-gaza\/","title":{"rendered":"Brasil condena ataque a\u00e9reo de Israel \u00e0 escola na Faixa de Gaza"},"content":{"rendered":"<p> <br \/>\n<\/p>\n<div>\n<p>Em comunicado do Minist\u00e9rio das Rela\u00e7\u00f5es Exteriores (MRE), o governo do Brasil condenou novo ataque a\u00e9reo a uma escola que abriga pessoas deslocadas na Faixa de Gaza, realizado neste s\u00e1bado (10), pelo ex\u00e9rcito de Israelense.<img data-recalc-dims=\"1\" decoding=\"async\" src=\"https:\/\/i0.wp.com\/agenciabrasil.ebc.com.br\/ebc.png?w=696&#038;ssl=1\" style=\"width:1px; height:1px; display:inline;\"\/><img data-recalc-dims=\"1\" decoding=\"async\" src=\"https:\/\/i0.wp.com\/agenciabrasil.ebc.com.br\/ebc.gif?w=696&#038;ssl=1\" style=\"width:1px; height:1px; display:inline;\"\/><\/p>\n<p>O <a href=\"https:\/\/agenciabrasil.ebc.com.br\/internacional\/noticia\/2024-08\/ataque-de-israel-mata-100-na-faixa-de-gaza\" target=\"_blank\" rel=\"noopener\">bombardeio atingiu a infraestrutura civil<\/a> da cidade de Al-Tabin, na Faixa e Gaza, e deixou dezenas de mortos e feridos, incluindo mulheres e crian\u00e7as. \u201cO Brasil expressa profunda solidariedade \u00e0s fam\u00edlias das v\u00edtimas, ao governo e ao povo do Estado da Palestina\u201d, diz a publica\u00e7\u00e3o, divulgada na noite de s\u00e1bado (10).<\/p>\n<p>Ao condenar o ataque nos mais fortes termos diplom\u00e1ticos, o Itamaraty recordou que o direito internacional humanit\u00e1rio exige que Israel atue com base no princ\u00edpio da proporcionalidade, tomando as medidas necess\u00e1rias para proteger a popula\u00e7\u00e3o civil nos territ\u00f3rios ocupados.<\/p>\n<blockquote>\n<p>\u201cO desrespeito a esse princ\u00edpio tem sido recorrente nas opera\u00e7\u00f5es militares israelenses na Faixa de Gaza nos \u00faltimos dez meses.&#8221;<\/p>\n<\/blockquote>\n<p>O Brasil tamb\u00e9m lamentou que o governo israelense siga adotando medidas que levam \u00e0 escalada do conflito e afastam ainda mais os povos da regi\u00e3o de alcan\u00e7ar a paz, mesmo com negocia\u00e7\u00f5es em curso para um acordo que assegure o cessar-fogo, a liberta\u00e7\u00e3o dos ref\u00e9ns feitos pelo Hamas e o acesso total de aux\u00edlio humanit\u00e1rio a Gaza.<\/p>\n<p>No comunicado, o Brasil convoca as partes envolvidas no conflito para imediata e plena implementa\u00e7\u00e3o do plano de cessar-fogo, aprovado pela Resolu\u00e7\u00e3o 2735, em 2024, do Conselho de Seguran\u00e7a das Na\u00e7\u00f5es Unidas (ONU), para a paz na regi\u00e3o.<\/p>\n<p>A resolu\u00e7\u00e3o da ONU prioriza o di\u00e1logo e a diplomacia na busca de solu\u00e7\u00f5es justas e duradouras para a situa\u00e7\u00e3o em Gaza, conforme vem defendendo o Brasil desde o come\u00e7o do conflito, em outubro de 2023.<\/p>\n<\/p><\/div>\n<p><br \/>\n<br \/><a href=\"https:\/\/agenciabrasil.ebc.com.br\/internacional\/noticia\/2024-08\/brasil-condena-ataque-aereo-de-israel-escola-na-faixa-de-gaza\" rel=\"noopener\">Ag\u00eancia Brasil <\/a><\/p>\n","protected":false},"excerpt":{"rendered":"<p>Em comunicado do Minist\u00e9rio das Rela\u00e7\u00f5es Exteriores (MRE), o governo do Brasil condenou novo ataque a\u00e9reo a uma escola que abriga pessoas deslocadas na Faixa de Gaza, realizado neste s\u00e1bado (10), pelo ex\u00e9rcito de Israelense. O bombardeio atingiu a infraestrutura civil da cidade de Al-Tabin, na Faixa e Gaza, e deixou dezenas de mortos e [&hellip;]<\/p>\n","protected":false},"author":1,"featured_media":2027,"comment_status":"open","ping_status":"open","sticky":false,"template":"","format":"standard","meta":{"_jetpack_newsletter_access":"","_jetpack_dont_email_post_to_subs":false,"_jetpack_newsletter_tier_id":0,"_jetpack_memberships_contains_paywalled_content":false,"_mbp_banners":[],"_jetpack_feature_clip_id":0,"_jetpack_memberships_contains_paid_content":false,"footnotes":"","jetpack_publicize_message":"","jetpack_publicize_feature_enabled":true,"jetpack_social_post_already_shared":true,"jetpack_social_options":{"image_generator_settings":{"template":"highway","default_image_id":0,"font":"","enabled":false},"version":2},"jetpack_post_was_ever_published":false},"categories":[25],"tags":[],"class_list":["post-12120","post","type-post","status-publish","format-standard","has-post-thumbnail","category-internacional"],"jetpack_publicize_connections":[],"jetpack-related-posts":[],"jetpack_shortlink":"https:\/\/wp.me\/p7Eq1F-39u","jetpack_sharing_enabled":true,"jetpack_featured_media_url":"https:\/\/i0.wp.com\/guialimeira.com.br\/news\/wp-content\/uploads\/2024\/04\/fachada-ministerio_mcamgo_abr_100420231818-18.jpg?fit=1600%2C800&ssl=1","_links":{"self":[{"href":"https:\/\/guialimeira.com.br\/news\/wp-json\/wp\/v2\/posts\/12120","targetHints":{"allow":["GET"]}}],"collection":[{"href":"https:\/\/guialimeira.com.br\/news\/wp-json\/wp\/v2\/posts"}],"about":[{"href":"https:\/\/guialimeira.com.br\/news\/wp-json\/wp\/v2\/types\/post"}],"author":[{"embeddable":true,"href":"https:\/\/guialimeira.com.br\/news\/wp-json\/wp\/v2\/users\/1"}],"replies":[{"embeddable":true,"href":"https:\/\/guialimeira.com.br\/news\/wp-json\/wp\/v2\/comments?post=12120"}],"version-history":[{"count":0,"href":"https:\/\/guialimeira.com.br\/news\/wp-json\/wp\/v2\/posts\/12120\/revisions"}],"wp:featuredmedia":[{"embeddable":true,"href":"https:\/\/guialimeira.com.br\/news\/wp-json\/wp\/v2\/media\/2027"}],"wp:attachment":[{"href":"https:\/\/guialimeira.com.br\/news\/wp-json\/wp\/v2\/media?parent=12120"}],"wp:term":[{"taxonomy":"category","embeddable":true,"href":"https:\/\/guialimeira.com.br\/news\/wp-json\/wp\/v2\/categories?post=12120"},{"taxonomy":"post_tag","embeddable":true,"href":"https:\/\/guialimeira.com.br\/news\/wp-json\/wp\/v2\/tags?post=12120"}],"curies":[{"name":"wp","href":"https:\/\/api.w.org\/{rel}","templated":true}]}}