{"id":1200,"date":"2024-04-08T16:53:41","date_gmt":"2024-04-08T19:53:41","guid":{"rendered":"https:\/\/guialimeira.com.br\/2024\/04\/08\/desembargador-pede-vista-e-suspende-julgamento-de-moro\/"},"modified":"2024-04-08T16:53:41","modified_gmt":"2024-04-08T19:53:41","slug":"desembargador-pede-vista-e-suspende-julgamento-de-moro","status":"publish","type":"post","link":"https:\/\/guialimeira.com.br\/news\/desembargador-pede-vista-e-suspende-julgamento-de-moro\/","title":{"rendered":"Desembargador pede vista e suspende julgamento de Moro"},"content":{"rendered":"<p> <br \/>\n<\/p>\n<div>\n<p>O Tribunal Regional Eleitoral (TRE) do Paran\u00e1 suspendeu nesta segunda-feira (8) o julgamento que pode levar \u00e0 cassa\u00e7\u00e3o do senador Sergio Moro (Uni\u00e3o-PR), ex-juiz da Opera\u00e7\u00e3o Lava Jato.<img data-recalc-dims=\"1\" decoding=\"async\" src=\"https:\/\/i0.wp.com\/agenciabrasil.ebc.com.br\/ebc.png?w=696&#038;ssl=1\" style=\"width:1px; height:1px; display:inline;\"\/><img data-recalc-dims=\"1\" decoding=\"async\" src=\"https:\/\/i0.wp.com\/agenciabrasil.ebc.com.br\/ebc.gif?w=696&#038;ssl=1\" style=\"width:1px; height:1px; display:inline;\"\/><\/p>\n<p>O julgamento foi interrompido pelo\u00a0pedido de vista (mais tempo para analisar o caso) do desembargador Julio Jacob Junior. A an\u00e1lise do caso ser\u00e1 retomada amanh\u00e3 (9).\u00a0<\/p>\n<p>At\u00e9 o momento, o placar do julgamento est\u00e1 3 votos a 1 contra a cassa\u00e7\u00e3o de Moro. Em tr\u00eas sess\u00f5es de julgamento, os desembargadores Luciano Carrasco Falavinha Souza, Claudia Cristina Cristofani e Guilherme Frederico Hernandes Denz votaram contra a cassa\u00e7\u00e3o. O desembargador Jos\u00e9 Rodrigo Sade proferiu o \u00fanico voto pela cassa\u00e7\u00e3o.\u00a0<\/p>\n<p>Se for cassado pelo TRE, Moro n\u00e3o deixar\u00e1 o cargo imediatamente porque a defesa poder\u00e1 recorrer ao Tribunal Superior Eleitoral (TSE). Se a eventual cassa\u00e7\u00e3o for confirmada pelo TSE, novas elei\u00e7\u00f5es ser\u00e3o convocadas no Paran\u00e1 para preencher a vaga do senador. Ele ainda ficar\u00e1 ineleg\u00edvel por oito anos.<\/p>\n<h2>Elei\u00e7\u00f5es<\/h2>\n<p>No final de 2021, Moro estava no Podemos e realizou atos de pr\u00e9-candidatura \u00e0 Presid\u00eancia da Rep\u00fablica. De acordo com a acusa\u00e7\u00e3o, houve &#8220;desvantagem il\u00edcita&#8221; em favor dos demais concorrentes ao cargo de senador diante dos &#8220;altos investimentos financeiros&#8221; realizados antes de Moro deixar a sigla e se candidatar ao Senado pelo Uni\u00e3o.<\/p>\n<p>Para o Minist\u00e9rio P\u00fablico, foram gastos aproximadamente R$ 2 milh\u00f5es, oriundos do Fundo Partid\u00e1rio, com o evento de filia\u00e7\u00e3o de Moro ao Podemos e com a contrata\u00e7\u00e3o de produ\u00e7\u00e3o de v\u00eddeos para promo\u00e7\u00e3o pessoal, al\u00e9m de consultorias eleitorais. O PL apontou supostos gastos irregulares de R$ 7 milh\u00f5es. Para o PT, foram R$ 21 milh\u00f5es.<\/p>\n<p>Advogados de Moro defendem\u00a0a manuten\u00e7\u00e3o do mandato e negam\u00a0irregularidades na pr\u00e9-campanha. De acordo com o advogado Gustavo Guedes, Moro n\u00e3o se elegeu no Paran\u00e1 pela suposta pr\u00e9-campanha \u201cmais robusta\u201d, conforme acusam as legendas.<\/p>\n<\/p><\/div>\n<p><br \/>\n<br \/><a href=\"https:\/\/agenciabrasil.ebc.com.br\/politica\/noticia\/2024-04\/desembargador-pede-vista-e-suspende-julgamento-de-moro\" rel=\"noopener\">Ag\u00eancia Brasil<\/a><\/p>\n","protected":false},"excerpt":{"rendered":"<p>O Tribunal Regional Eleitoral (TRE) do Paran\u00e1 suspendeu nesta segunda-feira (8) o julgamento que pode levar \u00e0 cassa\u00e7\u00e3o do senador Sergio Moro (Uni\u00e3o-PR), ex-juiz da Opera\u00e7\u00e3o Lava Jato. O julgamento foi interrompido pelo\u00a0pedido de vista (mais tempo para analisar o caso) do desembargador Julio Jacob Junior. A an\u00e1lise do caso ser\u00e1 retomada amanh\u00e3 (9).\u00a0 At\u00e9 [&hellip;]<\/p>\n","protected":false},"author":1,"featured_media":1201,"comment_status":"open","ping_status":"open","sticky":false,"template":"","format":"standard","meta":{"_jetpack_newsletter_access":"","_jetpack_dont_email_post_to_subs":false,"_jetpack_newsletter_tier_id":0,"_jetpack_memberships_contains_paywalled_content":false,"_mbp_banners":[],"_jetpack_feature_clip_id":0,"_jetpack_memberships_contains_paid_content":false,"footnotes":"","jetpack_publicize_message":"","jetpack_publicize_feature_enabled":true,"jetpack_social_post_already_shared":true,"jetpack_social_options":{"image_generator_settings":{"template":"highway","default_image_id":0,"font":"","enabled":false},"version":2},"jetpack_post_was_ever_published":false},"categories":[22],"tags":[],"class_list":["post-1200","post","type-post","status-publish","format-standard","has-post-thumbnail","category-nacional"],"jetpack_publicize_connections":[],"jetpack-related-posts":[],"jetpack_shortlink":"https:\/\/wp.me\/p7Eq1F-jm","jetpack_sharing_enabled":true,"jetpack_featured_media_url":"https:\/\/i0.wp.com\/guialimeira.com.br\/news\/wp-content\/uploads\/2024\/04\/lula_marques-5_0.jpg?fit=1600%2C800&ssl=1","_links":{"self":[{"href":"https:\/\/guialimeira.com.br\/news\/wp-json\/wp\/v2\/posts\/1200","targetHints":{"allow":["GET"]}}],"collection":[{"href":"https:\/\/guialimeira.com.br\/news\/wp-json\/wp\/v2\/posts"}],"about":[{"href":"https:\/\/guialimeira.com.br\/news\/wp-json\/wp\/v2\/types\/post"}],"author":[{"embeddable":true,"href":"https:\/\/guialimeira.com.br\/news\/wp-json\/wp\/v2\/users\/1"}],"replies":[{"embeddable":true,"href":"https:\/\/guialimeira.com.br\/news\/wp-json\/wp\/v2\/comments?post=1200"}],"version-history":[{"count":0,"href":"https:\/\/guialimeira.com.br\/news\/wp-json\/wp\/v2\/posts\/1200\/revisions"}],"wp:featuredmedia":[{"embeddable":true,"href":"https:\/\/guialimeira.com.br\/news\/wp-json\/wp\/v2\/media\/1201"}],"wp:attachment":[{"href":"https:\/\/guialimeira.com.br\/news\/wp-json\/wp\/v2\/media?parent=1200"}],"wp:term":[{"taxonomy":"category","embeddable":true,"href":"https:\/\/guialimeira.com.br\/news\/wp-json\/wp\/v2\/categories?post=1200"},{"taxonomy":"post_tag","embeddable":true,"href":"https:\/\/guialimeira.com.br\/news\/wp-json\/wp\/v2\/tags?post=1200"}],"curies":[{"name":"wp","href":"https:\/\/api.w.org\/{rel}","templated":true}]}}