{"id":11996,"date":"2024-08-09T09:08:56","date_gmt":"2024-08-09T12:08:56","guid":{"rendered":"https:\/\/guialimeira.com.br\/2024\/08\/09\/guilherme-cachorrao-estreia-na-maratona-aquatica-mas-abandona-prova\/"},"modified":"2024-08-09T09:08:56","modified_gmt":"2024-08-09T12:08:56","slug":"guilherme-cachorrao-estreia-na-maratona-aquatica-mas-abandona-prova","status":"publish","type":"post","link":"https:\/\/guialimeira.com.br\/news\/guilherme-cachorrao-estreia-na-maratona-aquatica-mas-abandona-prova\/","title":{"rendered":"Guilherme &#8220;Cachorr\u00e3o&#8221; estreia na maratona aqu\u00e1tica, mas abandona prova"},"content":{"rendered":"<p> <br \/>\n<\/p>\n<div>\n<p>O nadador Guilherme Costa, o Cachorr\u00e3o, foi o \u00fanico brasileiro a participar da maratona aqu\u00e1tica masculina na Olimp\u00edada de Paris. \u00c9 a primeira vez que ele, especialista em provas de m\u00e9dia e longa dist\u00e2ncia nas piscinas, participa da modalidade em Olimp\u00edadas. Cachorr\u00e3o n\u00e3o conseguiu completar o percurso de 10 km, e abandonou a disputa.<img data-recalc-dims=\"1\" decoding=\"async\" src=\"https:\/\/i0.wp.com\/agenciabrasil.ebc.com.br\/ebc.png?w=696&#038;ssl=1\" style=\"width:1px; height:1px; display:inline;\"\/><img data-recalc-dims=\"1\" decoding=\"async\" src=\"https:\/\/i0.wp.com\/agenciabrasil.ebc.com.br\/ebc.gif?w=696&#038;ssl=1\" style=\"width:1px; height:1px; display:inline;\"\/><\/p>\n<blockquote class=\"instagram-media\" data-instgrm-captioned=\"\" data-instgrm-permalink=\"https:\/\/www.instagram.com\/p\/C-cKZHCt7_P\/?utm_source=ig_embed&amp;utm_campaign=loading\" data-instgrm-version=\"14\" style=\" background:#FFF; border:0; border-radius:3px; box-shadow:0 0 1px 0 rgba(0,0,0,0.5),0 1px 10px 0 rgba(0,0,0,0.15); margin: 1px; max-width:540px; min-width:326px; padding:0; width:99.375%; width:-webkit-calc(100% - 2px); width:calc(100% - 2px);\">\n<\/blockquote>\n<p>Ap\u00f3s a largada dos 31 competidores na ponte Alexandre III, sobre o rio Sena, o brasileiro n\u00e3o conseguiu se manter junto ao pelot\u00e3o de lideran\u00e7a da prova. Ao longo do trajeto, a melhor coloca\u00e7\u00e3o de Guilherme Costa foi o 14\u00ba lugar. Aos poucos ele foi cansando e ficando para tr\u00e1s. O brasileiro desistiu da prova durante a quarta das seis voltas do percurso, quando j\u00e1 tinha alcan\u00e7ado a marca de 6,6km nadados ap\u00f3s 1 hora e 16 minutos nas \u00e1guas do Sena.<\/p>\n<p>A medalha de ouro na prova foi para a Hungria que teve dobradinha no p\u00f3dio: o\u00a0h\u00fangaro Kristof Rasovszky, que completou em 1h50min52, garantiu o topo do p\u00f3dio e David Betlehem (1h51min09) foi bronze. A prata foi conquistada pelo alem\u00e3o Oliver Klemet (1h50min54).\u00a0<\/p>\n<p>A maratona aqu\u00e1tica foi a quinta prova que Cachorr\u00e3o competiu nos Jogos de Paris. Ele foi finalista e terminou na quinta coloca\u00e7\u00e3o nos 400m estilo livre. Ainda nas piscinas no estilo livre, ele participou dos 200m, 800m e do revezamento 4x200m masculino.<\/p>\n<\/p><\/div>\n<p><script async src=\"\/\/www.instagram.com\/embed.js\"><\/script><br \/>\n<br \/><br \/>\n<br \/><a href=\"https:\/\/agenciabrasil.ebc.com.br\/esportes\/noticia\/2024-08\/guilherme-cachorrao-estreia-na-maratona-aquatica-mas-abandona-prova\" rel=\"noopener\">Ag\u00eancia Brasil<\/a><\/p>\n","protected":false},"excerpt":{"rendered":"<p>O nadador Guilherme Costa, o Cachorr\u00e3o, foi o \u00fanico brasileiro a participar da maratona aqu\u00e1tica masculina na Olimp\u00edada de Paris. \u00c9 a primeira vez que ele, especialista em provas de m\u00e9dia e longa dist\u00e2ncia nas piscinas, participa da modalidade em Olimp\u00edadas. Cachorr\u00e3o n\u00e3o conseguiu completar o percurso de 10 km, e abandonou a disputa. Ap\u00f3s [&hellip;]<\/p>\n","protected":false},"author":1,"featured_media":11997,"comment_status":"open","ping_status":"open","sticky":false,"template":"","format":"standard","meta":{"_jetpack_newsletter_access":"","_jetpack_dont_email_post_to_subs":false,"_jetpack_newsletter_tier_id":0,"_jetpack_memberships_contains_paywalled_content":false,"_mbp_banners":[],"_jetpack_feature_clip_id":0,"_jetpack_memberships_contains_paid_content":false,"footnotes":"","jetpack_publicize_message":"","jetpack_publicize_feature_enabled":true,"jetpack_social_post_already_shared":true,"jetpack_social_options":{"image_generator_settings":{"template":"highway","default_image_id":0,"font":"","enabled":false},"version":2},"jetpack_post_was_ever_published":false},"categories":[23],"tags":[],"class_list":["post-11996","post","type-post","status-publish","format-standard","has-post-thumbnail","category-esportes"],"jetpack_publicize_connections":[],"jetpack-related-posts":[],"jetpack_shortlink":"https:\/\/wp.me\/p7Eq1F-37u","jetpack_sharing_enabled":true,"jetpack_featured_media_url":"https:\/\/i0.wp.com\/guialimeira.com.br\/news\/wp-content\/uploads\/2024\/08\/guilherme_costa_maratona_aquatica_rio_sena_paris_2024.jpeg?fit=1600%2C800&ssl=1","_links":{"self":[{"href":"https:\/\/guialimeira.com.br\/news\/wp-json\/wp\/v2\/posts\/11996","targetHints":{"allow":["GET"]}}],"collection":[{"href":"https:\/\/guialimeira.com.br\/news\/wp-json\/wp\/v2\/posts"}],"about":[{"href":"https:\/\/guialimeira.com.br\/news\/wp-json\/wp\/v2\/types\/post"}],"author":[{"embeddable":true,"href":"https:\/\/guialimeira.com.br\/news\/wp-json\/wp\/v2\/users\/1"}],"replies":[{"embeddable":true,"href":"https:\/\/guialimeira.com.br\/news\/wp-json\/wp\/v2\/comments?post=11996"}],"version-history":[{"count":0,"href":"https:\/\/guialimeira.com.br\/news\/wp-json\/wp\/v2\/posts\/11996\/revisions"}],"wp:featuredmedia":[{"embeddable":true,"href":"https:\/\/guialimeira.com.br\/news\/wp-json\/wp\/v2\/media\/11997"}],"wp:attachment":[{"href":"https:\/\/guialimeira.com.br\/news\/wp-json\/wp\/v2\/media?parent=11996"}],"wp:term":[{"taxonomy":"category","embeddable":true,"href":"https:\/\/guialimeira.com.br\/news\/wp-json\/wp\/v2\/categories?post=11996"},{"taxonomy":"post_tag","embeddable":true,"href":"https:\/\/guialimeira.com.br\/news\/wp-json\/wp\/v2\/tags?post=11996"}],"curies":[{"name":"wp","href":"https:\/\/api.w.org\/{rel}","templated":true}]}}