{"id":11971,"date":"2024-08-08T21:56:55","date_gmt":"2024-08-09T00:56:55","guid":{"rendered":"https:\/\/guialimeira.com.br\/2024\/08\/08\/cpb-lanca-campanha-para-fomentar-torcida-por-atletas-paralimpicos\/"},"modified":"2024-08-08T21:56:55","modified_gmt":"2024-08-09T00:56:55","slug":"cpb-lanca-campanha-para-fomentar-torcida-por-atletas-paralimpicos","status":"publish","type":"post","link":"https:\/\/guialimeira.com.br\/news\/cpb-lanca-campanha-para-fomentar-torcida-por-atletas-paralimpicos\/","title":{"rendered":"CPB lan\u00e7a campanha para fomentar torcida por atletas paral\u00edmpicos"},"content":{"rendered":"<p> <br \/>\n<\/p>\n<div>\n<p>O Comit\u00ea Paral\u00edmpico Brasileiro (CPB) lan\u00e7ou nesta quinta-feira (8) a campanha de marketing \u201cMais que vencedores: brasileiros\u201d, cujo objetivo \u00e9 motivar a popula\u00e7\u00e3o a acompanhar os atletas brasileiros durante a realiza\u00e7\u00e3o da pr\u00f3xima edi\u00e7\u00e3o dos Jogos Paral\u00edmpicos, que ser\u00e3o realizados em Paris (Fran\u00e7a) entre os dias 28 de agosto e 8 de setembro.<img data-recalc-dims=\"1\" decoding=\"async\" src=\"https:\/\/i0.wp.com\/agenciabrasil.ebc.com.br\/ebc.png?w=696&#038;ssl=1\" style=\"width:1px; height:1px; display:inline;\"\/><img data-recalc-dims=\"1\" decoding=\"async\" src=\"https:\/\/i0.wp.com\/agenciabrasil.ebc.com.br\/ebc.gif?w=696&#038;ssl=1\" style=\"width:1px; height:1px; display:inline;\"\/><\/p>\n<blockquote class=\"twitter-tweet\">\n<p dir=\"ltr\" lang=\"pt\" xml:lang=\"pt\">Somos garra, for\u00e7a e determina\u00e7\u00e3o. Somos o Brasil Paral\u00edmpico! \ud83d\udc9a\ud83d\udc9b\ud83d\udc99<\/p>\n<p>Acompanhe a gente nos Jogos Paral\u00edmpicos de <a href=\"https:\/\/twitter.com\/hashtag\/Paris2024?src=hash&amp;ref_src=twsrc%5Etfw\" rel=\"noopener\">#Paris2024<\/a>. \ud83c\uddeb\ud83c\uddf7<a href=\"https:\/\/twitter.com\/hashtag\/BrasilParalimpico?src=hash&amp;ref_src=twsrc%5Etfw\" rel=\"noopener\">#BrasilParalimpico<\/a> <a href=\"https:\/\/twitter.com\/hashtag\/JogosParalimpicos?src=hash&amp;ref_src=twsrc%5Etfw\" rel=\"noopener\">#JogosParalimpicos<\/a> <a href=\"https:\/\/t.co\/IDrMMCrESK\">pic.twitter.com\/IDrMMCrESK<\/a><\/p>\n<p>\u2014 Comit\u00ea Paral\u00edmpico Brasileiro (@BraParalimpico) <a href=\"https:\/\/twitter.com\/BraParalimpico\/status\/1821548152756777403?ref_src=twsrc%5Etfw\" rel=\"noopener\">August 8, 2024<\/a><\/p><\/blockquote>\n<p>Uma das pe\u00e7as da campanha \u00e9 um<a href=\"https:\/\/www.youtube.com\/watch?v=-b15zOtAALA\" target=\"_blank\" rel=\"noopener\"> v\u00eddeo, dispon\u00edvel na internet<\/a> e que \u00e9 estrelado pelo nadador mineiro Gabriel Ara\u00fajo, pela halterofilista paulista Mariana D\u2019Andrea, pelo velocista paranaense Vin\u00edcius Rodrigues e pela lan\u00e7adora baiana Ra\u00edssa Machado.<\/p>\n<p>\u201cOs Jogos Paral\u00edmpicos chegaram e nosso intuito \u00e9 engrossar o coro da torcida brasileira n\u00e3o somente pelos atletas que estar\u00e3o l\u00e1 em Paris competindo com nossas cores, mas tamb\u00e9m aumentar a consci\u00eancia da popula\u00e7\u00e3o em rela\u00e7\u00e3o \u00e0 inclus\u00e3o por interm\u00e9dio do esporte\u201d, declarou o presidente do CPB, Mizael Conrado.<\/p>\n<\/p><\/div>\n<p><script async src=\"\/\/platform.twitter.com\/widgets.js\" charset=\"utf-8\"><\/script><br \/>\n<br \/><br \/>\n<br \/><a href=\"https:\/\/agenciabrasil.ebc.com.br\/esportes\/noticia\/2024-08\/cpb-lanca-campanha-para-fomentar-torcida-por-atletas-paralimpicos\" rel=\"noopener\">Ag\u00eancia Brasil<\/a><\/p>\n","protected":false},"excerpt":{"rendered":"<p>O Comit\u00ea Paral\u00edmpico Brasileiro (CPB) lan\u00e7ou nesta quinta-feira (8) a campanha de marketing \u201cMais que vencedores: brasileiros\u201d, cujo objetivo \u00e9 motivar a popula\u00e7\u00e3o a acompanhar os atletas brasileiros durante a realiza\u00e7\u00e3o da pr\u00f3xima edi\u00e7\u00e3o dos Jogos Paral\u00edmpicos, que ser\u00e3o realizados em Paris (Fran\u00e7a) entre os dias 28 de agosto e 8 de setembro. Somos garra, [&hellip;]<\/p>\n","protected":false},"author":1,"featured_media":11972,"comment_status":"open","ping_status":"open","sticky":false,"template":"","format":"standard","meta":{"_jetpack_newsletter_access":"","_jetpack_dont_email_post_to_subs":false,"_jetpack_newsletter_tier_id":0,"_jetpack_memberships_contains_paywalled_content":false,"_mbp_banners":[],"_jetpack_feature_clip_id":0,"_jetpack_memberships_contains_paid_content":false,"footnotes":"","jetpack_publicize_message":"","jetpack_publicize_feature_enabled":true,"jetpack_social_post_already_shared":true,"jetpack_social_options":{"image_generator_settings":{"template":"highway","default_image_id":0,"font":"","enabled":false},"version":2},"jetpack_post_was_ever_published":false},"categories":[23],"tags":[],"class_list":["post-11971","post","type-post","status-publish","format-standard","has-post-thumbnail","category-esportes"],"jetpack_publicize_connections":[],"jetpack-related-posts":[],"jetpack_shortlink":"https:\/\/wp.me\/p7Eq1F-375","jetpack_sharing_enabled":true,"jetpack_featured_media_url":"https:\/\/i0.wp.com\/guialimeira.com.br\/news\/wp-content\/uploads\/2024\/08\/25a90543-f628-482d-a766-d8f90c77e8a4.jpeg?fit=1600%2C800&ssl=1","_links":{"self":[{"href":"https:\/\/guialimeira.com.br\/news\/wp-json\/wp\/v2\/posts\/11971","targetHints":{"allow":["GET"]}}],"collection":[{"href":"https:\/\/guialimeira.com.br\/news\/wp-json\/wp\/v2\/posts"}],"about":[{"href":"https:\/\/guialimeira.com.br\/news\/wp-json\/wp\/v2\/types\/post"}],"author":[{"embeddable":true,"href":"https:\/\/guialimeira.com.br\/news\/wp-json\/wp\/v2\/users\/1"}],"replies":[{"embeddable":true,"href":"https:\/\/guialimeira.com.br\/news\/wp-json\/wp\/v2\/comments?post=11971"}],"version-history":[{"count":0,"href":"https:\/\/guialimeira.com.br\/news\/wp-json\/wp\/v2\/posts\/11971\/revisions"}],"wp:featuredmedia":[{"embeddable":true,"href":"https:\/\/guialimeira.com.br\/news\/wp-json\/wp\/v2\/media\/11972"}],"wp:attachment":[{"href":"https:\/\/guialimeira.com.br\/news\/wp-json\/wp\/v2\/media?parent=11971"}],"wp:term":[{"taxonomy":"category","embeddable":true,"href":"https:\/\/guialimeira.com.br\/news\/wp-json\/wp\/v2\/categories?post=11971"},{"taxonomy":"post_tag","embeddable":true,"href":"https:\/\/guialimeira.com.br\/news\/wp-json\/wp\/v2\/tags?post=11971"}],"curies":[{"name":"wp","href":"https:\/\/api.w.org\/{rel}","templated":true}]}}