{"id":11961,"date":"2024-08-08T18:53:56","date_gmt":"2024-08-08T21:53:56","guid":{"rendered":"https:\/\/guialimeira.com.br\/2024\/08\/08\/duda-e-ana-patricia-garantem-medalha-para-o-brasil-no-volei-de-praia\/"},"modified":"2024-08-08T18:53:56","modified_gmt":"2024-08-08T21:53:56","slug":"duda-e-ana-patricia-garantem-medalha-para-o-brasil-no-volei-de-praia","status":"publish","type":"post","link":"https:\/\/guialimeira.com.br\/news\/duda-e-ana-patricia-garantem-medalha-para-o-brasil-no-volei-de-praia\/","title":{"rendered":"Duda e Ana Patr\u00edcia garantem medalha para o Brasil no v\u00f4lei de praia"},"content":{"rendered":"<p> <br \/>\n<\/p>\n<div>\n<p>O Brasil garantiu mais uma medalha nos Jogos Ol\u00edmpicos de Paris (Fran\u00e7a). Ela ser\u00e1 alcan\u00e7ada por Duda e Ana Patr\u00edcia na disputa do v\u00f4lei de praia feminino. Mas ainda falta definir se a conquista ser\u00e1 de prata ou ouro. Para chegaram \u00e0 final na modalidade, as brasileiras derrotaram as australianas Mariafe Artacho e Taliqua Clancy por 2 sets a 1 (parciais de 22-20, 21-15 e 15-12) nesta quinta-feira (8).<img data-recalc-dims=\"1\" decoding=\"async\" src=\"https:\/\/i0.wp.com\/agenciabrasil.ebc.com.br\/ebc.png?w=696&#038;ssl=1\" style=\"width:1px; height:1px; display:inline;\"\/><img data-recalc-dims=\"1\" decoding=\"async\" src=\"https:\/\/i0.wp.com\/agenciabrasil.ebc.com.br\/ebc.gif?w=696&#038;ssl=1\" style=\"width:1px; height:1px; display:inline;\"\/><\/p>\n<blockquote class=\"twitter-tweet\">\n<p dir=\"ltr\" lang=\"pt\" xml:lang=\"pt\">BRASIL T\u00c1 NA FINALLLLLLLLLLLL!!!!<\/p>\n<p>VAMOOOOOOOOOS!<\/p>\n<p>DEPOIS DE UM SET EMPATADO AT\u00c9 O FINAL, ANA PATR\u00cdCIA E DUDA VENCEM POR 15-12 E EST\u00c3O NA FINAL OL\u00cdMPICA!<\/p>\n<p>O V\u00d4LEI DE PRAIA BRASILEIRO EST\u00c1 NA FINAL EM PARIS!<\/p>\n<p>\u00c9 BRASIL, CARAMBOLITAAAAAAAAAS!<a href=\"https:\/\/twitter.com\/hashtag\/JogosOl%C3%ADmpicos?src=hash&amp;ref_src=twsrc%5Etfw\" rel=\"noopener\">#JogosOl\u00edmpicos<\/a> <a href=\"https:\/\/twitter.com\/hashtag\/TimeBrasil?src=hash&amp;ref_src=twsrc%5Etfw\" rel=\"noopener\">#TimeBrasil<\/a> <a href=\"https:\/\/twitter.com\/hashtag\/Paris2024?src=hash&amp;ref_src=twsrc%5Etfw\" rel=\"noopener\">#Paris2024<\/a> <a href=\"https:\/\/t.co\/XbVmoZcWcL\">pic.twitter.com\/XbVmoZcWcL<\/a><\/p>\n<p>\u2014 Time Brasil (@timebrasil) <a href=\"https:\/\/twitter.com\/timebrasil\/status\/1821637877081452730?ref_src=twsrc%5Etfw\" rel=\"noopener\">August 8, 2024<\/a><\/p><\/blockquote>\n<p>Na final as atuais l\u00edderes do ranking mundial da modalidade medir\u00e3o for\u00e7as com as canadenses Melissa Humana-Paredes e Brandie Wilkerson, a partir das 17h30 (hor\u00e1rio de Bras\u00edlia) da pr\u00f3xima sexta-feira (9).<\/p>\n<p>Duda e Ana Patr\u00edcia realizam uma \u00f3tima campanha nos Jogos de Paris, com cinco vit\u00f3rias por 2 sets a 0 nas partidas at\u00e9 as semifinais.<\/p>\n<blockquote class=\"twitter-tweet\">\n<p dir=\"ltr\" lang=\"pt\" xml:lang=\"pt\">O SONHO DA FINAL OL\u00cdMPICA \u00c9 REAL!<\/p>\n<p>VAMOS, BRASIL! <a href=\"https:\/\/twitter.com\/hashtag\/JogosOl%C3%ADmpicos?src=hash&amp;ref_src=twsrc%5Etfw\" rel=\"noopener\">#JogosOl\u00edmpicos<\/a> <a href=\"https:\/\/twitter.com\/hashtag\/Paris2024?src=hash&amp;ref_src=twsrc%5Etfw\" rel=\"noopener\">#Paris2024<\/a> <a href=\"https:\/\/t.co\/sfLGt1K7NH\">pic.twitter.com\/sfLGt1K7NH<\/a><\/p>\n<p>\u2014 Time Brasil (@timebrasil) <a href=\"https:\/\/twitter.com\/timebrasil\/status\/1821643027330564301?ref_src=twsrc%5Etfw\" rel=\"noopener\">August 8, 2024<\/a><\/p><\/blockquote><\/div>\n<p><script async src=\"\/\/platform.twitter.com\/widgets.js\" charset=\"utf-8\"><\/script><br \/>\n<br \/><br \/>\n<br \/><a href=\"https:\/\/agenciabrasil.ebc.com.br\/esportes\/noticia\/2024-08\/duda-e-ana-patricia-garantem-medalha-para-o-brasil-no-volei-de-praia\" rel=\"noopener\">Ag\u00eancia Brasil<\/a><\/p>\n","protected":false},"excerpt":{"rendered":"<p>O Brasil garantiu mais uma medalha nos Jogos Ol\u00edmpicos de Paris (Fran\u00e7a). Ela ser\u00e1 alcan\u00e7ada por Duda e Ana Patr\u00edcia na disputa do v\u00f4lei de praia feminino. Mas ainda falta definir se a conquista ser\u00e1 de prata ou ouro. Para chegaram \u00e0 final na modalidade, as brasileiras derrotaram as australianas Mariafe Artacho e Taliqua Clancy [&hellip;]<\/p>\n","protected":false},"author":1,"featured_media":11962,"comment_status":"open","ping_status":"open","sticky":false,"template":"","format":"standard","meta":{"_jetpack_newsletter_access":"","_jetpack_dont_email_post_to_subs":false,"_jetpack_newsletter_tier_id":0,"_jetpack_memberships_contains_paywalled_content":false,"_mbp_banners":[],"_jetpack_feature_clip_id":0,"_jetpack_memberships_contains_paid_content":false,"footnotes":"","jetpack_publicize_message":"","jetpack_publicize_feature_enabled":true,"jetpack_social_post_already_shared":true,"jetpack_social_options":{"image_generator_settings":{"template":"highway","default_image_id":0,"font":"","enabled":false},"version":2},"jetpack_post_was_ever_published":false},"categories":[23],"tags":[],"class_list":["post-11961","post","type-post","status-publish","format-standard","has-post-thumbnail","category-esportes"],"jetpack_publicize_connections":[],"jetpack-related-posts":[],"jetpack_shortlink":"https:\/\/wp.me\/p7Eq1F-36V","jetpack_sharing_enabled":true,"jetpack_featured_media_url":"https:\/\/i0.wp.com\/guialimeira.com.br\/news\/wp-content\/uploads\/2024\/08\/2024-08-08t201529z_388624274_up1ek881k9qja_rtrmadp_3_olympics-2024-beachvolleyball.jpg?fit=1600%2C800&ssl=1","_links":{"self":[{"href":"https:\/\/guialimeira.com.br\/news\/wp-json\/wp\/v2\/posts\/11961","targetHints":{"allow":["GET"]}}],"collection":[{"href":"https:\/\/guialimeira.com.br\/news\/wp-json\/wp\/v2\/posts"}],"about":[{"href":"https:\/\/guialimeira.com.br\/news\/wp-json\/wp\/v2\/types\/post"}],"author":[{"embeddable":true,"href":"https:\/\/guialimeira.com.br\/news\/wp-json\/wp\/v2\/users\/1"}],"replies":[{"embeddable":true,"href":"https:\/\/guialimeira.com.br\/news\/wp-json\/wp\/v2\/comments?post=11961"}],"version-history":[{"count":0,"href":"https:\/\/guialimeira.com.br\/news\/wp-json\/wp\/v2\/posts\/11961\/revisions"}],"wp:featuredmedia":[{"embeddable":true,"href":"https:\/\/guialimeira.com.br\/news\/wp-json\/wp\/v2\/media\/11962"}],"wp:attachment":[{"href":"https:\/\/guialimeira.com.br\/news\/wp-json\/wp\/v2\/media?parent=11961"}],"wp:term":[{"taxonomy":"category","embeddable":true,"href":"https:\/\/guialimeira.com.br\/news\/wp-json\/wp\/v2\/categories?post=11961"},{"taxonomy":"post_tag","embeddable":true,"href":"https:\/\/guialimeira.com.br\/news\/wp-json\/wp\/v2\/tags?post=11961"}],"curies":[{"name":"wp","href":"https:\/\/api.w.org\/{rel}","templated":true}]}}